{"id":350071,"date":"2025-03-14T09:08:58","date_gmt":"2025-03-14T12:08:58","guid":{"rendered":"https:\/\/www.notibras.com\/site\/?p=350071"},"modified":"2025-03-14T09:08:58","modified_gmt":"2025-03-14T12:08:58","slug":"contra-mais-atritos-melhor-deixar-magoas-enterradas-no-campo-da-esperanca","status":"publish","type":"post","link":"https:\/\/www.notibras.com\/site\/contra-mais-atritos-melhor-deixar-magoas-enterradas-no-campo-da-esperanca\/","title":{"rendered":"Contra mais atritos, melhor deixar m\u00e1goas enterradas no Campo da Esperan\u00e7a"},"content":{"rendered":"<p>Naquele tempo, naquele lugar, cercanias do que anos ap\u00f3s viria a se tornar a nova capital do pa\u00eds, filhos homens iam para lavoura com o pai. Filhas, assim que aprendiam a lavar lou\u00e7a, eram enviadas para casa de fam\u00edlia, onde come\u00e7avam a trabalhar. Foi assim com a pequena Iracema, pouco depois de completar sete anos.<\/p>\n<p>De t\u00e3o mirrada, a patroa tratou de arrumar um banquinho para que a menina alcan\u00e7asse o fog\u00e3o. Iracema precisou se acostumar com o fogo t\u00e3o perto dos seus bra\u00e7os finos, bem como suportar a quentura da \u00e1gua do feij\u00e3o avermelhando seu rosto infantil. \u00d3leo quente, ent\u00e3o, respingava e a garotinha aprendeu a lidar com tamanha dor.<\/p>\n<p>Problema maior era enfrentar as noites solit\u00e1rias no quartinho dos fundos, quando as luzes eram apagadas e o choro chegava silencioso para n\u00e3o atrapalhar o sono dos donos da casa. Sentia falta dos pais e dos irm\u00e3os, e imaginava que um dia sua m\u00e3e iria busc\u00e1-la, mas o tempo passou e carregou todas as esperan\u00e7as.<\/p>\n<p>Iraci, a ca\u00e7ula, por sorte, quando chegou a idade de ganhar o destino de Iracema, a fam\u00edlia se mudou para o Distrito Federal, cujas constru\u00e7\u00f5es necessitavam de bra\u00e7os fortes e m\u00e3os dispostas a preparar a boia para tantos candangos. Enquanto os irm\u00e3os viraram ajudantes de pedreiro, o pai e a m\u00e3e trataram de construir um barraco com alguns c\u00f4modos, sendo o principal um v\u00e3o com mesas e cadeiras, onde eram servidas refei\u00e7\u00f5es aos trabalhadores das empreiteiras. N\u00e3o ficaram ricos, mas a vida melhorou.<\/p>\n<p>Sem tempo e coragem para resgatar Iracema, os pais deixaram os anos passarem, at\u00e9 que, quando a filha, j\u00e1 mulher formada, decidiu aparecer. Ficou por um outono e um inverno, at\u00e9 que percebeu que seu caminho era solit\u00e1rio. Saiu sem se despedir, apesar de, vez ou outra, mandar not\u00edcias.<\/p>\n<p>Iracema n\u00e3o casou nem teve filhos e hoje, j\u00e1 velha, divide sua solid\u00e3o com duas gatas, ambas castradas. Raras s\u00e3o as visitas, inclusive dos irm\u00e3os, que se dispersaram pelo mundo. Iraci telefona duas vezes por ano, sendo uma no anivers\u00e1rio da irm\u00e3 e outra no Natal. Trocam poucas palavras, at\u00e9 que o constrangimento se instala. H\u00e1 coisas que \u00e9 melhor deixar enterradas, como os pais, que repousam no cemit\u00e9rio Campo da Esperan\u00e7a.<\/p>\n<p>&#8230;&#8230;&#8230;&#8230;&#8230;&#8230;&#8230;&#8230;<\/p>\n<p><strong>Eduardo Mart\u00ednez \u00e9 autor do livro 57 Contos e Cr\u00f4nicas por um Autor Muito Velho\u2019<\/strong><\/p>\n<p>Compre aqui\u00a0<span class=\"x19la9d6 x1fc57z9 x6ikm8r x10wlt62 x19co3pv x1g5zs5t xfibh0p xiy17q3 x1xsqp64 x1lkfr7t xexx8yu x4uap5 x18d9i69 xkhd6sd\"><span class=\"xrtxmta x1bhl96m\"><img decoding=\"async\" class=\"emoji\" role=\"img\" draggable=\"false\" src=\"https:\/\/s.w.org\/images\/core\/emoji\/15.0.3\/svg\/1f447-1f3ff.svg\" alt=\"&#x1f447;&#x1f3ff;\" \/><\/span><\/span><\/p>\n<p><a href=\"https:\/\/www.joanineditora.com.br\/57-contos-e-cronicas-por-um-autor-muito-velho\">https:\/\/www.joanineditora.com.br\/57-contos-e-cronicas-por-um-autor-muito-velho<\/a><\/p>\n","protected":false},"excerpt":{"rendered":"<p>Naquele tempo, naquele lugar, cercanias do que anos ap\u00f3s viria a se tornar a nova capital do pa\u00eds, filhos homens iam para lavoura com o pai. Filhas, assim que aprendiam a lavar lou\u00e7a, eram enviadas para casa de fam\u00edlia, onde come\u00e7avam a trabalhar. Foi assim com a pequena Iracema, pouco depois de completar sete anos. [&hellip;]<\/p>\n","protected":false},"author":2,"featured_media":350073,"comment_status":"closed","ping_status":"closed","sticky":false,"template":"","format":"standard","meta":{"_acf_changed":false,"footnotes":""},"categories":[161],"tags":[],"class_list":["post-350071","post","type-post","status-publish","format-standard","has-post-thumbnail","hentry","category-quadradinho-em-foco"],"acf":[],"_links":{"self":[{"href":"https:\/\/www.notibras.com\/site\/wp-json\/wp\/v2\/posts\/350071","targetHints":{"allow":["GET"]}}],"collection":[{"href":"https:\/\/www.notibras.com\/site\/wp-json\/wp\/v2\/posts"}],"about":[{"href":"https:\/\/www.notibras.com\/site\/wp-json\/wp\/v2\/types\/post"}],"author":[{"embeddable":true,"href":"https:\/\/www.notibras.com\/site\/wp-json\/wp\/v2\/users\/2"}],"replies":[{"embeddable":true,"href":"https:\/\/www.notibras.com\/site\/wp-json\/wp\/v2\/comments?post=350071"}],"version-history":[{"count":1,"href":"https:\/\/www.notibras.com\/site\/wp-json\/wp\/v2\/posts\/350071\/revisions"}],"predecessor-version":[{"id":350074,"href":"https:\/\/www.notibras.com\/site\/wp-json\/wp\/v2\/posts\/350071\/revisions\/350074"}],"wp:featuredmedia":[{"embeddable":true,"href":"https:\/\/www.notibras.com\/site\/wp-json\/wp\/v2\/media\/350073"}],"wp:attachment":[{"href":"https:\/\/www.notibras.com\/site\/wp-json\/wp\/v2\/media?parent=350071"}],"wp:term":[{"taxonomy":"category","embeddable":true,"href":"https:\/\/www.notibras.com\/site\/wp-json\/wp\/v2\/categories?post=350071"},{"taxonomy":"post_tag","embeddable":true,"href":"https:\/\/www.notibras.com\/site\/wp-json\/wp\/v2\/tags?post=350071"}],"curies":[{"name":"wp","href":"https:\/\/api.w.org\/{rel}","templated":true}]}}