{"id":350084,"date":"2025-03-14T16:15:24","date_gmt":"2025-03-14T19:15:24","guid":{"rendered":"https:\/\/www.notibras.com\/site\/?p=350084"},"modified":"2025-03-14T16:15:24","modified_gmt":"2025-03-14T19:15:24","slug":"psd-monta-tabuleiro-para-fazer-movimento-politico-certo-no-proximo-ano","status":"publish","type":"post","link":"https:\/\/www.notibras.com\/site\/psd-monta-tabuleiro-para-fazer-movimento-politico-certo-no-proximo-ano\/","title":{"rendered":"PSD monta tabuleiro para fazer movimento pol\u00edtico certo no pr\u00f3ximo ano"},"content":{"rendered":"<p>As lideran\u00e7as do PSD Afro-DF reuniram integrantes do Partido Social Democr\u00e1tico de todo Pa\u00eds para o primeiro Encontro de Prefeitos, Vice-Prefeitos e Vereadores Afrodescendentes do PSD (ENPAV). O objetivo foi apresentar o modelo de governan\u00e7a parlamentar do PSD, fortalecer a identidade do PSD junto \u00e0s comunidades afro e engajar o setor p\u00fablico e acad\u00eamico. O evento aconteceu de forma online e contou com a participa\u00e7\u00e3o de mais de 2,7 mil pessoas. Na bancada de onde o evento foi transmitido ao vivo estiveram presentes o presidente do PSD Afro DF, Ronaldo Silva, o presidente do PSD-DF, Paulo Oct\u00e1vio, e o deputado federal Josivaldo JP (PSD-MA).<\/p>\n<p>A trajet\u00f3ria dos afrodescendentes no Brasil \u00e9 marcada por movimentos hist\u00f3ricos como a Frente Negra Brasileira de 1931 e o Movimento Negro Unificado de 1978, essenciais para a luta por direitos e a pol\u00edtica tem sido um dos caminhos mais eficazes para garantir mudan\u00e7as estruturais. Atualmente, o PSD conta com 286 prefeitos, 251 vice-prefeitos e 3.033 vereadores pretos e pardos, totalizando 3.552 parlamentares eleitos pelo partido.<\/p>\n<p>O presidente do PSD Afro-DF, Ronaldo Silva, abriu o evento ressaltando a representatividade pol\u00edtica de pretos e pardos no Pa\u00eds. \u201cHoje, estamos cercados nesta mesa de empres\u00e1rios, de profissionais liberais, todos que est\u00e3o galgando cada vez mais espa\u00e7os, n\u00e3o apenas no cen\u00e1rio nacional, mas tamb\u00e9m no internacional e representando muito bem o Brasil em v\u00e1rios outros pa\u00edses\u201d, disse Ronaldo.<\/p>\n<p>Al\u00e9m da representatividade pol\u00edtica, reafirmamos nossa dedica\u00e7\u00e3o ao fortalecimento do empreendedorismo e da escolariza\u00e7\u00e3o como pilares essenciais para a constru\u00e7\u00e3o de um futuro mais justo e igualit\u00e1rio. Investir na qualifica\u00e7\u00e3o profissional e na autonomia econ\u00f4mica de pretos e pardos \u00e9 fundamental para garantir oportunidades reais de crescimento e desenvolvimento. Nossa miss\u00e3o \u00e9 consolidar a inclus\u00e3o e a equidade\u201d, ressaltou.<\/p>\n<p>O presidente do PSD-DF, Paulo Oct\u00e1vio, explicou a import\u00e2ncia da iniciativa de criar em Bras\u00edlia um diret\u00f3rio com o olhar voltado para os afrodescendentes. \u201cTenho certeza de que, a partir de hoje, outros estados abrir\u00e3o seus diret\u00f3rios afro. Quando Ronaldo me abordou durante um debate na \u00faltima campanha eleitoral, falando sobre a possibilidade de criar o PSD Afro, acatei a ideia imediatamente e o PSD Afro-DF foi fundado naquele instante. Esse movimento iniciado em Bras\u00edlia vai longe e estamos fazendo hist\u00f3ria mais uma vez, realizando a primeira reuni\u00e3o do PSD Afro no Brasil\u201d, destacou.<\/p>\n<p>O deputado federal Josivaldo JP (PSD-MA) participou da live externando sua alegria em poder participar desse momento na hist\u00f3ria, que ressalta a representatividade de prefeitos, vereadores afrodescendentes na democracia. \u201cQuero parabenizar Ronaldo por este trabalho que est\u00e1 fazendo \u00e0 frente desse grande projeto que \u00e9 o PSD Afro. A gente sabe da import\u00e2ncia do que est\u00e1 acontecendo aqui. E s\u00f3 n\u00f3s sabemos o que a gente passou para chegar nesse momento que n\u00f3s estamos\u201d, constatou o deputado.<\/p>\n<p>O secret\u00e1rio-adjunto de Assist\u00eancia \u00e0 Sa\u00fade do DF, Lucimir Henrique Pessoa Maia, participou da live levantando quest\u00f5es ligadas \u00e0 sa\u00fade p\u00fablica. \u201cOs desafios s\u00e3o di\u00e1rios e eu sei disso por ser da sa\u00fade. Desde a quest\u00e3o de acesso aos servi\u00e7os de sa\u00fade, porque a maior dificuldade de acesso \u00e9 da popula\u00e7\u00e3o de pretos e pardos, at\u00e9 quest\u00f5es ligadas as mulheres, como o acesso ao pr\u00e9-natal e a mortalidade materna\u201d, disse Lucimir.<\/p>\n","protected":false},"excerpt":{"rendered":"<p>As lideran\u00e7as do PSD Afro-DF reuniram integrantes do Partido Social Democr\u00e1tico de todo Pa\u00eds para o primeiro Encontro de Prefeitos, Vice-Prefeitos e Vereadores Afrodescendentes do PSD (ENPAV). O objetivo foi apresentar o modelo de governan\u00e7a parlamentar do PSD, fortalecer a identidade do PSD junto \u00e0s comunidades afro e engajar o setor p\u00fablico e acad\u00eamico. O [&hellip;]<\/p>\n","protected":false},"author":2,"featured_media":350085,"comment_status":"closed","ping_status":"closed","sticky":false,"template":"","format":"standard","meta":{"_acf_changed":false,"footnotes":""},"categories":[161],"tags":[],"class_list":["post-350084","post","type-post","status-publish","format-standard","has-post-thumbnail","hentry","category-quadradinho-em-foco"],"acf":[],"_links":{"self":[{"href":"https:\/\/www.notibras.com\/site\/wp-json\/wp\/v2\/posts\/350084","targetHints":{"allow":["GET"]}}],"collection":[{"href":"https:\/\/www.notibras.com\/site\/wp-json\/wp\/v2\/posts"}],"about":[{"href":"https:\/\/www.notibras.com\/site\/wp-json\/wp\/v2\/types\/post"}],"author":[{"embeddable":true,"href":"https:\/\/www.notibras.com\/site\/wp-json\/wp\/v2\/users\/2"}],"replies":[{"embeddable":true,"href":"https:\/\/www.notibras.com\/site\/wp-json\/wp\/v2\/comments?post=350084"}],"version-history":[{"count":1,"href":"https:\/\/www.notibras.com\/site\/wp-json\/wp\/v2\/posts\/350084\/revisions"}],"predecessor-version":[{"id":350086,"href":"https:\/\/www.notibras.com\/site\/wp-json\/wp\/v2\/posts\/350084\/revisions\/350086"}],"wp:featuredmedia":[{"embeddable":true,"href":"https:\/\/www.notibras.com\/site\/wp-json\/wp\/v2\/media\/350085"}],"wp:attachment":[{"href":"https:\/\/www.notibras.com\/site\/wp-json\/wp\/v2\/media?parent=350084"}],"wp:term":[{"taxonomy":"category","embeddable":true,"href":"https:\/\/www.notibras.com\/site\/wp-json\/wp\/v2\/categories?post=350084"},{"taxonomy":"post_tag","embeddable":true,"href":"https:\/\/www.notibras.com\/site\/wp-json\/wp\/v2\/tags?post=350084"}],"curies":[{"name":"wp","href":"https:\/\/api.w.org\/{rel}","templated":true}]}}