{"id":350093,"date":"2025-03-15T00:07:54","date_gmt":"2025-03-15T03:07:54","guid":{"rendered":"https:\/\/www.notibras.com\/site\/?p=350093"},"modified":"2025-03-15T05:02:39","modified_gmt":"2025-03-15T08:02:39","slug":"turistas-e-moradores-ficam-sem-saida-em-noronha","status":"publish","type":"post","link":"https:\/\/www.notibras.com\/site\/turistas-e-moradores-ficam-sem-saida-em-noronha\/","title":{"rendered":"Turistas e moradores ficam sem sa\u00edda em Noronha"},"content":{"rendered":"<p>Turistas e moradores de Fernando de Noronha t\u00eam enfrentado problemas para deixar a ilha depois que a Ag\u00eancia Nacional de Avia\u00e7\u00e3o Civil (Anac) suspendeu os voos da companhia Voepass. Apenas a Azul est\u00e1 operando regularmente voos no local, o que limita as op\u00e7\u00f5es dos passageiros.<\/p>\n<p>Desde ter\u00e7a-feira (11), a Latam recebeu autoriza\u00e7\u00e3o tempor\u00e1ria da Anac para opera\u00e7\u00f5es em Noronha. Segundo a empresa, est\u00e3o programadas at\u00e9 segunda-feira (17) opera\u00e7\u00f5es emergenciais na rota Recife-Fernando de Noronha com aeronaves Airbus A319 e A320, que decolam de Recife \u00e0s 6h35 (hora local) e de Noronha \u00e0s 10h (hora local).<\/p>\n<p>A jornalista Carolina Valadares, moradora de Bras\u00edlia, \u00e9 uma das impactadas pela situa\u00e7\u00e3o na ilha. Ela viajou sozinha para passar uma semana no local e, no segundo dia de f\u00e9rias, foi surpreendida com um e-mail que informava sobre o cancelamento do voo de volta, marcado para o dia 18.<\/p>\n<p>Al\u00e9m de ter que lidar com um aborrecimento em momento de descanso, o medo agora \u00e9 de ficar presa em Fernando de Noronha. O bilhete foi comprado no site da Latam, que tamb\u00e9m comercializava passagens em voos da Voepass.<\/p>\n<p>\u201cA Latam disse que pode devolver o dinheiro, mas n\u00e3o deu solu\u00e7\u00e3o para sair da ilha. Eu tenho que trabalhar, cuidar dos meus pais, que t\u00eam 90 anos. Meu pai tem Parkinson e dem\u00eancia, n\u00e3o d\u00e1 para ficar aqui. E a Latam diz que a culpa \u00e9 da Anac e da Voepass\u201d, conta Carolina.<\/p>\n<p>\u201cDizem no site que podem remarcar a passagem, mas eu n\u00e3o consegui. N\u00e3o quiseram me colocar em um voo da Azul. Disseram que n\u00e3o tinha mais voos. Devolver dinheiro n\u00e3o \u00e9 solu\u00e7\u00e3o. N\u00e3o posso ficar aqui em um lugar que n\u00e3o tem translado. N\u00e3o tem barco, nem outra op\u00e7\u00e3o\u201d, complementa.<\/p>\n<p>No site da Latam, um comunicado diz que, nas rotas em que houver opera\u00e7\u00e3o com voos da empresa, os passageiros ser\u00e3o acomodados nestes voos e, nos demais casos, em voos de outras companhias. A outra op\u00e7\u00e3o \u00e9 o \u201creembolso integral da passagem a\u00e9rea sem multa\u201d, acrescenta o comunicado.<\/p>\n<p>A reportagem da Ag\u00eancia Brasil procurou a Anac para falar sobre a situa\u00e7\u00e3o. Em nota, a ag\u00eancia reguladora informou que, a partir do m\u00eas de abril, o Aeroporto de Fernando de Noronha retomar\u00e1 opera\u00e7\u00f5es comerciais com aeronaves a jato, o que poder\u00e1 normalizar o atendimento da demanda de passageiros na localidade.<\/p>\n<p>A Azul n\u00e3o respondeu se h\u00e1 previs\u00e3o de aumento do n\u00famero de voos ou de outras medidas que deem conta da nova demanda.<\/p>\n<p>J\u00e1 a Voepass informou que continua com todos &#8220;os esfor\u00e7os direcionados \u00e0s tratativas referentes \u00e0 suspens\u00e3o de sua opera\u00e7\u00e3o pela Anac, construindo um plano de a\u00e7\u00e3o junto com a ag\u00eancia reguladora para sanar as n\u00e3o conformidades\u201d.<\/p>\n<p>\u201cTodos os passageiros impactados est\u00e3o sendo atendidos nos termos da Resolu\u00e7\u00e3o 400 da Anac \u2013 que disp\u00f5e sobre as Condi\u00e7\u00f5es Gerais de Transporte aplic\u00e1veis aos atrasos e cancelamentos de voos\u201d, afirmou a Voepass.<\/p>\n","protected":false},"excerpt":{"rendered":"<p>Turistas e moradores de Fernando de Noronha t\u00eam enfrentado problemas para deixar a ilha depois que a Ag\u00eancia Nacional de Avia\u00e7\u00e3o Civil (Anac) suspendeu os voos da companhia Voepass. Apenas a Azul est\u00e1 operando regularmente voos no local, o que limita as op\u00e7\u00f5es dos passageiros. Desde ter\u00e7a-feira (11), a Latam recebeu autoriza\u00e7\u00e3o tempor\u00e1ria da Anac [&hellip;]<\/p>\n","protected":false},"author":2,"featured_media":350094,"comment_status":"closed","ping_status":"closed","sticky":false,"template":"","format":"standard","meta":{"_acf_changed":false,"footnotes":""},"categories":[165],"tags":[],"class_list":["post-350093","post","type-post","status-publish","format-standard","has-post-thumbnail","hentry","category-nordeste"],"acf":[],"_links":{"self":[{"href":"https:\/\/www.notibras.com\/site\/wp-json\/wp\/v2\/posts\/350093","targetHints":{"allow":["GET"]}}],"collection":[{"href":"https:\/\/www.notibras.com\/site\/wp-json\/wp\/v2\/posts"}],"about":[{"href":"https:\/\/www.notibras.com\/site\/wp-json\/wp\/v2\/types\/post"}],"author":[{"embeddable":true,"href":"https:\/\/www.notibras.com\/site\/wp-json\/wp\/v2\/users\/2"}],"replies":[{"embeddable":true,"href":"https:\/\/www.notibras.com\/site\/wp-json\/wp\/v2\/comments?post=350093"}],"version-history":[{"count":3,"href":"https:\/\/www.notibras.com\/site\/wp-json\/wp\/v2\/posts\/350093\/revisions"}],"predecessor-version":[{"id":350097,"href":"https:\/\/www.notibras.com\/site\/wp-json\/wp\/v2\/posts\/350093\/revisions\/350097"}],"wp:featuredmedia":[{"embeddable":true,"href":"https:\/\/www.notibras.com\/site\/wp-json\/wp\/v2\/media\/350094"}],"wp:attachment":[{"href":"https:\/\/www.notibras.com\/site\/wp-json\/wp\/v2\/media?parent=350093"}],"wp:term":[{"taxonomy":"category","embeddable":true,"href":"https:\/\/www.notibras.com\/site\/wp-json\/wp\/v2\/categories?post=350093"},{"taxonomy":"post_tag","embeddable":true,"href":"https:\/\/www.notibras.com\/site\/wp-json\/wp\/v2\/tags?post=350093"}],"curies":[{"name":"wp","href":"https:\/\/api.w.org\/{rel}","templated":true}]}}