{"id":350116,"date":"2025-03-15T00:00:24","date_gmt":"2025-03-15T03:00:24","guid":{"rendered":"https:\/\/www.notibras.com\/site\/?p=350116"},"modified":"2025-03-15T13:32:43","modified_gmt":"2025-03-15T16:32:43","slug":"abertas-inscricoes-para-o-premio-educador-nota-10","status":"publish","type":"post","link":"https:\/\/www.notibras.com\/site\/abertas-inscricoes-para-o-premio-educador-nota-10\/","title":{"rendered":"Abertas inscri\u00e7\u00f5es para o Pr\u00eamio Educador Nota 10"},"content":{"rendered":"<p>Est\u00e3o abertas as inscri\u00e7\u00f5es para o Pr\u00eamio Educador Nota 10, voltado a professores, orientadores, coordenadores e diretores de escolas p\u00fablicas e privadas. Podem participar profissionais de todas as etapas de ensino e de todo o pa\u00eds que contribuem para a transforma\u00e7\u00e3o social. Os premiados receber\u00e3o de R$ 15 mil a R$ 25 mil.<\/p>\n<p>As inscri\u00e7\u00f5es s\u00e3o gratuitas e podem ser feitas no site da premia\u00e7\u00e3o at\u00e9 o dia 30 de maio. Ao todo, ser\u00e3o premiadas nove iniciativas desenvolvidos ao longo de 2024, divididas em tr\u00eas eixos tem\u00e1ticos:<\/p>\n<p><strong>Direitos Humanos; <\/strong><br \/>\n<strong>Inova\u00e7\u00e3o;<\/strong><br \/>\n<strong>Tecnologia e Sustentabilidade.<\/strong><\/p>\n<p>Os primeiros, segundos e terceiros colocados em cada eixo tem\u00e1tico receber\u00e3o, respectivamente, o pr\u00eamio em dinheiro no valor de R$ 25 mil, R$ 20 mil e R$ 15 mil. Os vencedores tamb\u00e9m ser\u00e3o contemplados com bolsas integrais de p\u00f3s-gradua\u00e7\u00e3o e acesso \u00e0 PROFS, plataforma online de forma\u00e7\u00e3o continuada para educadores, desenvolvida pela SOMOS Educa\u00e7\u00e3o.<\/p>\n<p>Os tr\u00eas projetos indicados ao primeiro lugar de cada eixo tem\u00e1tico concorrer\u00e3o ao pr\u00eamio Educador do Ano. O grande vencedor receber\u00e1 uma doa\u00e7\u00e3o, no valor de R$ 25 mil, que ser\u00e1 destinada \u00e0 escola em que o projeto foi realizado.<\/p>\n<p>Os vencedores de cada eixo ser\u00e3o anunciados em outubro, durante a cerim\u00f4nia de premia\u00e7\u00e3o realizada em S\u00e3o Paulo.<\/p>\n<p>Realizado pelo Instituto SOMOS, o Pr\u00eamio Educador Nota 10 recebeu 86 mil projetos ao longo de sua exist\u00eancia e premiou 279 educadores de diversas regi\u00f5es brasileiras, com cerca de R$ 3,5 milh\u00f5es em pr\u00eamios.<\/p>\n","protected":false},"excerpt":{"rendered":"<p>Est\u00e3o abertas as inscri\u00e7\u00f5es para o Pr\u00eamio Educador Nota 10, voltado a professores, orientadores, coordenadores e diretores de escolas p\u00fablicas e privadas. Podem participar profissionais de todas as etapas de ensino e de todo o pa\u00eds que contribuem para a transforma\u00e7\u00e3o social. Os premiados receber\u00e3o de R$ 15 mil a R$ 25 mil. As inscri\u00e7\u00f5es [&hellip;]<\/p>\n","protected":false},"author":2,"featured_media":350117,"comment_status":"closed","ping_status":"closed","sticky":false,"template":"","format":"standard","meta":{"_acf_changed":false,"footnotes":""},"categories":[161],"tags":[],"class_list":["post-350116","post","type-post","status-publish","format-standard","has-post-thumbnail","hentry","category-quadradinho-em-foco"],"acf":[],"_links":{"self":[{"href":"https:\/\/www.notibras.com\/site\/wp-json\/wp\/v2\/posts\/350116","targetHints":{"allow":["GET"]}}],"collection":[{"href":"https:\/\/www.notibras.com\/site\/wp-json\/wp\/v2\/posts"}],"about":[{"href":"https:\/\/www.notibras.com\/site\/wp-json\/wp\/v2\/types\/post"}],"author":[{"embeddable":true,"href":"https:\/\/www.notibras.com\/site\/wp-json\/wp\/v2\/users\/2"}],"replies":[{"embeddable":true,"href":"https:\/\/www.notibras.com\/site\/wp-json\/wp\/v2\/comments?post=350116"}],"version-history":[{"count":1,"href":"https:\/\/www.notibras.com\/site\/wp-json\/wp\/v2\/posts\/350116\/revisions"}],"predecessor-version":[{"id":350118,"href":"https:\/\/www.notibras.com\/site\/wp-json\/wp\/v2\/posts\/350116\/revisions\/350118"}],"wp:featuredmedia":[{"embeddable":true,"href":"https:\/\/www.notibras.com\/site\/wp-json\/wp\/v2\/media\/350117"}],"wp:attachment":[{"href":"https:\/\/www.notibras.com\/site\/wp-json\/wp\/v2\/media?parent=350116"}],"wp:term":[{"taxonomy":"category","embeddable":true,"href":"https:\/\/www.notibras.com\/site\/wp-json\/wp\/v2\/categories?post=350116"},{"taxonomy":"post_tag","embeddable":true,"href":"https:\/\/www.notibras.com\/site\/wp-json\/wp\/v2\/tags?post=350116"}],"curies":[{"name":"wp","href":"https:\/\/api.w.org\/{rel}","templated":true}]}}