{"id":350218,"date":"2025-03-17T09:52:48","date_gmt":"2025-03-17T12:52:48","guid":{"rendered":"https:\/\/www.notibras.com\/site\/?p=350218"},"modified":"2025-03-17T09:52:48","modified_gmt":"2025-03-17T12:52:48","slug":"tia-zuleide-a-muquirana-paga-para-ir-a-farra-de-uma-forma-ou-de-outra","status":"publish","type":"post","link":"https:\/\/www.notibras.com\/site\/tia-zuleide-a-muquirana-paga-para-ir-a-farra-de-uma-forma-ou-de-outra\/","title":{"rendered":"Tia Zuleide, a muquirana, paga para ir \u00e0 farra de uma forma ou de outra"},"content":{"rendered":"<p>Fam\u00edlia grande, sabe como \u00e9, tem sempre um ch\u00e1 de beb\u00ea, festa de debutante, cas\u00f3rio daquele primo que nem conhecemos&#8230; O au\u00ea da vez era justamente a festa de 15 anos da ca\u00e7ula de um primo de mainha, que seria nesses lugares paradis\u00edacos na fotografia, mas que ficam t\u00e3o longe, que at\u00e9 o coitado do Judas perdeu as meias por l\u00e1, j\u00e1 que as botas ficaram logo ali para tr\u00e1s, caso voc\u00ea queira fazer uso de certo jarg\u00e3o mineiro.<\/p>\n<p>Do lado de c\u00e1 da fam\u00edlia, come\u00e7ou aquela farra e algu\u00e9m conseguiu uma Van, j\u00e1 que era muita gente, e o povo sempre bebe mais do que deve, e ningu\u00e9m quer dirigir nessas situa\u00e7\u00f5es. Pois \u00e9, a gente \u00e9 pobre, mas tem ju\u00edzo.<\/p>\n<p>O problema foi na hora de co\u00e7ar o bolso para pagar a condu\u00e7\u00e3o. Quer dizer, aos trancos, barrancos e choror\u00f4, todo mundo deu a sua parte, isto \u00e9, tia Zuleide, sempre ela, disse que j\u00e1 havia arrumado carona e, por isso, n\u00e3o entraria na vaquinha. Mentira, como ficou provado na hora do embarque, no s\u00e1bado bem cedo. A muquirana, ainda por cima, veio com aquela conversinha.<\/p>\n<p>\u2014 Minha gente, como j\u00e1 t\u00e1 pago, e t\u00f4 vendo que t\u00e1 sobrando lugar vazio, vou aproveitar a companhia de voc\u00eas at\u00e9 a festa.<\/p>\n<p>A parentada trocou olhares, mas ningu\u00e9m teve coragem de falar alguma coisa, ainda mais porque quem podia com tia Zuleide j\u00e1 partiu dessa para melhor. Seja como for, bastou o motorista dar partida para que o pagode rolasse solto at\u00e9 o s\u00edtio, onde a outra parte da fam\u00edlia j\u00e1 estava se divertindo.<\/p>\n<p>De t\u00e3o boa estava a festan\u00e7a, nem parecia confraterniza\u00e7\u00e3o da minha fam\u00edlia. N\u00e3o vi imbr\u00f3glios dignos de men\u00e7\u00e3o, a n\u00e3o ser os costumeiros porres de tio Alberto e vov\u00f3 Lucinha. Bom mesmo foi a sele\u00e7\u00e3o de sambas, apesar da insist\u00eancia de dois primos, que passaram uma temporada em Goi\u00e2nia, querer meter sertanejo. Foi a\u00ed que entrou a autoridade de tia Almerinda, que disse que nem sobre o seu cad\u00e1ver aceitaria tamanha desfeita.<\/p>\n<p>Salvo o bom gosto musical, o churrasco e a cerveja desceram que \u00e9 uma beleza. Todo mundo ficou satisfeito ou, como gosta de dizer mainha, triste diante de tanta fartura. Mas eis que, j\u00e1 no final do dia, precis\u00e1vamos retornar e, ent\u00e3o, todos meteram as m\u00e3os no bolso para pagar o motorista da Van por conta da volta. Quer dizer, tia Zuleide, sempre ela, disse que descolara uma carona com um primo metido a rico, que foi o \u00fanico a ir de carro pr\u00f3prio. Ningu\u00e9m acreditou, mas, dessa vez, era mesmo verdade.<\/p>\n<p>Tia Zuleide, no banco do carona, ainda acenou para todos n\u00f3s assim que o autom\u00f3vel partiu. De t\u00e3o b\u00eabados que est\u00e1vamos, n\u00e3o tivemos nem \u00e2nimo para mandar nossa parenta para aquele lugar. Mal entramos na Van, cada um foi buscar seu canto e, n\u00e3o tardou, era poss\u00edvel ouvir roncos em v\u00e1rios tons, alguns at\u00e9 desafinados.<\/p>\n<p>Nem me dei conta de quanto tempo passou at\u00e9 que a Van parou, o que despertou um ou outro parente. Logo a gritaria come\u00e7ou e, ent\u00e3o, percebi o motivo. Era o tal primo e tia Zuleide, que estavam no meio do caminho. O motivo? A gasolina havia acabado. Pra qu\u00ea? Foi aquela zoa\u00e7\u00e3o!<\/p>\n<p>Algu\u00e9m at\u00e9 pensou em dar suporte para a dupla, mas logo desistiu. Que se virassem, mesmo porque havia um posto de gasolina a uns dois quil\u00f4metros para tr\u00e1s. Sei que foi maldade, mas deu aquela sensa\u00e7\u00e3o gostosa de vingan\u00e7a ver tia Zuleide e o primo metido a besta caminhar em dire\u00e7\u00e3o ao posto para comprar gasolina.<\/p>\n<p>&#8230;&#8230;&#8230;&#8230;&#8230;&#8230;&#8230;&#8230;&#8230;&#8230;&#8230;.<\/p>\n<p><strong>Eduardo Mart\u00ednez \u00e9 autor do livro 57 Contos e Cr\u00f4nicas por um Autor Muito Velho\u2019<\/strong><\/p>\n<p>Compre aqui\u00a0<span class=\"x19la9d6 x1fc57z9 x6ikm8r x10wlt62 x19co3pv x1g5zs5t xfibh0p xiy17q3 x1xsqp64 x1lkfr7t xexx8yu x4uap5 x18d9i69 xkhd6sd\"><span class=\"xrtxmta x1bhl96m\"><img decoding=\"async\" class=\"emoji\" role=\"img\" draggable=\"false\" src=\"https:\/\/s.w.org\/images\/core\/emoji\/15.0.3\/svg\/1f447-1f3ff.svg\" alt=\"&#x1f447;&#x1f3ff;\" \/><\/span><\/span><\/p>\n<p><a href=\"https:\/\/www.joanineditora.com.br\/57-contos-e-cronicas-por-um-autor-muito-velho\">https:\/\/www.joanineditora.com.br\/57-contos-e-cronicas-por-um-autor-muito-velho<\/a><\/p>\n","protected":false},"excerpt":{"rendered":"<p>Fam\u00edlia grande, sabe como \u00e9, tem sempre um ch\u00e1 de beb\u00ea, festa de debutante, cas\u00f3rio daquele primo que nem conhecemos&#8230; O au\u00ea da vez era justamente a festa de 15 anos da ca\u00e7ula de um primo de mainha, que seria nesses lugares paradis\u00edacos na fotografia, mas que ficam t\u00e3o longe, que at\u00e9 o coitado do [&hellip;]<\/p>\n","protected":false},"author":2,"featured_media":350219,"comment_status":"closed","ping_status":"closed","sticky":false,"template":"","format":"standard","meta":{"_acf_changed":false,"footnotes":""},"categories":[161],"tags":[],"class_list":["post-350218","post","type-post","status-publish","format-standard","has-post-thumbnail","hentry","category-quadradinho-em-foco"],"acf":[],"_links":{"self":[{"href":"https:\/\/www.notibras.com\/site\/wp-json\/wp\/v2\/posts\/350218","targetHints":{"allow":["GET"]}}],"collection":[{"href":"https:\/\/www.notibras.com\/site\/wp-json\/wp\/v2\/posts"}],"about":[{"href":"https:\/\/www.notibras.com\/site\/wp-json\/wp\/v2\/types\/post"}],"author":[{"embeddable":true,"href":"https:\/\/www.notibras.com\/site\/wp-json\/wp\/v2\/users\/2"}],"replies":[{"embeddable":true,"href":"https:\/\/www.notibras.com\/site\/wp-json\/wp\/v2\/comments?post=350218"}],"version-history":[{"count":1,"href":"https:\/\/www.notibras.com\/site\/wp-json\/wp\/v2\/posts\/350218\/revisions"}],"predecessor-version":[{"id":350220,"href":"https:\/\/www.notibras.com\/site\/wp-json\/wp\/v2\/posts\/350218\/revisions\/350220"}],"wp:featuredmedia":[{"embeddable":true,"href":"https:\/\/www.notibras.com\/site\/wp-json\/wp\/v2\/media\/350219"}],"wp:attachment":[{"href":"https:\/\/www.notibras.com\/site\/wp-json\/wp\/v2\/media?parent=350218"}],"wp:term":[{"taxonomy":"category","embeddable":true,"href":"https:\/\/www.notibras.com\/site\/wp-json\/wp\/v2\/categories?post=350218"},{"taxonomy":"post_tag","embeddable":true,"href":"https:\/\/www.notibras.com\/site\/wp-json\/wp\/v2\/tags?post=350218"}],"curies":[{"name":"wp","href":"https:\/\/api.w.org\/{rel}","templated":true}]}}