{"id":350227,"date":"2025-03-17T00:09:05","date_gmt":"2025-03-17T03:09:05","guid":{"rendered":"https:\/\/www.notibras.com\/site\/?p=350227"},"modified":"2025-03-17T10:14:58","modified_gmt":"2025-03-17T13:14:58","slug":"preso-condenado-por-femincidio-apos-passar-oito-anos-fugindo-da-policia","status":"publish","type":"post","link":"https:\/\/www.notibras.com\/site\/preso-condenado-por-femincidio-apos-passar-oito-anos-fugindo-da-policia\/","title":{"rendered":"Preso condenado por feminc\u00eddio ap\u00f3s passar oito anos fugindo da pol\u00edcia"},"content":{"rendered":"<p>Um homem condenado por matar suas duas ex-mulheres e que estava foragido da cadeia h\u00e1 pelo menos oito anos, foi preso neste final de semana na casa em que morava em Camaragibe, munic\u00edpio pernambucano que faz parte da Regi\u00e3o Metropolitana do Recife.<\/p>\n<p>Vadeilson Lu\u00eds de Souza, de 40 anos, havia sido condenado e cumpria pena pelo assassinato de Alcione Alves Pedrosa, de 23 anos, no dia 15 de novembro de 2009, no bairro do Curado, na zona sul do Recife.<\/p>\n<p>O delegado tamb\u00e9m lembrou como a primeira mulher de Vadeilson foi assassinada: \u201cEle atirou nela e depois passou v\u00e1rias vezes com o carro em cima da v\u00edtima. A v\u00edtima tinha um beb\u00ea, um menino rec\u00e9m-nascido, filho do casal, que ficou desamparado\u201d, contou.<\/p>\n<p>A pris\u00e3o foi poss\u00edvel porque a pol\u00edcia investigou uma den\u00fancia an\u00f4nima feita por meio da Ouvidoria da Secretaria de Defesa Social (SDS), atrav\u00e9s dos n\u00fameros 181, ou 0800 081 5001.<\/p>\n<p>\u201cFelizmente cumprimos essa pris\u00e3o porque ele poderia fazer novas v\u00edtimas. Tivemos informa\u00e7\u00f5es que ele estava sozinho h\u00e1 pouco tempo porque a companheira atual dele fugiu com medo de ser morta, pois ele \u00e9 um elemento extremamente violento\u201d, disse o delegado Joel Ven\u00e2ncio.<\/p>\n<p>Quando estava preso, ele conheceu sua segunda esposa, com quem teve uma filha. Desconfiado que estava sendo tra\u00eddo, encomendou a morte de Jecy Kelly Maria da Silva, em 21 de maio de 2013, executada no bairro de Sucupira, Jaboat\u00e3o dos Guararapes, por pistoleiros que contratou da cadeia.<\/p>\n<p>Segundo o delegado Joel Ven\u00e2ncio, que comandou a pris\u00e3o de Vadeilson, na \u00faltima sexta-feira, ele estava morando sozinho, com documentos falsos, porque uma terceira companheira, com quem havia iniciado um novo relacionamento h\u00e1 pouco tempo, fugiu de casa com medo de ter o mesmo destino das outras ex do feminicida.<\/p>\n<p>O delegado tamb\u00e9m lembrou como a primeira mulher de Vadeilson foi assassinada: \u201cEle atirou nela e depois passou v\u00e1rias vezes com o carro em cima da v\u00edtima. A v\u00edtima tinha um beb\u00ea, um menino rec\u00e9m-nascido, filho do casal, que ficou desamparado\u201d, contou.<\/p>\n<p>A pris\u00e3o foi poss\u00edvel porque a pol\u00edcia investigou uma den\u00fancia an\u00f4nima feita por meio da Ouvidoria da Secretaria de Defesa Social (SDS), atrav\u00e9s dos n\u00fameros 181, ou 0800 081 5001.<\/p>\n<p>\u201cFelizmente cumprimos essa pris\u00e3o porque ele poderia fazer novas v\u00edtimas. Tivemos informa\u00e7\u00f5es que ele estava sozinho h\u00e1 pouco tempo porque a companheira atual dele fugiu com medo de ser morta, pois ele \u00e9 um elemento extremamente violento\u201d, disse o delegado Joel Ven\u00e2ncio.<\/p>\n","protected":false},"excerpt":{"rendered":"<p>Um homem condenado por matar suas duas ex-mulheres e que estava foragido da cadeia h\u00e1 pelo menos oito anos, foi preso neste final de semana na casa em que morava em Camaragibe, munic\u00edpio pernambucano que faz parte da Regi\u00e3o Metropolitana do Recife. Vadeilson Lu\u00eds de Souza, de 40 anos, havia sido condenado e cumpria pena [&hellip;]<\/p>\n","protected":false},"author":2,"featured_media":350228,"comment_status":"closed","ping_status":"closed","sticky":false,"template":"","format":"standard","meta":{"_acf_changed":false,"footnotes":""},"categories":[165],"tags":[],"class_list":["post-350227","post","type-post","status-publish","format-standard","has-post-thumbnail","hentry","category-nordeste"],"acf":[],"yoast_head":"<!-- This site is optimized with the Yoast SEO plugin v27.2 - https:\/\/yoast.com\/product\/yoast-seo-wordpress\/ -->\n<title>Preso condenado por feminc\u00eddio ap\u00f3s passar oito anos fugindo da pol\u00edcia - Notibras<\/title>\n<meta name=\"robots\" content=\"index, follow, max-snippet:-1, max-image-preview:large, max-video-preview:-1\" \/>\n<link rel=\"canonical\" href=\"https:\/\/www.notibras.com\/site\/preso-condenado-por-femincidio-apos-passar-oito-anos-fugindo-da-policia\/\" \/>\n<meta property=\"og:locale\" content=\"pt_BR\" \/>\n<meta property=\"og:type\" content=\"article\" \/>\n<meta property=\"og:title\" content=\"Preso condenado por feminc\u00eddio ap\u00f3s passar oito anos fugindo da pol\u00edcia - Notibras\" \/>\n<meta property=\"og:description\" content=\"Um homem condenado por matar suas duas ex-mulheres e que estava foragido da cadeia h\u00e1 pelo menos oito anos, foi preso neste final de semana na casa em que morava em Camaragibe, munic\u00edpio pernambucano que faz parte da Regi\u00e3o Metropolitana do Recife. Vadeilson Lu\u00eds de Souza, de 40 anos, havia sido condenado e cumpria pena [&hellip;]\" \/>\n<meta property=\"og:url\" content=\"https:\/\/www.notibras.com\/site\/preso-condenado-por-femincidio-apos-passar-oito-anos-fugindo-da-policia\/\" \/>\n<meta property=\"og:site_name\" content=\"Notibras\" \/>\n<meta property=\"article:publisher\" content=\"https:\/\/www.facebook.com\/notibras\/\" \/>\n<meta property=\"article:published_time\" content=\"2025-03-17T03:09:05+00:00\" \/>\n<meta property=\"article:modified_time\" content=\"2025-03-17T13:14:58+00:00\" \/>\n<meta property=\"og:image\" content=\"https:\/\/www.notibras.com\/site\/wp-content\/uploads\/2025\/03\/8d9bcfd9-a6f9-4963-8918-c549e92f93a5.jpeg\" \/>\n\t<meta property=\"og:image:width\" content=\"690\" \/>\n\t<meta property=\"og:image:height\" content=\"518\" \/>\n\t<meta property=\"og:image:type\" content=\"image\/jpeg\" \/>\n<meta name=\"author\" content=\"Reda\u00e7\u00e3o\" \/>\n<meta name=\"twitter:card\" content=\"summary_large_image\" \/>\n<meta name=\"twitter:creator\" content=\"@Notibras\" \/>\n<meta name=\"twitter:site\" content=\"@Notibras\" \/>\n<meta name=\"twitter:label1\" content=\"Escrito por\" \/>\n\t<meta name=\"twitter:data1\" content=\"Reda\u00e7\u00e3o\" \/>\n\t<meta name=\"twitter:label2\" content=\"Est. tempo de leitura\" \/>\n\t<meta name=\"twitter:data2\" content=\"3 minutos\" \/>\n<script type=\"application\/ld+json\" class=\"yoast-schema-graph\">{\"@context\":\"https:\/\/schema.org\",\"@graph\":[{\"@type\":\"Article\",\"@id\":\"https:\/\/www.notibras.com\/site\/preso-condenado-por-femincidio-apos-passar-oito-anos-fugindo-da-policia\/#article\",\"isPartOf\":{\"@id\":\"https:\/\/www.notibras.com\/site\/preso-condenado-por-femincidio-apos-passar-oito-anos-fugindo-da-policia\/\"},\"author\":{\"name\":\"Reda\u00e7\u00e3o\",\"@id\":\"https:\/\/www.notibras.com\/site\/#\/schema\/person\/36ab0979449956132d3e5b517ea76ac8\"},\"headline\":\"Preso condenado por feminc\u00eddio ap\u00f3s passar oito anos fugindo da pol\u00edcia\",\"datePublished\":\"2025-03-17T03:09:05+00:00\",\"dateModified\":\"2025-03-17T13:14:58+00:00\",\"mainEntityOfPage\":{\"@id\":\"https:\/\/www.notibras.com\/site\/preso-condenado-por-femincidio-apos-passar-oito-anos-fugindo-da-policia\/\"},\"wordCount\":442,\"publisher\":{\"@id\":\"https:\/\/www.notibras.com\/site\/#organization\"},\"image\":{\"@id\":\"https:\/\/www.notibras.com\/site\/preso-condenado-por-femincidio-apos-passar-oito-anos-fugindo-da-policia\/#primaryimage\"},\"thumbnailUrl\":\"https:\/\/www.notibras.com\/site\/wp-content\/uploads\/2025\/03\/8d9bcfd9-a6f9-4963-8918-c549e92f93a5.jpeg\",\"articleSection\":[\"Nordeste\"],\"inLanguage\":\"pt-BR\"},{\"@type\":\"WebPage\",\"@id\":\"https:\/\/www.notibras.com\/site\/preso-condenado-por-femincidio-apos-passar-oito-anos-fugindo-da-policia\/\",\"url\":\"https:\/\/www.notibras.com\/site\/preso-condenado-por-femincidio-apos-passar-oito-anos-fugindo-da-policia\/\",\"name\":\"Preso condenado por feminc\u00eddio ap\u00f3s passar oito anos fugindo da pol\u00edcia - Notibras\",\"isPartOf\":{\"@id\":\"https:\/\/www.notibras.com\/site\/#website\"},\"primaryImageOfPage\":{\"@id\":\"https:\/\/www.notibras.com\/site\/preso-condenado-por-femincidio-apos-passar-oito-anos-fugindo-da-policia\/#primaryimage\"},\"image\":{\"@id\":\"https:\/\/www.notibras.com\/site\/preso-condenado-por-femincidio-apos-passar-oito-anos-fugindo-da-policia\/#primaryimage\"},\"thumbnailUrl\":\"https:\/\/www.notibras.com\/site\/wp-content\/uploads\/2025\/03\/8d9bcfd9-a6f9-4963-8918-c549e92f93a5.jpeg\",\"datePublished\":\"2025-03-17T03:09:05+00:00\",\"dateModified\":\"2025-03-17T13:14:58+00:00\",\"breadcrumb\":{\"@id\":\"https:\/\/www.notibras.com\/site\/preso-condenado-por-femincidio-apos-passar-oito-anos-fugindo-da-policia\/#breadcrumb\"},\"inLanguage\":\"pt-BR\",\"potentialAction\":[{\"@type\":\"ReadAction\",\"target\":[\"https:\/\/www.notibras.com\/site\/preso-condenado-por-femincidio-apos-passar-oito-anos-fugindo-da-policia\/\"]}]},{\"@type\":\"ImageObject\",\"inLanguage\":\"pt-BR\",\"@id\":\"https:\/\/www.notibras.com\/site\/preso-condenado-por-femincidio-apos-passar-oito-anos-fugindo-da-policia\/#primaryimage\",\"url\":\"https:\/\/www.notibras.com\/site\/wp-content\/uploads\/2025\/03\/8d9bcfd9-a6f9-4963-8918-c549e92f93a5.jpeg\",\"contentUrl\":\"https:\/\/www.notibras.com\/site\/wp-content\/uploads\/2025\/03\/8d9bcfd9-a6f9-4963-8918-c549e92f93a5.jpeg\",\"width\":690,\"height\":518},{\"@type\":\"BreadcrumbList\",\"@id\":\"https:\/\/www.notibras.com\/site\/preso-condenado-por-femincidio-apos-passar-oito-anos-fugindo-da-policia\/#breadcrumb\",\"itemListElement\":[{\"@type\":\"ListItem\",\"position\":1,\"name\":\"In\u00edcio\",\"item\":\"https:\/\/www.notibras.com\/site\/\"},{\"@type\":\"ListItem\",\"position\":2,\"name\":\"Preso condenado por feminc\u00eddio ap\u00f3s passar oito anos fugindo da pol\u00edcia\"}]},{\"@type\":\"WebSite\",\"@id\":\"https:\/\/www.notibras.com\/site\/#website\",\"url\":\"https:\/\/www.notibras.com\/site\/\",\"name\":\"Notibras\",\"description\":\"Not\u00edcias de Bras\u00edlia, do Brasil e do Mundo\",\"publisher\":{\"@id\":\"https:\/\/www.notibras.com\/site\/#organization\"},\"potentialAction\":[{\"@type\":\"SearchAction\",\"target\":{\"@type\":\"EntryPoint\",\"urlTemplate\":\"https:\/\/www.notibras.com\/site\/?s={search_term_string}\"},\"query-input\":{\"@type\":\"PropertyValueSpecification\",\"valueRequired\":true,\"valueName\":\"search_term_string\"}}],\"inLanguage\":\"pt-BR\"},{\"@type\":\"Organization\",\"@id\":\"https:\/\/www.notibras.com\/site\/#organization\",\"name\":\"Grupo Notibras de Comunica\u00e7\u00e3o\",\"url\":\"https:\/\/www.notibras.com\/site\/\",\"logo\":{\"@type\":\"ImageObject\",\"inLanguage\":\"pt-BR\",\"@id\":\"https:\/\/www.notibras.com\/site\/#\/schema\/logo\/image\/\",\"url\":\"https:\/\/www.notibras.com\/site\/wp-content\/uploads\/2023\/01\/notibras23.png\",\"contentUrl\":\"https:\/\/www.notibras.com\/site\/wp-content\/uploads\/2023\/01\/notibras23.png\",\"width\":350,\"height\":87,\"caption\":\"Grupo Notibras de Comunica\u00e7\u00e3o\"},\"image\":{\"@id\":\"https:\/\/www.notibras.com\/site\/#\/schema\/logo\/image\/\"},\"sameAs\":[\"https:\/\/www.facebook.com\/notibras\/\",\"https:\/\/x.com\/Notibras\",\"https:\/\/www.instagram.com\/notibras\/\"]},{\"@type\":\"Person\",\"@id\":\"https:\/\/www.notibras.com\/site\/#\/schema\/person\/36ab0979449956132d3e5b517ea76ac8\",\"name\":\"Reda\u00e7\u00e3o\",\"image\":{\"@type\":\"ImageObject\",\"inLanguage\":\"pt-BR\",\"@id\":\"https:\/\/secure.gravatar.com\/avatar\/e0a867bdedb85fd243eadf09663511f96fc81e0720a4a42581f334ad4303aa6b?s=96&d=mm&r=g\",\"url\":\"https:\/\/secure.gravatar.com\/avatar\/e0a867bdedb85fd243eadf09663511f96fc81e0720a4a42581f334ad4303aa6b?s=96&d=mm&r=g\",\"contentUrl\":\"https:\/\/secure.gravatar.com\/avatar\/e0a867bdedb85fd243eadf09663511f96fc81e0720a4a42581f334ad4303aa6b?s=96&d=mm&r=g\",\"caption\":\"Reda\u00e7\u00e3o\"}}]}<\/script>\n<!-- \/ Yoast SEO plugin. -->","yoast_head_json":{"title":"Preso condenado por feminc\u00eddio ap\u00f3s passar oito anos fugindo da pol\u00edcia - Notibras","robots":{"index":"index","follow":"follow","max-snippet":"max-snippet:-1","max-image-preview":"max-image-preview:large","max-video-preview":"max-video-preview:-1"},"canonical":"https:\/\/www.notibras.com\/site\/preso-condenado-por-femincidio-apos-passar-oito-anos-fugindo-da-policia\/","og_locale":"pt_BR","og_type":"article","og_title":"Preso condenado por feminc\u00eddio ap\u00f3s passar oito anos fugindo da pol\u00edcia - Notibras","og_description":"Um homem condenado por matar suas duas ex-mulheres e que estava foragido da cadeia h\u00e1 pelo menos oito anos, foi preso neste final de semana na casa em que morava em Camaragibe, munic\u00edpio pernambucano que faz parte da Regi\u00e3o Metropolitana do Recife. Vadeilson Lu\u00eds de Souza, de 40 anos, havia sido condenado e cumpria pena [&hellip;]","og_url":"https:\/\/www.notibras.com\/site\/preso-condenado-por-femincidio-apos-passar-oito-anos-fugindo-da-policia\/","og_site_name":"Notibras","article_publisher":"https:\/\/www.facebook.com\/notibras\/","article_published_time":"2025-03-17T03:09:05+00:00","article_modified_time":"2025-03-17T13:14:58+00:00","og_image":[{"width":690,"height":518,"url":"https:\/\/www.notibras.com\/site\/wp-content\/uploads\/2025\/03\/8d9bcfd9-a6f9-4963-8918-c549e92f93a5.jpeg","type":"image\/jpeg"}],"author":"Reda\u00e7\u00e3o","twitter_card":"summary_large_image","twitter_creator":"@Notibras","twitter_site":"@Notibras","twitter_misc":{"Escrito por":"Reda\u00e7\u00e3o","Est. tempo de leitura":"3 minutos"},"schema":{"@context":"https:\/\/schema.org","@graph":[{"@type":"Article","@id":"https:\/\/www.notibras.com\/site\/preso-condenado-por-femincidio-apos-passar-oito-anos-fugindo-da-policia\/#article","isPartOf":{"@id":"https:\/\/www.notibras.com\/site\/preso-condenado-por-femincidio-apos-passar-oito-anos-fugindo-da-policia\/"},"author":{"name":"Reda\u00e7\u00e3o","@id":"https:\/\/www.notibras.com\/site\/#\/schema\/person\/36ab0979449956132d3e5b517ea76ac8"},"headline":"Preso condenado por feminc\u00eddio ap\u00f3s passar oito anos fugindo da pol\u00edcia","datePublished":"2025-03-17T03:09:05+00:00","dateModified":"2025-03-17T13:14:58+00:00","mainEntityOfPage":{"@id":"https:\/\/www.notibras.com\/site\/preso-condenado-por-femincidio-apos-passar-oito-anos-fugindo-da-policia\/"},"wordCount":442,"publisher":{"@id":"https:\/\/www.notibras.com\/site\/#organization"},"image":{"@id":"https:\/\/www.notibras.com\/site\/preso-condenado-por-femincidio-apos-passar-oito-anos-fugindo-da-policia\/#primaryimage"},"thumbnailUrl":"https:\/\/www.notibras.com\/site\/wp-content\/uploads\/2025\/03\/8d9bcfd9-a6f9-4963-8918-c549e92f93a5.jpeg","articleSection":["Nordeste"],"inLanguage":"pt-BR"},{"@type":"WebPage","@id":"https:\/\/www.notibras.com\/site\/preso-condenado-por-femincidio-apos-passar-oito-anos-fugindo-da-policia\/","url":"https:\/\/www.notibras.com\/site\/preso-condenado-por-femincidio-apos-passar-oito-anos-fugindo-da-policia\/","name":"Preso condenado por feminc\u00eddio ap\u00f3s passar oito anos fugindo da pol\u00edcia - Notibras","isPartOf":{"@id":"https:\/\/www.notibras.com\/site\/#website"},"primaryImageOfPage":{"@id":"https:\/\/www.notibras.com\/site\/preso-condenado-por-femincidio-apos-passar-oito-anos-fugindo-da-policia\/#primaryimage"},"image":{"@id":"https:\/\/www.notibras.com\/site\/preso-condenado-por-femincidio-apos-passar-oito-anos-fugindo-da-policia\/#primaryimage"},"thumbnailUrl":"https:\/\/www.notibras.com\/site\/wp-content\/uploads\/2025\/03\/8d9bcfd9-a6f9-4963-8918-c549e92f93a5.jpeg","datePublished":"2025-03-17T03:09:05+00:00","dateModified":"2025-03-17T13:14:58+00:00","breadcrumb":{"@id":"https:\/\/www.notibras.com\/site\/preso-condenado-por-femincidio-apos-passar-oito-anos-fugindo-da-policia\/#breadcrumb"},"inLanguage":"pt-BR","potentialAction":[{"@type":"ReadAction","target":["https:\/\/www.notibras.com\/site\/preso-condenado-por-femincidio-apos-passar-oito-anos-fugindo-da-policia\/"]}]},{"@type":"ImageObject","inLanguage":"pt-BR","@id":"https:\/\/www.notibras.com\/site\/preso-condenado-por-femincidio-apos-passar-oito-anos-fugindo-da-policia\/#primaryimage","url":"https:\/\/www.notibras.com\/site\/wp-content\/uploads\/2025\/03\/8d9bcfd9-a6f9-4963-8918-c549e92f93a5.jpeg","contentUrl":"https:\/\/www.notibras.com\/site\/wp-content\/uploads\/2025\/03\/8d9bcfd9-a6f9-4963-8918-c549e92f93a5.jpeg","width":690,"height":518},{"@type":"BreadcrumbList","@id":"https:\/\/www.notibras.com\/site\/preso-condenado-por-femincidio-apos-passar-oito-anos-fugindo-da-policia\/#breadcrumb","itemListElement":[{"@type":"ListItem","position":1,"name":"In\u00edcio","item":"https:\/\/www.notibras.com\/site\/"},{"@type":"ListItem","position":2,"name":"Preso condenado por feminc\u00eddio ap\u00f3s passar oito anos fugindo da pol\u00edcia"}]},{"@type":"WebSite","@id":"https:\/\/www.notibras.com\/site\/#website","url":"https:\/\/www.notibras.com\/site\/","name":"Notibras","description":"Not\u00edcias de Bras\u00edlia, do Brasil e do Mundo","publisher":{"@id":"https:\/\/www.notibras.com\/site\/#organization"},"potentialAction":[{"@type":"SearchAction","target":{"@type":"EntryPoint","urlTemplate":"https:\/\/www.notibras.com\/site\/?s={search_term_string}"},"query-input":{"@type":"PropertyValueSpecification","valueRequired":true,"valueName":"search_term_string"}}],"inLanguage":"pt-BR"},{"@type":"Organization","@id":"https:\/\/www.notibras.com\/site\/#organization","name":"Grupo Notibras de Comunica\u00e7\u00e3o","url":"https:\/\/www.notibras.com\/site\/","logo":{"@type":"ImageObject","inLanguage":"pt-BR","@id":"https:\/\/www.notibras.com\/site\/#\/schema\/logo\/image\/","url":"https:\/\/www.notibras.com\/site\/wp-content\/uploads\/2023\/01\/notibras23.png","contentUrl":"https:\/\/www.notibras.com\/site\/wp-content\/uploads\/2023\/01\/notibras23.png","width":350,"height":87,"caption":"Grupo Notibras de Comunica\u00e7\u00e3o"},"image":{"@id":"https:\/\/www.notibras.com\/site\/#\/schema\/logo\/image\/"},"sameAs":["https:\/\/www.facebook.com\/notibras\/","https:\/\/x.com\/Notibras","https:\/\/www.instagram.com\/notibras\/"]},{"@type":"Person","@id":"https:\/\/www.notibras.com\/site\/#\/schema\/person\/36ab0979449956132d3e5b517ea76ac8","name":"Reda\u00e7\u00e3o","image":{"@type":"ImageObject","inLanguage":"pt-BR","@id":"https:\/\/secure.gravatar.com\/avatar\/e0a867bdedb85fd243eadf09663511f96fc81e0720a4a42581f334ad4303aa6b?s=96&d=mm&r=g","url":"https:\/\/secure.gravatar.com\/avatar\/e0a867bdedb85fd243eadf09663511f96fc81e0720a4a42581f334ad4303aa6b?s=96&d=mm&r=g","contentUrl":"https:\/\/secure.gravatar.com\/avatar\/e0a867bdedb85fd243eadf09663511f96fc81e0720a4a42581f334ad4303aa6b?s=96&d=mm&r=g","caption":"Reda\u00e7\u00e3o"}}]}},"amp_enabled":true,"_links":{"self":[{"href":"https:\/\/www.notibras.com\/site\/wp-json\/wp\/v2\/posts\/350227","targetHints":{"allow":["GET"]}}],"collection":[{"href":"https:\/\/www.notibras.com\/site\/wp-json\/wp\/v2\/posts"}],"about":[{"href":"https:\/\/www.notibras.com\/site\/wp-json\/wp\/v2\/types\/post"}],"author":[{"embeddable":true,"href":"https:\/\/www.notibras.com\/site\/wp-json\/wp\/v2\/users\/2"}],"replies":[{"embeddable":true,"href":"https:\/\/www.notibras.com\/site\/wp-json\/wp\/v2\/comments?post=350227"}],"version-history":[{"count":3,"href":"https:\/\/www.notibras.com\/site\/wp-json\/wp\/v2\/posts\/350227\/revisions"}],"predecessor-version":[{"id":350231,"href":"https:\/\/www.notibras.com\/site\/wp-json\/wp\/v2\/posts\/350227\/revisions\/350231"}],"wp:featuredmedia":[{"embeddable":true,"href":"https:\/\/www.notibras.com\/site\/wp-json\/wp\/v2\/media\/350228"}],"wp:attachment":[{"href":"https:\/\/www.notibras.com\/site\/wp-json\/wp\/v2\/media?parent=350227"}],"wp:term":[{"taxonomy":"category","embeddable":true,"href":"https:\/\/www.notibras.com\/site\/wp-json\/wp\/v2\/categories?post=350227"},{"taxonomy":"post_tag","embeddable":true,"href":"https:\/\/www.notibras.com\/site\/wp-json\/wp\/v2\/tags?post=350227"}],"curies":[{"name":"wp","href":"https:\/\/api.w.org\/{rel}","templated":true}]}}