{"id":350234,"date":"2025-03-17T11:07:38","date_gmt":"2025-03-17T14:07:38","guid":{"rendered":"https:\/\/www.notibras.com\/site\/?p=350234"},"modified":"2025-03-17T11:08:35","modified_gmt":"2025-03-17T14:08:35","slug":"polly-pisa-na-bola-e-oab-vira-coadjuvante-em-filme-que-astro-e-ibaneis","status":"publish","type":"post","link":"https:\/\/www.notibras.com\/site\/polly-pisa-na-bola-e-oab-vira-coadjuvante-em-filme-que-astro-e-ibaneis\/","title":{"rendered":"Polly pisa na bola e OAB vira coadjuvante em filme que astro \u00e9 Ibaneis"},"content":{"rendered":"<p>A Ordem dos Advogados do Brasil, seccional do Distrito Federal, outrora protagonista na defesa da sociedade e nas grandes transforma\u00e7\u00f5es pol\u00edticas e jur\u00eddicas do pa\u00eds, tem acumulado aus\u00eancias estrat\u00e9gicas em momentos que exigiriam sua atua\u00e7\u00e3o firme e inquestion\u00e1vel.<\/p>\n<p>O epis\u00f3dio mais recente ilustra bem essa perda de protagonismo: a forma\u00e7\u00e3o do cons\u00f3rcio entre o Governo do DF, o Governo de Goi\u00e1s e a ANTT (Ag\u00eancia Nacional de Transportes Terrestres) para tentar impedir o aumento das passagens e melhorar o transporte no Entorno, sem que a OAB-DF estivesse sequer na mesa de negocia\u00e7\u00f5es.<\/p>\n<p>Pelo andar da carruagem, j\u00e1 se fala na articula\u00e7\u00e3o de uma chapa plural para disputar e vencer as pr\u00f3ximas elei\u00e7\u00f5es na Ordem. E isso tudo, mesmo sem que Paulo Polly Maur\u00edcio tenha sequer esquentado a cadeira. O motivo se justifica. Afinal &#8211; isso \u00e9 voz corrente entre advogados &#8211; o sucessor de D\u00e9lio Jr ganhou com uma chapa que virou as costas para a sociedade.<\/p>\n<p>\u00c9 not\u00f3rio que o transporte no Entorno \u00e9 um problema hist\u00f3rico, que afeta diretamente milhares de trabalhadores que enfrentam longas dist\u00e2ncias diariamente e sofrem com tarifas abusivas e um sistema prec\u00e1rio. Desde 2023, a Comiss\u00e3o de Direito Administrativo da OAB-DF vinha atuando junto \u00e0 ANTT para viabilizar um acordo entre DF e Goi\u00e1s, buscando a cria\u00e7\u00e3o do cons\u00f3rcio que garantisse um transporte mais acess\u00edvel e eficiente.<\/p>\n<p>O caminho estava pavimentado para que a OAB-DF assumisse um papel de lideran\u00e7a na discuss\u00e3o. Entretanto, o que se viu foi a entidade se esquivar da responsabilidade. Um of\u00edcio que deveria ter sido assinado e enviado pelo presidente da OAB-DF para formalizar a participa\u00e7\u00e3o da entidade no debate ficou engavetado, travado pela morosidade burocr\u00e1tica e pelo aparente desinteresse da atual gest\u00e3o.<\/p>\n<p>Com isso, quando finalmente o cons\u00f3rcio come\u00e7ou a sair do papel, a OAB-DF n\u00e3o estava l\u00e1. N\u00e3o participou da constru\u00e7\u00e3o jur\u00eddica do acordo. N\u00e3o esteve na mesa de discuss\u00f5es. N\u00e3o teve voz.<\/p>\n<p>Pelo que se v\u00ea, a OAB de hoje n\u00e3o \u00e9 nem sombra da OAB do passado. Em momentos cruciais da hist\u00f3ria brasileira, a advocacia desempenhou papel fundamental na constru\u00e7\u00e3o das bases institucionais do pa\u00eds. Francisco Pontes de Miranda, um dos maiores juristas brasileiros, foi um exemplo da advocacia engajada, atuando na sistematiza\u00e7\u00e3o do direito no Brasil e contribuindo para a consolida\u00e7\u00e3o das bases do C\u00f3digo Civil de 1916, um marco na estrutura\u00e7\u00e3o das rela\u00e7\u00f5es jur\u00eddicas no pa\u00eds.<\/p>\n<p>A OAB, por d\u00e9cadas, esteve envolvida na formula\u00e7\u00e3o de grandes mudan\u00e7as legais, sendo voz ativa na prote\u00e7\u00e3o dos direitos civis, na estrutura\u00e7\u00e3o do Estado e na moderniza\u00e7\u00e3o da Justi\u00e7a. Foi uma institui\u00e7\u00e3o que n\u00e3o apenas representava advogados, mas que liderava debates essenciais para a sociedade, exigindo transpar\u00eancia, governan\u00e7a e respeito \u00e0s leis.<\/p>\n<p>Hoje, no entanto, a Ordem parece ter se transformado em um palanque de festas e fotos para o Instagram. O que antes era um basti\u00e3o da advocacia agora se dedica a um calend\u00e1rio repleto de eventos sociais, ressacas de carnaval, confraterniza\u00e7\u00f5es e a\u00e7\u00f5es de autopromo\u00e7\u00e3o. A atua\u00e7\u00e3o t\u00e9cnica e institucional, que deveria ser prioridade, tem sido ofuscada por uma gest\u00e3o que mais se preocupa com festividades do que com a advocacia e a sociedade civil.<\/p>\n<p>Enquanto advogados enfrentam desafios reais &#8211; morosidade da justi\u00e7a, desvaloriza\u00e7\u00e3o da profiss\u00e3o, falta de protagonismo nos debates p\u00fablicos -, a OAB-DF parece mais preocupada com bal\u00f5es, m\u00fasica alta e pompons balan\u00e7ando nas redes sociais.<\/p>\n<p>Urge que a Ordem retome seu lugar na hist\u00f3ria. A grande quest\u00e3o que fica \u00e9: onde est\u00e1 a OAB que sempre exigiu estar \u00e0 frente das grandes quest\u00f5es sociais? A institui\u00e7\u00e3o deveria ter sido protagonista na constru\u00e7\u00e3o desse cons\u00f3rcio de transporte no Entorno. Deveria ter se colocado como pe\u00e7a-chave na elabora\u00e7\u00e3o jur\u00eddica do projeto. Deveria ter exigido um assento na mesa de negocia\u00e7\u00f5es. Mas preferiu ficar de fora. Preferiu o sil\u00eancio. Preferiu a inexplic\u00e1vel omiss\u00e3o.<\/p>\n<p>A advocacia e a sociedade civil do DF precisam, mais do que nunca, de uma OAB forte, atuante e comprometida com aquilo que realmente importa. Uma OAB que n\u00e3o se limite a ser apenas um palco de festas, mas que recupere sua verdadeira ess\u00eancia: a de uma institui\u00e7\u00e3o que luta, que debate e que transforma a realidade. A pergunta que fica \u00e9 at\u00e9 quando a OAB-DF continuar\u00e1 se escondendo atr\u00e1s de firulas, enquanto a sociedade precisa de a\u00e7\u00e3o?<\/p>\n<p>&#8230;&#8230;&#8230;&#8230;&#8230;&#8230;&#8230;&#8230;&#8230;&#8230;&#8230;&#8230;&#8230;&#8230;&#8230;&#8230;&#8230;..<\/p>\n<p><strong>Carolina Paiva \u00e9 Editora do Quadradinho em Foco<\/strong><\/p>\n<p>&nbsp;<\/p>\n","protected":false},"excerpt":{"rendered":"<p>A Ordem dos Advogados do Brasil, seccional do Distrito Federal, outrora protagonista na defesa da sociedade e nas grandes transforma\u00e7\u00f5es pol\u00edticas e jur\u00eddicas do pa\u00eds, tem acumulado aus\u00eancias estrat\u00e9gicas em momentos que exigiriam sua atua\u00e7\u00e3o firme e inquestion\u00e1vel. O epis\u00f3dio mais recente ilustra bem essa perda de protagonismo: a forma\u00e7\u00e3o do cons\u00f3rcio entre o Governo [&hellip;]<\/p>\n","protected":false},"author":2,"featured_media":350235,"comment_status":"closed","ping_status":"closed","sticky":false,"template":"","format":"standard","meta":{"_acf_changed":false,"footnotes":""},"categories":[161],"tags":[95],"class_list":["post-350234","post","type-post","status-publish","format-standard","has-post-thumbnail","hentry","category-quadradinho-em-foco","tag-capa"],"acf":[],"_links":{"self":[{"href":"https:\/\/www.notibras.com\/site\/wp-json\/wp\/v2\/posts\/350234","targetHints":{"allow":["GET"]}}],"collection":[{"href":"https:\/\/www.notibras.com\/site\/wp-json\/wp\/v2\/posts"}],"about":[{"href":"https:\/\/www.notibras.com\/site\/wp-json\/wp\/v2\/types\/post"}],"author":[{"embeddable":true,"href":"https:\/\/www.notibras.com\/site\/wp-json\/wp\/v2\/users\/2"}],"replies":[{"embeddable":true,"href":"https:\/\/www.notibras.com\/site\/wp-json\/wp\/v2\/comments?post=350234"}],"version-history":[{"count":2,"href":"https:\/\/www.notibras.com\/site\/wp-json\/wp\/v2\/posts\/350234\/revisions"}],"predecessor-version":[{"id":350237,"href":"https:\/\/www.notibras.com\/site\/wp-json\/wp\/v2\/posts\/350234\/revisions\/350237"}],"wp:featuredmedia":[{"embeddable":true,"href":"https:\/\/www.notibras.com\/site\/wp-json\/wp\/v2\/media\/350235"}],"wp:attachment":[{"href":"https:\/\/www.notibras.com\/site\/wp-json\/wp\/v2\/media?parent=350234"}],"wp:term":[{"taxonomy":"category","embeddable":true,"href":"https:\/\/www.notibras.com\/site\/wp-json\/wp\/v2\/categories?post=350234"},{"taxonomy":"post_tag","embeddable":true,"href":"https:\/\/www.notibras.com\/site\/wp-json\/wp\/v2\/tags?post=350234"}],"curies":[{"name":"wp","href":"https:\/\/api.w.org\/{rel}","templated":true}]}}