{"id":350277,"date":"2025-03-18T03:45:52","date_gmt":"2025-03-18T06:45:52","guid":{"rendered":"https:\/\/www.notibras.com\/site\/?p=350277"},"modified":"2025-03-18T04:20:38","modified_gmt":"2025-03-18T07:20:38","slug":"chuva-chega-e-nordestino-canta-ate-quando-o-ceu-chora","status":"publish","type":"post","link":"https:\/\/www.notibras.com\/site\/chuva-chega-e-nordestino-canta-ate-quando-o-ceu-chora\/","title":{"rendered":"Chuva chega e nordestino canta at\u00e9 quando o C\u00e9u chora"},"content":{"rendered":"<p>No sert\u00e3o, chuva n\u00e3o \u00e9 s\u00f3 \u00e1gua \u2014 \u00e9 festa, \u00e9 reza atendida, \u00e9 assunto pra render no terreiro por uma semana. E S\u00e3o Pedro atendeu as preces do nordestino, abriu as torneiras do C\u00e9u e a \u00e1gua come\u00e7ou a pingar sobre o solo \u00e1rido.<\/p>\n<p>At\u00e9 ent\u00e3o, estava um calor de rachar mamona. O ch\u00e3o parecia frigideira, e o sol, um cabra abusado, passava o dia todo no c\u00e9u sem tirar um cochilo. At\u00e9 as galinhas estavam se abanando com as asas, e o jegue de Seu Z\u00e9, coitado, aprendeu a fingir de morto pra n\u00e3o puxar carro\u00e7a.<\/p>\n<p>Mas a\u00ed o c\u00e9u come\u00e7ou a fechar devagarinho, como quem n\u00e3o quer nada. Nuvem preta chegando de mansinho, e a gente j\u00e1 com aquele aperreio bom no peito. Mainha largou a vassoura, gritou: &#8220;Menino! Vai buscar as bacias, que vai chover!&#8221; E o menino, que <em>tava<\/em> pelado correndo no quintal, nem discutiu. Crian\u00e7a nordestina sabe que quando a chuva vem, \u00e9 como festa de Natal.<\/p>\n<p>Primeiro foi um pingo, depois dois. Quando deu o terceiro, foi uma carreira de gente pra dentro de casa e outra pra fora. Tinha quem queria se molhar, tinha quem queria salvar o varal. E o cachorro latindo pro c\u00e9u, como se fosse ele o respons\u00e1vel pelo aguaceiro.<\/p>\n<p>Nos \u00faltimos dois dias choveu grosso, daquele jeito que faz o barro grudar at\u00e9 na alma. A terra respirou aliviada, e o cheiro de ch\u00e3o molhado invadiu tudo. No r\u00e1dio da cozinha, Luiz Gonzaga tocava baixinho, como quem tamb\u00e9m agradecia.<\/p>\n<p>Seu Raimundo, que n\u00e3o dava um sorriso desde a seca passada, abriu um sorriso do tamanho do a\u00e7ude que agora come\u00e7ava a encher. &#8220;\u00c9 chuva de molhar at\u00e9 pensamento ruim&#8221;, ele disse, rindo e tomando caf\u00e9 com farinha. E Dona Maria, com a m\u00e3o na cintura, j\u00e1 planejava plantar feij\u00e3o, milho e, se sobrasse um tiquinho de f\u00e9, at\u00e9 esperan\u00e7a.<\/p>\n<p>Porque no Nordeste, gente, chuva \u00e9 mais que \u00e1gua. \u00c9 perd\u00e3o do c\u00e9u, \u00e9 abra\u00e7o de nuvem, \u00e9 vida que volta por teimosia. E o sertanejo, esse cabra danado de forte, j\u00e1 sabe: com um bocado de paci\u00eancia e outro de f\u00e9, tudo volta a brotar.<\/p>\n<p>E enquanto chove, o povo canta, dan\u00e7a e faz promessa \u2014 porque se tem uma coisa que nordestino sabe, \u00e9 celebrar at\u00e9 quando o c\u00e9u chora.<\/p>\n","protected":false},"excerpt":{"rendered":"<p>No sert\u00e3o, chuva n\u00e3o \u00e9 s\u00f3 \u00e1gua \u2014 \u00e9 festa, \u00e9 reza atendida, \u00e9 assunto pra render no terreiro por uma semana. E S\u00e3o Pedro atendeu as preces do nordestino, abriu as torneiras do C\u00e9u e a \u00e1gua come\u00e7ou a pingar sobre o solo \u00e1rido. At\u00e9 ent\u00e3o, estava um calor de rachar mamona. O ch\u00e3o [&hellip;]<\/p>\n","protected":false},"author":2,"featured_media":350278,"comment_status":"closed","ping_status":"closed","sticky":false,"template":"","format":"standard","meta":{"_acf_changed":false,"footnotes":""},"categories":[165],"tags":[],"class_list":["post-350277","post","type-post","status-publish","format-standard","has-post-thumbnail","hentry","category-nordeste"],"acf":[],"_links":{"self":[{"href":"https:\/\/www.notibras.com\/site\/wp-json\/wp\/v2\/posts\/350277","targetHints":{"allow":["GET"]}}],"collection":[{"href":"https:\/\/www.notibras.com\/site\/wp-json\/wp\/v2\/posts"}],"about":[{"href":"https:\/\/www.notibras.com\/site\/wp-json\/wp\/v2\/types\/post"}],"author":[{"embeddable":true,"href":"https:\/\/www.notibras.com\/site\/wp-json\/wp\/v2\/users\/2"}],"replies":[{"embeddable":true,"href":"https:\/\/www.notibras.com\/site\/wp-json\/wp\/v2\/comments?post=350277"}],"version-history":[{"count":1,"href":"https:\/\/www.notibras.com\/site\/wp-json\/wp\/v2\/posts\/350277\/revisions"}],"predecessor-version":[{"id":350279,"href":"https:\/\/www.notibras.com\/site\/wp-json\/wp\/v2\/posts\/350277\/revisions\/350279"}],"wp:featuredmedia":[{"embeddable":true,"href":"https:\/\/www.notibras.com\/site\/wp-json\/wp\/v2\/media\/350278"}],"wp:attachment":[{"href":"https:\/\/www.notibras.com\/site\/wp-json\/wp\/v2\/media?parent=350277"}],"wp:term":[{"taxonomy":"category","embeddable":true,"href":"https:\/\/www.notibras.com\/site\/wp-json\/wp\/v2\/categories?post=350277"},{"taxonomy":"post_tag","embeddable":true,"href":"https:\/\/www.notibras.com\/site\/wp-json\/wp\/v2\/tags?post=350277"}],"curies":[{"name":"wp","href":"https:\/\/api.w.org\/{rel}","templated":true}]}}