{"id":350280,"date":"2025-03-18T02:31:44","date_gmt":"2025-03-18T05:31:44","guid":{"rendered":"https:\/\/www.notibras.com\/site\/?p=350280"},"modified":"2025-03-18T04:35:31","modified_gmt":"2025-03-18T07:35:31","slug":"mare-sobe-sem-avisar-e-assusta-banhistas-no-nordeste","status":"publish","type":"post","link":"https:\/\/www.notibras.com\/site\/mare-sobe-sem-avisar-e-assusta-banhistas-no-nordeste\/","title":{"rendered":"Mar\u00e9 sobe sem avisar e assusta banhistas no Nordeste"},"content":{"rendered":"<p>A Nasa acaba de avisar o n\u00edvel global do mar apresentou uma eleva\u00e7\u00e3o superior \u00e0 esperada no ano de 2024, principalmente devido ao aquecimento dos oceanos. A taxa de eleva\u00e7\u00e3o atingiu 0,59 cent\u00edmetros, valor consideravelmente superior \u00e0 proje\u00e7\u00e3o inicial de 0,43 cent\u00edmetros anuais.<\/p>\n<p>&#8220;Os dados que coletamos em 2024 demonstram um aumento al\u00e9m do que nossos modelos previram&#8221;, explicou Josh Willis, pesquisador especializado em n\u00edveis oce\u00e2nicos do Laborat\u00f3rio de Propuls\u00e3o a Jato (JPL) da ag\u00eancia. &#8220;Embora existam varia\u00e7\u00f5es anuais, a tend\u00eancia geral \u00e9 inequ\u00edvoca: os oceanos continuam subindo, e a velocidade desse processo est\u00e1 se intensificando progressivamente.&#8221;<\/p>\n<p>A not\u00edcia pegou de surpresa o nordestino das cidades litor\u00e2neas. De repente o mar decidiu crescer. N\u00e3o mandou aviso, n\u00e3o deixou bilhete. Tudo porque o n\u00edvel do mar subiu mais do que o esperado. E o esperado j\u00e1 era muito.<\/p>\n<p>Na beira da praia, seu Jorge olhou o balan\u00e7o das ondas e pensou que talvez os santos tivessem brigado l\u00e1 em cima. Dona C\u00e9lia, fiel ao hor\u00f3scopo, jurava que era culpa de Merc\u00fario retr\u00f3grado em c\u00e2ncer. J\u00e1 o menino Pedro, do alto de seus nove anos e meio, disse que era porque o mundo chorava. E talvez fosse.<\/p>\n<p>Porque o planeta anda meio sufocado. As geleiras derretem como sorvete esquecido no sol. O calor, antes amigo de ver\u00e3o, agora arde de raiva. E a \u00e1gua, essa que sempre foi calmaria e sustento, virou aviso.<\/p>\n<p>A not\u00edcia correu pelo r\u00e1dio, pela TV, pelos celulares viciados em notifica\u00e7\u00e3o. Mas poucos realmente ouviram. Era s\u00f3 mais uma manchete entre tantas: guerra, crise, mar. A diferen\u00e7a \u00e9 que, dessa vez, o mar est\u00e1 vindo devagar, mas com a for\u00e7a de quem j\u00e1 cansou de ser ignorado.<\/p>\n<p>Enquanto isso, as cidades seguem correndo. Compram-se carros, constroem-se pr\u00e9dios \u00e0 beira-mar, vende-se futuro com vista para o abismo. E o mar, paciente, sobe.<\/p>\n<p>A natureza n\u00e3o manda mensagens em caixa alta. Ela simplesmente age. E quando ela sussurra \u2014 como agora \u2014 talvez seja a \u00faltima chance de escutar. Principalmente no Nordeste, onde muitas cidades abaixo do n\u00edvel do mar, podem virar, logo logo, novas Atl\u00e2ntidas.<\/p>\n","protected":false},"excerpt":{"rendered":"<p>A Nasa acaba de avisar o n\u00edvel global do mar apresentou uma eleva\u00e7\u00e3o superior \u00e0 esperada no ano de 2024, principalmente devido ao aquecimento dos oceanos. A taxa de eleva\u00e7\u00e3o atingiu 0,59 cent\u00edmetros, valor consideravelmente superior \u00e0 proje\u00e7\u00e3o inicial de 0,43 cent\u00edmetros anuais. &#8220;Os dados que coletamos em 2024 demonstram um aumento al\u00e9m do que [&hellip;]<\/p>\n","protected":false},"author":2,"featured_media":350281,"comment_status":"closed","ping_status":"closed","sticky":false,"template":"","format":"standard","meta":{"_acf_changed":false,"footnotes":""},"categories":[165],"tags":[],"class_list":["post-350280","post","type-post","status-publish","format-standard","has-post-thumbnail","hentry","category-nordeste"],"acf":[],"_links":{"self":[{"href":"https:\/\/www.notibras.com\/site\/wp-json\/wp\/v2\/posts\/350280","targetHints":{"allow":["GET"]}}],"collection":[{"href":"https:\/\/www.notibras.com\/site\/wp-json\/wp\/v2\/posts"}],"about":[{"href":"https:\/\/www.notibras.com\/site\/wp-json\/wp\/v2\/types\/post"}],"author":[{"embeddable":true,"href":"https:\/\/www.notibras.com\/site\/wp-json\/wp\/v2\/users\/2"}],"replies":[{"embeddable":true,"href":"https:\/\/www.notibras.com\/site\/wp-json\/wp\/v2\/comments?post=350280"}],"version-history":[{"count":3,"href":"https:\/\/www.notibras.com\/site\/wp-json\/wp\/v2\/posts\/350280\/revisions"}],"predecessor-version":[{"id":350284,"href":"https:\/\/www.notibras.com\/site\/wp-json\/wp\/v2\/posts\/350280\/revisions\/350284"}],"wp:featuredmedia":[{"embeddable":true,"href":"https:\/\/www.notibras.com\/site\/wp-json\/wp\/v2\/media\/350281"}],"wp:attachment":[{"href":"https:\/\/www.notibras.com\/site\/wp-json\/wp\/v2\/media?parent=350280"}],"wp:term":[{"taxonomy":"category","embeddable":true,"href":"https:\/\/www.notibras.com\/site\/wp-json\/wp\/v2\/categories?post=350280"},{"taxonomy":"post_tag","embeddable":true,"href":"https:\/\/www.notibras.com\/site\/wp-json\/wp\/v2\/tags?post=350280"}],"curies":[{"name":"wp","href":"https:\/\/api.w.org\/{rel}","templated":true}]}}