{"id":350285,"date":"2025-03-18T00:08:44","date_gmt":"2025-03-18T03:08:44","guid":{"rendered":"https:\/\/www.notibras.com\/site\/?p=350285"},"modified":"2025-03-18T04:40:15","modified_gmt":"2025-03-18T07:40:15","slug":"chuvas-causam-estragos-e-transtornos-no-rio-grande-do-norte","status":"publish","type":"post","link":"https:\/\/www.notibras.com\/site\/chuvas-causam-estragos-e-transtornos-no-rio-grande-do-norte\/","title":{"rendered":"Chuvas causam estragos e transtornos no Rio Grande do Norte"},"content":{"rendered":"<p>As fortes chuvas que desde a semana passada atingem o Rio Grande do Norte n\u00e3o deram tr\u00e9gua durante todo o \u00faltimo fim de semana, causando estragos e transtornos em v\u00e1rias cidades, principalmente da regi\u00e3o metropolitana de Natal. E, segundo o Instituto Nacional de Meteorologia (Inmet), devem continuar intensas pelas pr\u00f3ximas horas, deixando autoridades e a popula\u00e7\u00e3o em geral em alerta.<\/p>\n<p>De domingo (16) para ter\u00e7a (17), a chuva mais intensa foi registrada na cidade de Cear\u00e1-Mirim, na Grande Natal, onde choveu o equivalente a 143 mil\u00edmetros (mm). Diante da previs\u00e3o de mais chuvas, a prefeitura definiu a\u00e7\u00f5es emergenciais e medidas de enfrentamento \u00e0 situa\u00e7\u00e3o, como o refor\u00e7o na limpeza de bueiros e de canais de drenagem, o monitoramento cont\u00ednuo de \u00e1reas de risco e das condi\u00e7\u00f5es clim\u00e1ticas.<\/p>\n<p>J\u00e1 na capital potiguar, entre as 7h deste domingo e o mesmo hor\u00e1rio desta segunda-feira (17), choveu o equivalente a 73 mm. O que agravou a situa\u00e7\u00e3o j\u00e1 enfrentada por muitos moradores, uma vez que, segundo a empresa estadual de Pesquisa Agropecu\u00e1ria (Emparn), s\u00f3 o volume de chuva atingiu a cidade entre a quinta-feira (13) e a manh\u00e3 de ontem j\u00e1 superava a m\u00e9dia hist\u00f3rica local de todo o m\u00eas de mar\u00e7o.<\/p>\n<p>As consequ\u00eancias das chuvas levaram a Companhia Brasileira de Trens Urbanos (CBTU) a suspender todas as viagens das linhas Norte e Sul \u2013 que s\u00f3 voltaram a funcionar perto do fim da manh\u00e3 de hoje, ap\u00f3s a empresa mobilizar 40 trabalhadores para reestabelecer as condi\u00e7\u00f5es operacionais das duas linhas. Tamb\u00e9m danificaram um sistema essencial para o fornecimento de energia el\u00e9trica do edif\u00edcio-sede do Tribunal de Justi\u00e7a do Rio Grande do Norte, que suspendeu o expediente at\u00e9 pelo menos amanh\u00e3 (18).<\/p>\n<p>\u201cNossa popula\u00e7\u00e3o, principalmente na zona norte da cidade, tem enfrentado um momento muito dif\u00edcil. Estamos todos trabalhando durante o fim de semana, em todos os hor\u00e1rios, para que o atendimento possa chegar a quem precisa\u201d, disse o prefeito de Natal, Paulinho Freire, em nota, divulgada nesse domingo.<\/p>\n<p>Tamb\u00e9m choveu forte no agreste potiguar. De acordo com a Emparn, em Boa Sa\u00fade, a precipita\u00e7\u00e3o superou os 109 mm. Em Monte Alegre, 95 mm. E em S\u00edtio Novo, 92 mm.<\/p>\n","protected":false},"excerpt":{"rendered":"<p>As fortes chuvas que desde a semana passada atingem o Rio Grande do Norte n\u00e3o deram tr\u00e9gua durante todo o \u00faltimo fim de semana, causando estragos e transtornos em v\u00e1rias cidades, principalmente da regi\u00e3o metropolitana de Natal. E, segundo o Instituto Nacional de Meteorologia (Inmet), devem continuar intensas pelas pr\u00f3ximas horas, deixando autoridades e a [&hellip;]<\/p>\n","protected":false},"author":2,"featured_media":350286,"comment_status":"closed","ping_status":"closed","sticky":false,"template":"","format":"standard","meta":{"_acf_changed":false,"footnotes":""},"categories":[165],"tags":[],"class_list":["post-350285","post","type-post","status-publish","format-standard","has-post-thumbnail","hentry","category-nordeste"],"acf":[],"_links":{"self":[{"href":"https:\/\/www.notibras.com\/site\/wp-json\/wp\/v2\/posts\/350285","targetHints":{"allow":["GET"]}}],"collection":[{"href":"https:\/\/www.notibras.com\/site\/wp-json\/wp\/v2\/posts"}],"about":[{"href":"https:\/\/www.notibras.com\/site\/wp-json\/wp\/v2\/types\/post"}],"author":[{"embeddable":true,"href":"https:\/\/www.notibras.com\/site\/wp-json\/wp\/v2\/users\/2"}],"replies":[{"embeddable":true,"href":"https:\/\/www.notibras.com\/site\/wp-json\/wp\/v2\/comments?post=350285"}],"version-history":[{"count":1,"href":"https:\/\/www.notibras.com\/site\/wp-json\/wp\/v2\/posts\/350285\/revisions"}],"predecessor-version":[{"id":350287,"href":"https:\/\/www.notibras.com\/site\/wp-json\/wp\/v2\/posts\/350285\/revisions\/350287"}],"wp:featuredmedia":[{"embeddable":true,"href":"https:\/\/www.notibras.com\/site\/wp-json\/wp\/v2\/media\/350286"}],"wp:attachment":[{"href":"https:\/\/www.notibras.com\/site\/wp-json\/wp\/v2\/media?parent=350285"}],"wp:term":[{"taxonomy":"category","embeddable":true,"href":"https:\/\/www.notibras.com\/site\/wp-json\/wp\/v2\/categories?post=350285"},{"taxonomy":"post_tag","embeddable":true,"href":"https:\/\/www.notibras.com\/site\/wp-json\/wp\/v2\/tags?post=350285"}],"curies":[{"name":"wp","href":"https:\/\/api.w.org\/{rel}","templated":true}]}}