{"id":350288,"date":"2025-03-18T00:03:06","date_gmt":"2025-03-18T03:03:06","guid":{"rendered":"https:\/\/www.notibras.com\/site\/?p=350288"},"modified":"2025-03-18T04:44:45","modified_gmt":"2025-03-18T07:44:45","slug":"selecao-se-apresenta-para-jogo-das-eliminatorias-na-quinta","status":"publish","type":"post","link":"https:\/\/www.notibras.com\/site\/selecao-se-apresenta-para-jogo-das-eliminatorias-na-quinta\/","title":{"rendered":"Sele\u00e7\u00e3o se apresenta para jogo das Eliminat\u00f3rias na quinta"},"content":{"rendered":"<p>Boa parte dos 23 convocados da sele\u00e7\u00e3o brasileira se apresentou em Bras\u00edlia nesta segunda-feira (17) para as pr\u00f3ximas duas rodadas das Eliminat\u00f3rias Sul-Americanas para a Copa do Mundo de 2026. Quinto colocado a seis jogos do fim das Eliminat\u00f3rias, o Brasil quer se aproximar do topo da classifica\u00e7\u00e3o, ap\u00f3s dois empates seguidos no final de 2024, contra Venezuela e Uruguai.<\/p>\n<p>O primeiro jogo da Data Fifa ser\u00e1 contra a Col\u00f4mbia (4\u00aa), pela 13\u00aa rodada, na quinta (20), \u00e0s 21h45 (hor\u00e1rio de Bras\u00edlia), no Est\u00e1dio Man\u00e9 Garrincha, na capital federal. Depois a sele\u00e7\u00e3o viaja para Buenos Aires onde enfrenta a campe\u00e3 mundial Argentina, l\u00edder das Eliminat\u00f3rias, no dia 25 de mar\u00e7o, pela 14\u00aa rodada.<\/p>\n<p>Os primeiros atletas a chegarem ao hotel da concentra\u00e7\u00e3o ainda na noite de domingo (16) foram o atacante Jo\u00e3o Pedro (Brighton\/Inglaterra) e o lateral-direito Vanderson (M\u00f4naco\/Fran\u00e7a).<\/p>\n<p>\u201cSer\u00e3o dois jogos dif\u00edceis. A gente sabe o qu\u00e3o importante ser\u00e1 somar [pontos] para o restante da competi\u00e7\u00e3o. Acredito que fazendo o trabalho a gente ter\u00e1 bons resultados nessas duas partidas\u201d, pontuou Vanderson.<\/p>\n<p>Ao final da tarde outros 16 convocados j\u00e1 haviam se juntado \u00e0 delega\u00e7\u00e3o &#8211; entre eles Andr\u00e9 e Matheus Cunha (ambos do Wolverhampton), Murillo (Nottingham Forest). Guilherme Arana (Atletico-MG) e Bento (Al-Nasr) \u2013 e participaram da primeira atividade no Bezerr\u00e3o, est\u00e1dio do Gama.<\/p>\n<p>O t\u00e9cnico Dorival J\u00fanior aguarda ainda a chegada de Raphinha, Marquinhos, Bruno Guimar\u00e3es, Joelinton e Alisson, que jogaram no \u00faltimo domingo (16) em campeonatos europeus. Na ter\u00e7a (18), a sele\u00e7\u00e3o volta a treinar no Bezerr\u00e3o \u00e0s 17h e na quarta (19), v\u00e9spera do duelo contra a Col\u00f4mbia, far\u00e1 atividades no Man\u00e9 Garricha.<\/p>\n<p>O \u00faltimo jogo do Brasil na capital federal foi em outubro do ano passado, quando a sele\u00e7\u00e3o aplicou 4 a 0 no Peru, pela 10\u00aa rodada das Eliminat\u00f3rias, diante de 60 mil torcedores.<\/p>\n","protected":false},"excerpt":{"rendered":"<p>Boa parte dos 23 convocados da sele\u00e7\u00e3o brasileira se apresentou em Bras\u00edlia nesta segunda-feira (17) para as pr\u00f3ximas duas rodadas das Eliminat\u00f3rias Sul-Americanas para a Copa do Mundo de 2026. Quinto colocado a seis jogos do fim das Eliminat\u00f3rias, o Brasil quer se aproximar do topo da classifica\u00e7\u00e3o, ap\u00f3s dois empates seguidos no final de [&hellip;]<\/p>\n","protected":false},"author":2,"featured_media":350289,"comment_status":"closed","ping_status":"closed","sticky":false,"template":"","format":"standard","meta":{"_acf_changed":false,"footnotes":""},"categories":[161],"tags":[],"class_list":["post-350288","post","type-post","status-publish","format-standard","has-post-thumbnail","hentry","category-quadradinho-em-foco"],"acf":[],"_links":{"self":[{"href":"https:\/\/www.notibras.com\/site\/wp-json\/wp\/v2\/posts\/350288","targetHints":{"allow":["GET"]}}],"collection":[{"href":"https:\/\/www.notibras.com\/site\/wp-json\/wp\/v2\/posts"}],"about":[{"href":"https:\/\/www.notibras.com\/site\/wp-json\/wp\/v2\/types\/post"}],"author":[{"embeddable":true,"href":"https:\/\/www.notibras.com\/site\/wp-json\/wp\/v2\/users\/2"}],"replies":[{"embeddable":true,"href":"https:\/\/www.notibras.com\/site\/wp-json\/wp\/v2\/comments?post=350288"}],"version-history":[{"count":1,"href":"https:\/\/www.notibras.com\/site\/wp-json\/wp\/v2\/posts\/350288\/revisions"}],"predecessor-version":[{"id":350290,"href":"https:\/\/www.notibras.com\/site\/wp-json\/wp\/v2\/posts\/350288\/revisions\/350290"}],"wp:featuredmedia":[{"embeddable":true,"href":"https:\/\/www.notibras.com\/site\/wp-json\/wp\/v2\/media\/350289"}],"wp:attachment":[{"href":"https:\/\/www.notibras.com\/site\/wp-json\/wp\/v2\/media?parent=350288"}],"wp:term":[{"taxonomy":"category","embeddable":true,"href":"https:\/\/www.notibras.com\/site\/wp-json\/wp\/v2\/categories?post=350288"},{"taxonomy":"post_tag","embeddable":true,"href":"https:\/\/www.notibras.com\/site\/wp-json\/wp\/v2\/tags?post=350288"}],"curies":[{"name":"wp","href":"https:\/\/api.w.org\/{rel}","templated":true}]}}