{"id":350326,"date":"2025-03-19T07:46:47","date_gmt":"2025-03-19T10:46:47","guid":{"rendered":"https:\/\/www.notibras.com\/site\/?p=350326"},"modified":"2025-03-19T07:48:00","modified_gmt":"2025-03-19T10:48:00","slug":"fome-ainda-e-o-maior-problema-para-lula-resolver-no-nordeste","status":"publish","type":"post","link":"https:\/\/www.notibras.com\/site\/fome-ainda-e-o-maior-problema-para-lula-resolver-no-nordeste\/","title":{"rendered":"Fome ainda \u00e9 o maior problema para Lula resolver no Nordeste"},"content":{"rendered":"<p>A fome continua a ser o maior problema para Lula na regi\u00e3o Nordeste. No sert\u00e3o, por exemplo, onde a estiagem predomina por longos per\u00edodos, a seca n\u00e3o \u00e9 s\u00f3 da terra. Tem tamb\u00e9m a seca do afeto, do cuidado, da presen\u00e7a. Crian\u00e7as com olhos grandes demais para o corpo mi\u00fado vagam pelas ruas de cidades esquecidas, onde o tempo parece correr mais devagar \u2014 mas a fome, essa, corre depressa.<\/p>\n<p>No Nordeste, onde a esperan\u00e7a insiste em brotar mesmo do solo rachado, os estados se movem. Procuram jeitos, gambiarras e caminhos para cuidar daqueles que perderam tudo \u2014 inclusive o direito ao cuidado. Crian\u00e7as e adolescentes que, al\u00e9m do luto, carregam a aus\u00eancia do b\u00e1sico: um prato cheio, um abra\u00e7o, um futuro.<\/p>\n<p>Programas sociais tentam tapar os buracos, como quem tenta consertar o telhado em dia de chuva. H\u00e1 escolas que viraram abrigo, h\u00e1 vizinhos que viraram fam\u00edlia. E h\u00e1 servidores p\u00fablicos que, mesmo com sal\u00e1rio atrasado, ainda tiram do bolso o que falta no or\u00e7amento do orfanato.<\/p>\n<p>Mas o problema \u00e9 maior que a boa vontade. Porque fome n\u00e3o espera, nem a tristeza. E o Estado, por vezes, caminha com passos lentos demais para acompanhar a urg\u00eancia de um est\u00f4mago vazio.<\/p>\n<p>Mesmo assim, resistem. As crian\u00e7as, os cuidadores, os professores. Resistir \u00e9 verbo bem conhecido por essas bandas. Entre um peda\u00e7o de p\u00e3o e um sorriso t\u00edmido, ainda h\u00e1 espa\u00e7o para sonhos \u2014 e talvez seja isso que mais impressiona: como ainda h\u00e1 esperan\u00e7a onde quase tudo falta.<\/p>\n<p>Porque, no fim, o Nordeste sempre ensinou ao Brasil que \u00e9 poss\u00edvel florescer at\u00e9 em ch\u00e3o seco. Basta \u00e1gua, sol&#8230; e um pouco de aten\u00e7\u00e3o.<\/p>\n","protected":false},"excerpt":{"rendered":"<p>A fome continua a ser o maior problema para Lula na regi\u00e3o Nordeste. No sert\u00e3o, por exemplo, onde a estiagem predomina por longos per\u00edodos, a seca n\u00e3o \u00e9 s\u00f3 da terra. Tem tamb\u00e9m a seca do afeto, do cuidado, da presen\u00e7a. Crian\u00e7as com olhos grandes demais para o corpo mi\u00fado vagam pelas ruas de cidades [&hellip;]<\/p>\n","protected":false},"author":2,"featured_media":350327,"comment_status":"closed","ping_status":"closed","sticky":false,"template":"","format":"standard","meta":{"_acf_changed":false,"footnotes":""},"categories":[165],"tags":[95],"class_list":["post-350326","post","type-post","status-publish","format-standard","has-post-thumbnail","hentry","category-nordeste","tag-capa"],"acf":[],"_links":{"self":[{"href":"https:\/\/www.notibras.com\/site\/wp-json\/wp\/v2\/posts\/350326","targetHints":{"allow":["GET"]}}],"collection":[{"href":"https:\/\/www.notibras.com\/site\/wp-json\/wp\/v2\/posts"}],"about":[{"href":"https:\/\/www.notibras.com\/site\/wp-json\/wp\/v2\/types\/post"}],"author":[{"embeddable":true,"href":"https:\/\/www.notibras.com\/site\/wp-json\/wp\/v2\/users\/2"}],"replies":[{"embeddable":true,"href":"https:\/\/www.notibras.com\/site\/wp-json\/wp\/v2\/comments?post=350326"}],"version-history":[{"count":2,"href":"https:\/\/www.notibras.com\/site\/wp-json\/wp\/v2\/posts\/350326\/revisions"}],"predecessor-version":[{"id":350329,"href":"https:\/\/www.notibras.com\/site\/wp-json\/wp\/v2\/posts\/350326\/revisions\/350329"}],"wp:featuredmedia":[{"embeddable":true,"href":"https:\/\/www.notibras.com\/site\/wp-json\/wp\/v2\/media\/350327"}],"wp:attachment":[{"href":"https:\/\/www.notibras.com\/site\/wp-json\/wp\/v2\/media?parent=350326"}],"wp:term":[{"taxonomy":"category","embeddable":true,"href":"https:\/\/www.notibras.com\/site\/wp-json\/wp\/v2\/categories?post=350326"},{"taxonomy":"post_tag","embeddable":true,"href":"https:\/\/www.notibras.com\/site\/wp-json\/wp\/v2\/tags?post=350326"}],"curies":[{"name":"wp","href":"https:\/\/api.w.org\/{rel}","templated":true}]}}