{"id":35037,"date":"2015-01-26T11:14:52","date_gmt":"2015-01-26T14:14:52","guid":{"rendered":"http:\/\/www.notibras.com\/site\/?p=35037"},"modified":"2015-01-27T23:51:35","modified_gmt":"2015-01-28T02:51:35","slug":"os-rothschild-compraram-a-hebdo-depois-todos-viram-no-que-deu","status":"publish","type":"post","link":"https:\/\/www.notibras.com\/site\/os-rothschild-compraram-a-hebdo-depois-todos-viram-no-que-deu\/","title":{"rendered":"Rothschild compraram a Hebdo. Depois todos viram no que deu"},"content":{"rendered":"<p>Os atentados de 7 de janeiro em Par\u00eds cada vez mais se parece ao 11-S. Se f\u00f4ssemos da Guarda Civ\u00edl dir\u00edamos que o \u201cmodus operandi\u201d \u00e9 o mesmo, que \u00e9 a mesma m\u00e3o que balan\u00e7a o ber\u00e7o.<\/p>\n<p>O caso \u00e9 que uma revista econ\u00f4mica holandesa, Quote, revelou a informa\u00e7\u00e3o da compra em 9 de janeiro, dois d\u00edas depois dos atentados e o jornal alem\u00e3o NeoPresse a reproduziu dez dias depois. A fam\u00edlia de banqueiros Rothschild comprou uma revista em ru\u00ednas em dezembro do passado ano ao mesmo tempo que o jornal \u201cLib\u00e9ration\u201c, outro velho f\u00f3ssil de maio de 68 passado \u00e0s filas da rea\u00e7\u00e3o pura e dura h\u00e1 muito tempo.<\/p>\n<p>Se algu\u00e9m tinha a d\u00favida dos motivos pelos quais os \u00faltimos n\u00fameros de Charlie Hebdo estavam lan\u00e7ando desde a reda\u00e7\u00e3o do \u201cLib\u00e9ration\u201d, a\u00ed est\u00e1 a resposta: porque o propriet\u00e1rio \u00e9 o mesmo.<\/p>\n<p>A aquisi\u00e7\u00e3o n\u00e3o foi pac\u00edfica; ocorreram desentendimentos dentro da fam\u00edlia de banqueiros, conta o Bar\u00e3o Philippe de Rothschild numa entrevista publicada por Quote. O t\u00edo Edouard n\u00e3o queria compr\u00e1-la porque isso lhes teria dado um poder pol\u00edtico que n\u00e3o querem, diz o sobrinho \u00e0 revista. \u201cN\u00e3o nos queremos misturar em pol\u00edtica\u201d, assegura Philippe, \u201cou pelo menos n\u00e3o de uma maneira t\u00e3o aberta\u201c.<\/p>\n<p>Se isso estiver correto, como parece, a pergunta \u00e9 inevit\u00e1vel: foi o atentado contra a revista outro neg\u00f3cio redondo por parte dos Rothschild? A tiveram que comprar a pre\u00e7o de saldo, porque antes de 7 de janeiro a revista n\u00e3o gerava mais que perdas.<\/p>\n<p>Mas se s\u00f3 gerava perdas, que interesse tinham os banqueiros em comprar uma revista em ru\u00ednas? \u00c9 ent\u00e3o quando aparece o aspecto pol\u00edtico que o Bar\u00e3o Philippe quer manter em segundo plano: para continuar com as provoca\u00e7\u00f5es de Charlie Hebdo contra os mu\u00e7ulmanos.<\/p>\n<blockquote><p>Temos Charlie Hebdo para muito. Agora a revista passou de ter somente 60.000 leitores a ter uma audi\u00eancia de sete milh\u00f5es. Al\u00e9m do dinheiro que lhes est\u00e1 chovendo, n\u00e3o s\u00f3 do Estado franc\u00eas sen\u00e3o procedente de investidores privados. Est\u00e3o se forrando.<\/p><\/blockquote>\n<p>Mas n\u00e3o sejam voc\u00eas mal-pensados nem conspiran\u00f3icos. Nada do que acabamos de exp\u00f4r significa que os Rothschild organizaram os atentados, nem muito menos que fizeram matar as pessoas pelo vil dinheiro. Nem falar. Desde logo que o ocorrido em Par\u00eds seja uma c\u00f3pia quase exata do 11-S em Nova York, onde se asseguraram as Torres G\u00eameas contra atentados terroristas justo antes de derrub\u00e1-las, \u00e9 pura coincid\u00eancia.<\/p>\n<p>E se a imprensa internacional n\u00e3o publicou nada disto, \u00e9 porque n\u00e3o est\u00e3o informados ainda. E quando saibam, sair\u00e1 pelo telejornal das 9 da noite. O que tinham pensado? Pensam que lhes ocultam informa\u00e7\u00e3o? Que n\u00e3o lhes contam toda a verdade e nada mais que a verdade?<\/p>\n<p><strong>Baby Siqueira Abr\u00e3o<\/strong><\/p>\n","protected":false},"excerpt":{"rendered":"<p>Os atentados de 7 de janeiro em Par\u00eds cada vez mais se parece ao 11-S. Se f\u00f4ssemos da Guarda Civ\u00edl dir\u00edamos que o \u201cmodus operandi\u201d \u00e9 o mesmo, que \u00e9 a mesma m\u00e3o que balan\u00e7a o ber\u00e7o. O caso \u00e9 que uma revista econ\u00f4mica holandesa, Quote, revelou a informa\u00e7\u00e3o da compra em 9 de janeiro, [&hellip;]<\/p>\n","protected":false},"author":2,"featured_media":35038,"comment_status":"open","ping_status":"closed","sticky":false,"template":"","format":"standard","meta":{"_acf_changed":false,"footnotes":""},"categories":[25],"tags":[],"class_list":["post-35037","post","type-post","status-publish","format-standard","has-post-thumbnail","hentry","category-opina-ai"],"acf":[],"yoast_head":"<!-- This site is optimized with the Yoast SEO plugin v27.2 - https:\/\/yoast.com\/product\/yoast-seo-wordpress\/ -->\n<title>Rothschild compraram a Hebdo. Depois todos viram no que deu - Notibras<\/title>\n<meta name=\"robots\" content=\"index, follow, max-snippet:-1, max-image-preview:large, max-video-preview:-1\" \/>\n<link rel=\"canonical\" href=\"https:\/\/www.notibras.com\/site\/os-rothschild-compraram-a-hebdo-depois-todos-viram-no-que-deu\/\" \/>\n<meta property=\"og:locale\" content=\"pt_BR\" \/>\n<meta property=\"og:type\" content=\"article\" \/>\n<meta property=\"og:title\" content=\"Rothschild compraram a Hebdo. Depois todos viram no que deu - Notibras\" \/>\n<meta property=\"og:description\" content=\"Os atentados de 7 de janeiro em Par\u00eds cada vez mais se parece ao 11-S. Se f\u00f4ssemos da Guarda Civ\u00edl dir\u00edamos que o \u201cmodus operandi\u201d \u00e9 o mesmo, que \u00e9 a mesma m\u00e3o que balan\u00e7a o ber\u00e7o. O caso \u00e9 que uma revista econ\u00f4mica holandesa, Quote, revelou a informa\u00e7\u00e3o da compra em 9 de janeiro, [&hellip;]\" \/>\n<meta property=\"og:url\" content=\"https:\/\/www.notibras.com\/site\/os-rothschild-compraram-a-hebdo-depois-todos-viram-no-que-deu\/\" \/>\n<meta property=\"og:site_name\" content=\"Notibras\" \/>\n<meta property=\"article:publisher\" content=\"https:\/\/www.facebook.com\/notibras\/\" \/>\n<meta property=\"article:published_time\" content=\"2015-01-26T14:14:52+00:00\" \/>\n<meta property=\"article:modified_time\" content=\"2015-01-28T02:51:35+00:00\" \/>\n<meta property=\"og:image\" content=\"https:\/\/www.notibras.com\/site\/wp-content\/uploads\/2015\/01\/150107170558_charlie_hebdo_capa_624x351_afp_nocredit.jpg\" \/>\n\t<meta property=\"og:image:width\" content=\"624\" \/>\n\t<meta property=\"og:image:height\" content=\"351\" \/>\n\t<meta property=\"og:image:type\" content=\"image\/jpeg\" \/>\n<meta name=\"author\" content=\"Reda\u00e7\u00e3o\" \/>\n<meta name=\"twitter:card\" content=\"summary_large_image\" \/>\n<meta name=\"twitter:creator\" content=\"@Notibras\" \/>\n<meta name=\"twitter:site\" content=\"@Notibras\" \/>\n<meta name=\"twitter:label1\" content=\"Escrito por\" \/>\n\t<meta name=\"twitter:data1\" content=\"Reda\u00e7\u00e3o\" \/>\n\t<meta name=\"twitter:label2\" content=\"Est. tempo de leitura\" \/>\n\t<meta name=\"twitter:data2\" content=\"3 minutos\" \/>\n<script type=\"application\/ld+json\" class=\"yoast-schema-graph\">{\"@context\":\"https:\/\/schema.org\",\"@graph\":[{\"@type\":\"Article\",\"@id\":\"https:\/\/www.notibras.com\/site\/os-rothschild-compraram-a-hebdo-depois-todos-viram-no-que-deu\/#article\",\"isPartOf\":{\"@id\":\"https:\/\/www.notibras.com\/site\/os-rothschild-compraram-a-hebdo-depois-todos-viram-no-que-deu\/\"},\"author\":{\"name\":\"Reda\u00e7\u00e3o\",\"@id\":\"https:\/\/www.notibras.com\/site\/#\/schema\/person\/36ab0979449956132d3e5b517ea76ac8\"},\"headline\":\"Rothschild compraram a Hebdo. Depois todos viram no que deu\",\"datePublished\":\"2015-01-26T14:14:52+00:00\",\"dateModified\":\"2015-01-28T02:51:35+00:00\",\"mainEntityOfPage\":{\"@id\":\"https:\/\/www.notibras.com\/site\/os-rothschild-compraram-a-hebdo-depois-todos-viram-no-que-deu\/\"},\"wordCount\":512,\"commentCount\":0,\"publisher\":{\"@id\":\"https:\/\/www.notibras.com\/site\/#organization\"},\"image\":{\"@id\":\"https:\/\/www.notibras.com\/site\/os-rothschild-compraram-a-hebdo-depois-todos-viram-no-que-deu\/#primaryimage\"},\"thumbnailUrl\":\"https:\/\/www.notibras.com\/site\/wp-content\/uploads\/2015\/01\/150107170558_charlie_hebdo_capa_624x351_afp_nocredit.jpg\",\"articleSection\":[\"Opina a\u00ed\"],\"inLanguage\":\"pt-BR\",\"potentialAction\":[{\"@type\":\"CommentAction\",\"name\":\"Comment\",\"target\":[\"https:\/\/www.notibras.com\/site\/os-rothschild-compraram-a-hebdo-depois-todos-viram-no-que-deu\/#respond\"]}]},{\"@type\":\"WebPage\",\"@id\":\"https:\/\/www.notibras.com\/site\/os-rothschild-compraram-a-hebdo-depois-todos-viram-no-que-deu\/\",\"url\":\"https:\/\/www.notibras.com\/site\/os-rothschild-compraram-a-hebdo-depois-todos-viram-no-que-deu\/\",\"name\":\"Rothschild compraram a Hebdo. Depois todos viram no que deu - Notibras\",\"isPartOf\":{\"@id\":\"https:\/\/www.notibras.com\/site\/#website\"},\"primaryImageOfPage\":{\"@id\":\"https:\/\/www.notibras.com\/site\/os-rothschild-compraram-a-hebdo-depois-todos-viram-no-que-deu\/#primaryimage\"},\"image\":{\"@id\":\"https:\/\/www.notibras.com\/site\/os-rothschild-compraram-a-hebdo-depois-todos-viram-no-que-deu\/#primaryimage\"},\"thumbnailUrl\":\"https:\/\/www.notibras.com\/site\/wp-content\/uploads\/2015\/01\/150107170558_charlie_hebdo_capa_624x351_afp_nocredit.jpg\",\"datePublished\":\"2015-01-26T14:14:52+00:00\",\"dateModified\":\"2015-01-28T02:51:35+00:00\",\"breadcrumb\":{\"@id\":\"https:\/\/www.notibras.com\/site\/os-rothschild-compraram-a-hebdo-depois-todos-viram-no-que-deu\/#breadcrumb\"},\"inLanguage\":\"pt-BR\",\"potentialAction\":[{\"@type\":\"ReadAction\",\"target\":[\"https:\/\/www.notibras.com\/site\/os-rothschild-compraram-a-hebdo-depois-todos-viram-no-que-deu\/\"]}]},{\"@type\":\"ImageObject\",\"inLanguage\":\"pt-BR\",\"@id\":\"https:\/\/www.notibras.com\/site\/os-rothschild-compraram-a-hebdo-depois-todos-viram-no-que-deu\/#primaryimage\",\"url\":\"https:\/\/www.notibras.com\/site\/wp-content\/uploads\/2015\/01\/150107170558_charlie_hebdo_capa_624x351_afp_nocredit.jpg\",\"contentUrl\":\"https:\/\/www.notibras.com\/site\/wp-content\/uploads\/2015\/01\/150107170558_charlie_hebdo_capa_624x351_afp_nocredit.jpg\",\"width\":624,\"height\":351},{\"@type\":\"BreadcrumbList\",\"@id\":\"https:\/\/www.notibras.com\/site\/os-rothschild-compraram-a-hebdo-depois-todos-viram-no-que-deu\/#breadcrumb\",\"itemListElement\":[{\"@type\":\"ListItem\",\"position\":1,\"name\":\"In\u00edcio\",\"item\":\"https:\/\/www.notibras.com\/site\/\"},{\"@type\":\"ListItem\",\"position\":2,\"name\":\"Rothschild compraram a Hebdo. Depois todos viram no que deu\"}]},{\"@type\":\"WebSite\",\"@id\":\"https:\/\/www.notibras.com\/site\/#website\",\"url\":\"https:\/\/www.notibras.com\/site\/\",\"name\":\"Notibras\",\"description\":\"Not\u00edcias de Bras\u00edlia, do Brasil e do Mundo\",\"publisher\":{\"@id\":\"https:\/\/www.notibras.com\/site\/#organization\"},\"potentialAction\":[{\"@type\":\"SearchAction\",\"target\":{\"@type\":\"EntryPoint\",\"urlTemplate\":\"https:\/\/www.notibras.com\/site\/?s={search_term_string}\"},\"query-input\":{\"@type\":\"PropertyValueSpecification\",\"valueRequired\":true,\"valueName\":\"search_term_string\"}}],\"inLanguage\":\"pt-BR\"},{\"@type\":\"Organization\",\"@id\":\"https:\/\/www.notibras.com\/site\/#organization\",\"name\":\"Grupo Notibras de Comunica\u00e7\u00e3o\",\"url\":\"https:\/\/www.notibras.com\/site\/\",\"logo\":{\"@type\":\"ImageObject\",\"inLanguage\":\"pt-BR\",\"@id\":\"https:\/\/www.notibras.com\/site\/#\/schema\/logo\/image\/\",\"url\":\"https:\/\/www.notibras.com\/site\/wp-content\/uploads\/2023\/01\/notibras23.png\",\"contentUrl\":\"https:\/\/www.notibras.com\/site\/wp-content\/uploads\/2023\/01\/notibras23.png\",\"width\":350,\"height\":87,\"caption\":\"Grupo Notibras de Comunica\u00e7\u00e3o\"},\"image\":{\"@id\":\"https:\/\/www.notibras.com\/site\/#\/schema\/logo\/image\/\"},\"sameAs\":[\"https:\/\/www.facebook.com\/notibras\/\",\"https:\/\/x.com\/Notibras\",\"https:\/\/www.instagram.com\/notibras\/\"]},{\"@type\":\"Person\",\"@id\":\"https:\/\/www.notibras.com\/site\/#\/schema\/person\/36ab0979449956132d3e5b517ea76ac8\",\"name\":\"Reda\u00e7\u00e3o\",\"image\":{\"@type\":\"ImageObject\",\"inLanguage\":\"pt-BR\",\"@id\":\"https:\/\/secure.gravatar.com\/avatar\/e0a867bdedb85fd243eadf09663511f96fc81e0720a4a42581f334ad4303aa6b?s=96&d=mm&r=g\",\"url\":\"https:\/\/secure.gravatar.com\/avatar\/e0a867bdedb85fd243eadf09663511f96fc81e0720a4a42581f334ad4303aa6b?s=96&d=mm&r=g\",\"contentUrl\":\"https:\/\/secure.gravatar.com\/avatar\/e0a867bdedb85fd243eadf09663511f96fc81e0720a4a42581f334ad4303aa6b?s=96&d=mm&r=g\",\"caption\":\"Reda\u00e7\u00e3o\"}}]}<\/script>\n<!-- \/ Yoast SEO plugin. -->","yoast_head_json":{"title":"Rothschild compraram a Hebdo. Depois todos viram no que deu - Notibras","robots":{"index":"index","follow":"follow","max-snippet":"max-snippet:-1","max-image-preview":"max-image-preview:large","max-video-preview":"max-video-preview:-1"},"canonical":"https:\/\/www.notibras.com\/site\/os-rothschild-compraram-a-hebdo-depois-todos-viram-no-que-deu\/","og_locale":"pt_BR","og_type":"article","og_title":"Rothschild compraram a Hebdo. Depois todos viram no que deu - Notibras","og_description":"Os atentados de 7 de janeiro em Par\u00eds cada vez mais se parece ao 11-S. Se f\u00f4ssemos da Guarda Civ\u00edl dir\u00edamos que o \u201cmodus operandi\u201d \u00e9 o mesmo, que \u00e9 a mesma m\u00e3o que balan\u00e7a o ber\u00e7o. O caso \u00e9 que uma revista econ\u00f4mica holandesa, Quote, revelou a informa\u00e7\u00e3o da compra em 9 de janeiro, [&hellip;]","og_url":"https:\/\/www.notibras.com\/site\/os-rothschild-compraram-a-hebdo-depois-todos-viram-no-que-deu\/","og_site_name":"Notibras","article_publisher":"https:\/\/www.facebook.com\/notibras\/","article_published_time":"2015-01-26T14:14:52+00:00","article_modified_time":"2015-01-28T02:51:35+00:00","og_image":[{"width":624,"height":351,"url":"https:\/\/www.notibras.com\/site\/wp-content\/uploads\/2015\/01\/150107170558_charlie_hebdo_capa_624x351_afp_nocredit.jpg","type":"image\/jpeg"}],"author":"Reda\u00e7\u00e3o","twitter_card":"summary_large_image","twitter_creator":"@Notibras","twitter_site":"@Notibras","twitter_misc":{"Escrito por":"Reda\u00e7\u00e3o","Est. tempo de leitura":"3 minutos"},"schema":{"@context":"https:\/\/schema.org","@graph":[{"@type":"Article","@id":"https:\/\/www.notibras.com\/site\/os-rothschild-compraram-a-hebdo-depois-todos-viram-no-que-deu\/#article","isPartOf":{"@id":"https:\/\/www.notibras.com\/site\/os-rothschild-compraram-a-hebdo-depois-todos-viram-no-que-deu\/"},"author":{"name":"Reda\u00e7\u00e3o","@id":"https:\/\/www.notibras.com\/site\/#\/schema\/person\/36ab0979449956132d3e5b517ea76ac8"},"headline":"Rothschild compraram a Hebdo. Depois todos viram no que deu","datePublished":"2015-01-26T14:14:52+00:00","dateModified":"2015-01-28T02:51:35+00:00","mainEntityOfPage":{"@id":"https:\/\/www.notibras.com\/site\/os-rothschild-compraram-a-hebdo-depois-todos-viram-no-que-deu\/"},"wordCount":512,"commentCount":0,"publisher":{"@id":"https:\/\/www.notibras.com\/site\/#organization"},"image":{"@id":"https:\/\/www.notibras.com\/site\/os-rothschild-compraram-a-hebdo-depois-todos-viram-no-que-deu\/#primaryimage"},"thumbnailUrl":"https:\/\/www.notibras.com\/site\/wp-content\/uploads\/2015\/01\/150107170558_charlie_hebdo_capa_624x351_afp_nocredit.jpg","articleSection":["Opina a\u00ed"],"inLanguage":"pt-BR","potentialAction":[{"@type":"CommentAction","name":"Comment","target":["https:\/\/www.notibras.com\/site\/os-rothschild-compraram-a-hebdo-depois-todos-viram-no-que-deu\/#respond"]}]},{"@type":"WebPage","@id":"https:\/\/www.notibras.com\/site\/os-rothschild-compraram-a-hebdo-depois-todos-viram-no-que-deu\/","url":"https:\/\/www.notibras.com\/site\/os-rothschild-compraram-a-hebdo-depois-todos-viram-no-que-deu\/","name":"Rothschild compraram a Hebdo. Depois todos viram no que deu - Notibras","isPartOf":{"@id":"https:\/\/www.notibras.com\/site\/#website"},"primaryImageOfPage":{"@id":"https:\/\/www.notibras.com\/site\/os-rothschild-compraram-a-hebdo-depois-todos-viram-no-que-deu\/#primaryimage"},"image":{"@id":"https:\/\/www.notibras.com\/site\/os-rothschild-compraram-a-hebdo-depois-todos-viram-no-que-deu\/#primaryimage"},"thumbnailUrl":"https:\/\/www.notibras.com\/site\/wp-content\/uploads\/2015\/01\/150107170558_charlie_hebdo_capa_624x351_afp_nocredit.jpg","datePublished":"2015-01-26T14:14:52+00:00","dateModified":"2015-01-28T02:51:35+00:00","breadcrumb":{"@id":"https:\/\/www.notibras.com\/site\/os-rothschild-compraram-a-hebdo-depois-todos-viram-no-que-deu\/#breadcrumb"},"inLanguage":"pt-BR","potentialAction":[{"@type":"ReadAction","target":["https:\/\/www.notibras.com\/site\/os-rothschild-compraram-a-hebdo-depois-todos-viram-no-que-deu\/"]}]},{"@type":"ImageObject","inLanguage":"pt-BR","@id":"https:\/\/www.notibras.com\/site\/os-rothschild-compraram-a-hebdo-depois-todos-viram-no-que-deu\/#primaryimage","url":"https:\/\/www.notibras.com\/site\/wp-content\/uploads\/2015\/01\/150107170558_charlie_hebdo_capa_624x351_afp_nocredit.jpg","contentUrl":"https:\/\/www.notibras.com\/site\/wp-content\/uploads\/2015\/01\/150107170558_charlie_hebdo_capa_624x351_afp_nocredit.jpg","width":624,"height":351},{"@type":"BreadcrumbList","@id":"https:\/\/www.notibras.com\/site\/os-rothschild-compraram-a-hebdo-depois-todos-viram-no-que-deu\/#breadcrumb","itemListElement":[{"@type":"ListItem","position":1,"name":"In\u00edcio","item":"https:\/\/www.notibras.com\/site\/"},{"@type":"ListItem","position":2,"name":"Rothschild compraram a Hebdo. Depois todos viram no que deu"}]},{"@type":"WebSite","@id":"https:\/\/www.notibras.com\/site\/#website","url":"https:\/\/www.notibras.com\/site\/","name":"Notibras","description":"Not\u00edcias de Bras\u00edlia, do Brasil e do Mundo","publisher":{"@id":"https:\/\/www.notibras.com\/site\/#organization"},"potentialAction":[{"@type":"SearchAction","target":{"@type":"EntryPoint","urlTemplate":"https:\/\/www.notibras.com\/site\/?s={search_term_string}"},"query-input":{"@type":"PropertyValueSpecification","valueRequired":true,"valueName":"search_term_string"}}],"inLanguage":"pt-BR"},{"@type":"Organization","@id":"https:\/\/www.notibras.com\/site\/#organization","name":"Grupo Notibras de Comunica\u00e7\u00e3o","url":"https:\/\/www.notibras.com\/site\/","logo":{"@type":"ImageObject","inLanguage":"pt-BR","@id":"https:\/\/www.notibras.com\/site\/#\/schema\/logo\/image\/","url":"https:\/\/www.notibras.com\/site\/wp-content\/uploads\/2023\/01\/notibras23.png","contentUrl":"https:\/\/www.notibras.com\/site\/wp-content\/uploads\/2023\/01\/notibras23.png","width":350,"height":87,"caption":"Grupo Notibras de Comunica\u00e7\u00e3o"},"image":{"@id":"https:\/\/www.notibras.com\/site\/#\/schema\/logo\/image\/"},"sameAs":["https:\/\/www.facebook.com\/notibras\/","https:\/\/x.com\/Notibras","https:\/\/www.instagram.com\/notibras\/"]},{"@type":"Person","@id":"https:\/\/www.notibras.com\/site\/#\/schema\/person\/36ab0979449956132d3e5b517ea76ac8","name":"Reda\u00e7\u00e3o","image":{"@type":"ImageObject","inLanguage":"pt-BR","@id":"https:\/\/secure.gravatar.com\/avatar\/e0a867bdedb85fd243eadf09663511f96fc81e0720a4a42581f334ad4303aa6b?s=96&d=mm&r=g","url":"https:\/\/secure.gravatar.com\/avatar\/e0a867bdedb85fd243eadf09663511f96fc81e0720a4a42581f334ad4303aa6b?s=96&d=mm&r=g","contentUrl":"https:\/\/secure.gravatar.com\/avatar\/e0a867bdedb85fd243eadf09663511f96fc81e0720a4a42581f334ad4303aa6b?s=96&d=mm&r=g","caption":"Reda\u00e7\u00e3o"}}]}},"amp_enabled":true,"_links":{"self":[{"href":"https:\/\/www.notibras.com\/site\/wp-json\/wp\/v2\/posts\/35037","targetHints":{"allow":["GET"]}}],"collection":[{"href":"https:\/\/www.notibras.com\/site\/wp-json\/wp\/v2\/posts"}],"about":[{"href":"https:\/\/www.notibras.com\/site\/wp-json\/wp\/v2\/types\/post"}],"author":[{"embeddable":true,"href":"https:\/\/www.notibras.com\/site\/wp-json\/wp\/v2\/users\/2"}],"replies":[{"embeddable":true,"href":"https:\/\/www.notibras.com\/site\/wp-json\/wp\/v2\/comments?post=35037"}],"version-history":[{"count":0,"href":"https:\/\/www.notibras.com\/site\/wp-json\/wp\/v2\/posts\/35037\/revisions"}],"wp:featuredmedia":[{"embeddable":true,"href":"https:\/\/www.notibras.com\/site\/wp-json\/wp\/v2\/media\/35038"}],"wp:attachment":[{"href":"https:\/\/www.notibras.com\/site\/wp-json\/wp\/v2\/media?parent=35037"}],"wp:term":[{"taxonomy":"category","embeddable":true,"href":"https:\/\/www.notibras.com\/site\/wp-json\/wp\/v2\/categories?post=35037"},{"taxonomy":"post_tag","embeddable":true,"href":"https:\/\/www.notibras.com\/site\/wp-json\/wp\/v2\/tags?post=35037"}],"curies":[{"name":"wp","href":"https:\/\/api.w.org\/{rel}","templated":true}]}}