{"id":350395,"date":"2025-03-20T08:21:46","date_gmt":"2025-03-20T11:21:46","guid":{"rendered":"https:\/\/www.notibras.com\/site\/?p=350395"},"modified":"2025-03-20T08:21:46","modified_gmt":"2025-03-20T11:21:46","slug":"o-refluxo-de-lula-no-nordeste-e-a-dura-realidade","status":"publish","type":"post","link":"https:\/\/www.notibras.com\/site\/o-refluxo-de-lula-no-nordeste-e-a-dura-realidade\/","title":{"rendered":"O refluxo de Lula no Nordeste e a dura realidade"},"content":{"rendered":"<p>N\u00e3o faz muito tempo, o Nordeste era ch\u00e3o firme para o ex-presidente Lula \u2014 bastava pisar que o povo vinha junto. Era abra\u00e7o caloroso, voto certo, e palanque garantido. Mas os ventos mudam, at\u00e9 mesmo onde o sol \u00e9 quente e o cora\u00e7\u00e3o \u00e9 mole. Hoje, parece que algo come\u00e7a a escapar pelos dedos do lulismo na terra que o acolheu como filho.<\/p>\n<p>As pesquisas mostram uma eros\u00e3o lenta, quase silenciosa, mas insistente. O eleitor nordestino, calejado de promessas e sobrevivente de muitas crises, j\u00e1 n\u00e3o entrega o voto de olhos fechados. Agora, ele quer resposta, quer presente \u2014 n\u00e3o passado. N\u00e3o basta mais o carisma; \u00e9 preciso governo.<\/p>\n<p>Lula sente. E quem est\u00e1 ao redor tamb\u00e9m. A base aliada, antes coesa, come\u00e7a a ranger. O centr\u00e3o fareja instabilidade e testa limites. As tens\u00f5es se acumulam, ministros se digladiam, e a tal &#8220;governabilidade&#8221; vira malabarismo. O pr\u00f3prio PT se inquieta: como sustentar um projeto que come\u00e7a a perder onde era mais forte?<\/p>\n<p>A verdade \u00e9 que o Brasil de 2025 n\u00e3o aceita mais nada al\u00e9m da realidade. Acabou o cheque em branco. O eleitor quer o prato cheio, o sal\u00e1rio que d\u00e1 conta do m\u00eas, o transporte que n\u00e3o atrasa, a sa\u00fade que atende. Quer o agora, n\u00e3o o \u201cfoi\u201d nem o \u201cquem sabe\u201d.<\/p>\n<p>Lula, o pol\u00edtico das multid\u00f5es, enfrenta agora o desafio de se reinventar como gestor do presente. Porque o Nordeste \u2014 como todo o pa\u00eds \u2014 j\u00e1 n\u00e3o se encanta com promessas. Ele quer resultado. E quer pra ontem<\/p>\n","protected":false},"excerpt":{"rendered":"<p>N\u00e3o faz muito tempo, o Nordeste era ch\u00e3o firme para o ex-presidente Lula \u2014 bastava pisar que o povo vinha junto. Era abra\u00e7o caloroso, voto certo, e palanque garantido. Mas os ventos mudam, at\u00e9 mesmo onde o sol \u00e9 quente e o cora\u00e7\u00e3o \u00e9 mole. Hoje, parece que algo come\u00e7a a escapar pelos dedos do [&hellip;]<\/p>\n","protected":false},"author":2,"featured_media":339603,"comment_status":"closed","ping_status":"closed","sticky":false,"template":"","format":"standard","meta":{"_acf_changed":false,"footnotes":""},"categories":[165],"tags":[],"class_list":["post-350395","post","type-post","status-publish","format-standard","has-post-thumbnail","hentry","category-nordeste"],"acf":[],"_links":{"self":[{"href":"https:\/\/www.notibras.com\/site\/wp-json\/wp\/v2\/posts\/350395","targetHints":{"allow":["GET"]}}],"collection":[{"href":"https:\/\/www.notibras.com\/site\/wp-json\/wp\/v2\/posts"}],"about":[{"href":"https:\/\/www.notibras.com\/site\/wp-json\/wp\/v2\/types\/post"}],"author":[{"embeddable":true,"href":"https:\/\/www.notibras.com\/site\/wp-json\/wp\/v2\/users\/2"}],"replies":[{"embeddable":true,"href":"https:\/\/www.notibras.com\/site\/wp-json\/wp\/v2\/comments?post=350395"}],"version-history":[{"count":1,"href":"https:\/\/www.notibras.com\/site\/wp-json\/wp\/v2\/posts\/350395\/revisions"}],"predecessor-version":[{"id":350396,"href":"https:\/\/www.notibras.com\/site\/wp-json\/wp\/v2\/posts\/350395\/revisions\/350396"}],"wp:featuredmedia":[{"embeddable":true,"href":"https:\/\/www.notibras.com\/site\/wp-json\/wp\/v2\/media\/339603"}],"wp:attachment":[{"href":"https:\/\/www.notibras.com\/site\/wp-json\/wp\/v2\/media?parent=350395"}],"wp:term":[{"taxonomy":"category","embeddable":true,"href":"https:\/\/www.notibras.com\/site\/wp-json\/wp\/v2\/categories?post=350395"},{"taxonomy":"post_tag","embeddable":true,"href":"https:\/\/www.notibras.com\/site\/wp-json\/wp\/v2\/tags?post=350395"}],"curies":[{"name":"wp","href":"https:\/\/api.w.org\/{rel}","templated":true}]}}