{"id":350400,"date":"2025-03-20T00:39:12","date_gmt":"2025-03-20T03:39:12","guid":{"rendered":"https:\/\/www.notibras.com\/site\/?p=350400"},"modified":"2025-03-20T08:41:26","modified_gmt":"2025-03-20T11:41:26","slug":"cuscuz-amarelinho-nao-poderia-passar-em-branco-no-seu-dia","status":"publish","type":"post","link":"https:\/\/www.notibras.com\/site\/cuscuz-amarelinho-nao-poderia-passar-em-branco-no-seu-dia\/","title":{"rendered":"Cuscuz, amarelinho, n\u00e3o poderia passar em branco no seu dia"},"content":{"rendered":"<p>Para o nordestino, o cuscuz n\u00e3o \u00e9 apenas uma refei\u00e7\u00e3o, \u00e9 um peda\u00e7o da pr\u00f3pria identidade. Em muitos lares da regi\u00e3o, ele vale mais do que o feij\u00e3o com arroz e est\u00e1 presente no caf\u00e9 da manh\u00e3, no almo\u00e7o e at\u00e9 no jantar. Simples, vers\u00e1til e saboroso, esse prato tem um dia especial para ser celebrado: 19 de mar\u00e7o, data que homenageia essa verdadeira institui\u00e7\u00e3o da culin\u00e1ria brasileira.<\/p>\n<p>Mas de onde vem o cuscuz? Sua origem remonta ao norte da \u00c1frica, onde os berberes j\u00e1 o preparavam h\u00e1 s\u00e9culos, utilizando s\u00eamola de trigo. Com a chegada dos colonizadores portugueses ao Brasil, essa receita foi adaptada e ganhou a cara do Nordeste, onde o trigo deu lugar ao milho, mais abundante na regi\u00e3o. Assim nasceu o cuscuz nordestino, feito de flocos de milho hidratados e cozidos no vapor.<\/p>\n<p><strong>Receitas que contam hist\u00f3rias<\/strong><br \/>\nO cuscuz pode ser simples, apenas com um pouco de sal e \u00e1gua, ou elaborado, carregado de ingredientes que refletem a diversidade cultural do Brasil. Cada estado nordestino tem sua vers\u00e3o preferida:<\/p>\n<p><strong>Cuscuz com manteiga: Um cl\u00e1ssico no caf\u00e9 da manh\u00e3 nordestino. Depois de cozido, o cuscuz \u00e9 desmanchado no prato e recebe uma generosa camada de manteiga derretida, real\u00e7ando seu sabor.<\/strong><\/p>\n<p><strong>Cuscuz com queijo coalho: Outra paix\u00e3o regional, onde o queijo derrete no calor do cuscuz e forma um casamento perfeito de texturas e sabores.<\/strong><\/p>\n<p><strong>Cuscuz com leite: Alguns preferem comer o cuscuz com leite quente, criando uma refei\u00e7\u00e3o cremosa e reconfortante, perfeita para come\u00e7ar o dia.<\/strong><\/p>\n<p><strong>Cuscuz com ovo: Muito comum no sert\u00e3o, essa combina\u00e7\u00e3o une dois alimentos nutritivos, garantindo sust\u00e2ncia para quem precisa encarar um dia de trabalho pesado.<\/strong><\/p>\n<p><strong>Cuscuz recheado: Em vers\u00f5es mais elaboradas, o cuscuz pode levar carne de sol desfiada, frango, lingui\u00e7a ou at\u00e9 mesmo sardinha, transformando-se em um prato completo.<\/strong><\/p>\n<p><strong>Cuscuz paulista: Uma varia\u00e7\u00e3o que nasceu no Sudeste, mas tem ra\u00edzes nordestinas. Essa vers\u00e3o leva farinha de milho, tomate, ervilhas, ovos, palmito e camar\u00e3o, sendo frequentemente moldado em formato de bolo.<\/strong><\/p>\n<p><strong>Brasil todo<\/strong><br \/>\nCom a migra\u00e7\u00e3o nordestina para outras regi\u00f5es do pa\u00eds, o cuscuz se espalhou e conquistou novos admiradores. Em S\u00e3o Paulo, onde a comunidade nordestina \u00e9 forte, o prato \u00e9 encontrado em mercados, restaurantes e nas casas de milh\u00f5es de paulistanos. No Norte do Brasil, o cuscuz ganha uma vers\u00e3o com farinha de mandioca, mostrando como ele se adapta aos ingredientes locais. J\u00e1 no Sul e Sudeste, muita gente aprendeu a amar o cuscuz depois de experimentar a receita nordestina tradicional.<\/p>\n<p>O cuscuz n\u00e3o \u00e9 s\u00f3 um alimento, mas um s\u00edmbolo de resist\u00eancia e de ra\u00edzes culturais profundas. Ele est\u00e1 presente nas lembran\u00e7as de inf\u00e2ncia, nas mesas das av\u00f3s, nas feiras nordestinas e at\u00e9 mesmo nas can\u00e7\u00f5es populares. Seu preparo simples e nutritivo reflete a for\u00e7a do povo nordestino, que faz da terra seca um lugar f\u00e9rtil para a criatividade culin\u00e1ria.<\/p>\n<p>Celebrar o Dia do Cuscuz em 19 de mar\u00e7o \u00e9 reconhecer a import\u00e2ncia desse prato na hist\u00f3ria e na cultura do Brasil. Afinal, poucas comidas conseguem ser ao mesmo tempo t\u00e3o simples e t\u00e3o grandiosas. Seja puro, com leite ou recheado, o cuscuz \u00e9 e sempre ser\u00e1 um orgulho nordestino \u2013 e um presente para todo o pa\u00eds.<\/p>\n","protected":false},"excerpt":{"rendered":"<p>Para o nordestino, o cuscuz n\u00e3o \u00e9 apenas uma refei\u00e7\u00e3o, \u00e9 um peda\u00e7o da pr\u00f3pria identidade. Em muitos lares da regi\u00e3o, ele vale mais do que o feij\u00e3o com arroz e est\u00e1 presente no caf\u00e9 da manh\u00e3, no almo\u00e7o e at\u00e9 no jantar. Simples, vers\u00e1til e saboroso, esse prato tem um dia especial para ser [&hellip;]<\/p>\n","protected":false},"author":2,"featured_media":350401,"comment_status":"closed","ping_status":"closed","sticky":false,"template":"","format":"standard","meta":{"_acf_changed":false,"footnotes":""},"categories":[165],"tags":[],"class_list":["post-350400","post","type-post","status-publish","format-standard","has-post-thumbnail","hentry","category-nordeste"],"acf":[],"_links":{"self":[{"href":"https:\/\/www.notibras.com\/site\/wp-json\/wp\/v2\/posts\/350400","targetHints":{"allow":["GET"]}}],"collection":[{"href":"https:\/\/www.notibras.com\/site\/wp-json\/wp\/v2\/posts"}],"about":[{"href":"https:\/\/www.notibras.com\/site\/wp-json\/wp\/v2\/types\/post"}],"author":[{"embeddable":true,"href":"https:\/\/www.notibras.com\/site\/wp-json\/wp\/v2\/users\/2"}],"replies":[{"embeddable":true,"href":"https:\/\/www.notibras.com\/site\/wp-json\/wp\/v2\/comments?post=350400"}],"version-history":[{"count":1,"href":"https:\/\/www.notibras.com\/site\/wp-json\/wp\/v2\/posts\/350400\/revisions"}],"predecessor-version":[{"id":350402,"href":"https:\/\/www.notibras.com\/site\/wp-json\/wp\/v2\/posts\/350400\/revisions\/350402"}],"wp:featuredmedia":[{"embeddable":true,"href":"https:\/\/www.notibras.com\/site\/wp-json\/wp\/v2\/media\/350401"}],"wp:attachment":[{"href":"https:\/\/www.notibras.com\/site\/wp-json\/wp\/v2\/media?parent=350400"}],"wp:term":[{"taxonomy":"category","embeddable":true,"href":"https:\/\/www.notibras.com\/site\/wp-json\/wp\/v2\/categories?post=350400"},{"taxonomy":"post_tag","embeddable":true,"href":"https:\/\/www.notibras.com\/site\/wp-json\/wp\/v2\/tags?post=350400"}],"curies":[{"name":"wp","href":"https:\/\/api.w.org\/{rel}","templated":true}]}}