{"id":350422,"date":"2025-03-20T08:10:20","date_gmt":"2025-03-20T11:10:20","guid":{"rendered":"https:\/\/www.notibras.com\/site\/?p=350422"},"modified":"2025-03-20T11:20:20","modified_gmt":"2025-03-20T14:20:20","slug":"novo-ataque-de-pitbull-deixa-crianca-de-dois-anos-em-estado-grave","status":"publish","type":"post","link":"https:\/\/www.notibras.com\/site\/novo-ataque-de-pitbull-deixa-crianca-de-dois-anos-em-estado-grave\/","title":{"rendered":"Novo ataque de pitbull deixa crian\u00e7a de dois anos em estado grave"},"content":{"rendered":"<p>Um menino de dois anos est\u00e1 internado em estado grave na Unidade de Terapia Intensiva (UTI) do Hospital da Restaura\u00e7\u00e3o, no Derby, \u00e1rea central do Recife, ap\u00f3s ser atacado por c\u00e3es da ra\u00e7a pitbull na casa dele, no bairro do Curado, Zona Oeste do Recife. O caso aconteceu na noite da ter\u00e7a-feira (18) e al\u00e9m da crian\u00e7a um rapaz de 18 anos tamb\u00e9m foi ferido pelos c\u00e3es.<\/p>\n<p>Kau\u00e3 Victor Avelino de Barros tentou livrar seu irm\u00e3o \u00cdcaro Miguel Alves de Souza, de 2 anos, das garras dos dois cachorros quando tamb\u00e9m sofreu ferimentos em v\u00e1rias partes do corpo. Mas enquanto Kau\u00e3 foi ferido sem gravidade, \u00cdcaro segue internado em estado grave.<\/p>\n<p>Os pitbulls pertencem ao dono de um ferro-velho localizado na mesma rua da resid\u00eancia das v\u00edtimas. Testemunhas relataram que os c\u00e3es, que s\u00e3o mantidos como vigias do estabelecimento, invadiram a casa e atacaram as v\u00edtimas.<\/p>\n<p>\u00cdcaro Miguel teria sido arrastado pelos animais para fora da resid\u00eancia, sofrendo ferimentos graves na cabe\u00e7a, pesco\u00e7o e virilha. O irm\u00e3o dele, Kau\u00e3, mesmo sendo atacado, conseguiu reagir e lutar contra os c\u00e3es para salvar o menino.<\/p>\n<p>Juliana Souza, m\u00e3e das v\u00edtimas, descreveu o momento do ataque como uma cena de terror: &#8220;Muito dif\u00edcil, eu fiquei muito mal, muito mal mesmo. Foi um ataque muito violento. S\u00e3o animais grandes, e quando pegam, meu amigo, \u00e9 muita viol\u00eancia.&#8221;<\/p>\n<p>Uma vizinha que n\u00e3o quis se identificar disse que na semana passada esses mesmos c\u00e3es atacaram outra pessoa que passava pela rua quando teve uma das pernas dilaceradas.<\/p>\n<p>O tutor dos animais, cuja identidade n\u00e3o foi revelada, chegou a ser conduzido \u00e0 Central de Plant\u00f5es da Capital, onde foi ouvido e liberado. Em nota, a Pol\u00edcia Civil informou que um inqu\u00e9rito foi instaurado para investigar o caso, mas n\u00e3o especificou quais puni\u00e7\u00f5es o tutor dos c\u00e3es pode enfrentar.<\/p>\n<p>Os ataques de pitbulls tornou-se uma rotina na Regi\u00e3o Metropolitana do Recife, onde s\u00f3 neste ano j\u00e1 foram registrados tr\u00eas ataques da ra\u00e7a a pessoas indefesas. Em janeiro deste ano, um beb\u00ea de apenas nove meses foi atacado por um cachorro da ra\u00e7a pitbull e teve os \u00f3rg\u00e3os genitais dilacerados pelo animal. O incidente aconteceu no bairro Zumbi, Zona Oeste do Recife.<\/p>\n<p>Em mar\u00e7o, um idoso de 74 anos e seu cachorro de pequeno porte foram atacados por dois pitbulls, no bairro de Artur Lundgren I, em Paulista, no Grande Recife. Durante o ataque, um marinheiro vizinho da v\u00edtima atirou contra ambos os bichos. Um fugiu e outro morreu v\u00edtima do disparo.<\/p>\n<p><strong>Outros casos<\/strong><br \/>\nUm idoso de 68 anos morreu ap\u00f3s ser atacado por um cachorro pitbull na frente da casa onde morava, em Olinda, Regi\u00e3o Metropolitana do Recife, em setembro do ano passado.<\/p>\n<p>Tamb\u00e9m em setembro, outro pitbull conseguiu fugir do dono e atacou uma cadela da ra\u00e7a poodle no bairro da Tamarineira, Zona Norte do Recife. A poodle estava saindo de casa acompanhada de sua tutora quando foi surpreendida pelo animal.<\/p>\n<p>Em outubro, um cachorro atacou um cavalo, no Cabo de Santo Agostinho, no Grande Recife. Um v\u00eddeo que circulou nas redes sociais, mostrou o momento em que o c\u00e3o ficou pendurado no pesco\u00e7o do cavalo.<\/p>\n<p>Em novembro, uma cadela da ra\u00e7a Serra da Estrela, e seu dono foram atacadas por dois pitbulls em Dois Unidos, na Zona Norte do Recife.<\/p>\n<p>No mesmo m\u00eas, duas tutoras denunciaram que tr\u00eas c\u00e3es da ra\u00e7a pitbull invadiram o terreno de uma resid\u00eancia e mataram tr\u00eas cachorros e dois gatos.<\/p>\n","protected":false},"excerpt":{"rendered":"<p>Um menino de dois anos est\u00e1 internado em estado grave na Unidade de Terapia Intensiva (UTI) do Hospital da Restaura\u00e7\u00e3o, no Derby, \u00e1rea central do Recife, ap\u00f3s ser atacado por c\u00e3es da ra\u00e7a pitbull na casa dele, no bairro do Curado, Zona Oeste do Recife. O caso aconteceu na noite da ter\u00e7a-feira (18) e al\u00e9m [&hellip;]<\/p>\n","protected":false},"author":2,"featured_media":350423,"comment_status":"closed","ping_status":"closed","sticky":false,"template":"","format":"standard","meta":{"_acf_changed":false,"footnotes":""},"categories":[165],"tags":[],"class_list":["post-350422","post","type-post","status-publish","format-standard","has-post-thumbnail","hentry","category-nordeste"],"acf":[],"_links":{"self":[{"href":"https:\/\/www.notibras.com\/site\/wp-json\/wp\/v2\/posts\/350422","targetHints":{"allow":["GET"]}}],"collection":[{"href":"https:\/\/www.notibras.com\/site\/wp-json\/wp\/v2\/posts"}],"about":[{"href":"https:\/\/www.notibras.com\/site\/wp-json\/wp\/v2\/types\/post"}],"author":[{"embeddable":true,"href":"https:\/\/www.notibras.com\/site\/wp-json\/wp\/v2\/users\/2"}],"replies":[{"embeddable":true,"href":"https:\/\/www.notibras.com\/site\/wp-json\/wp\/v2\/comments?post=350422"}],"version-history":[{"count":1,"href":"https:\/\/www.notibras.com\/site\/wp-json\/wp\/v2\/posts\/350422\/revisions"}],"predecessor-version":[{"id":350424,"href":"https:\/\/www.notibras.com\/site\/wp-json\/wp\/v2\/posts\/350422\/revisions\/350424"}],"wp:featuredmedia":[{"embeddable":true,"href":"https:\/\/www.notibras.com\/site\/wp-json\/wp\/v2\/media\/350423"}],"wp:attachment":[{"href":"https:\/\/www.notibras.com\/site\/wp-json\/wp\/v2\/media?parent=350422"}],"wp:term":[{"taxonomy":"category","embeddable":true,"href":"https:\/\/www.notibras.com\/site\/wp-json\/wp\/v2\/categories?post=350422"},{"taxonomy":"post_tag","embeddable":true,"href":"https:\/\/www.notibras.com\/site\/wp-json\/wp\/v2\/tags?post=350422"}],"curies":[{"name":"wp","href":"https:\/\/api.w.org\/{rel}","templated":true}]}}