{"id":350480,"date":"2025-03-21T09:25:15","date_gmt":"2025-03-21T12:25:15","guid":{"rendered":"https:\/\/www.notibras.com\/site\/?p=350480"},"modified":"2025-03-21T09:25:15","modified_gmt":"2025-03-21T12:25:15","slug":"garanhuns-a-cidade-do-agreste-que-semeia-futuro","status":"publish","type":"post","link":"https:\/\/www.notibras.com\/site\/garanhuns-a-cidade-do-agreste-que-semeia-futuro\/","title":{"rendered":"Garanhuns, a cidade do agreste que semeia futuro"},"content":{"rendered":"<p>Nas manh\u00e3s frias do agreste pernambucano, quando a neblina ainda se deita pregui\u00e7osa sobre os telhados, Garanhuns acorda cedo. O cheiro de caf\u00e9 se mistura com o burburinho das ruas que v\u00e3o ganhando cor e movimento. E n\u00e3o \u00e9 de hoje que essa cidade, conhecida por suas flores, seus festivais e seu charme serrano, tem florescido tamb\u00e9m em outro terreno: o do trabalho.<\/p>\n<p>Em um Nordeste que tantas vezes luta contra estat\u00edsticas duras, Garanhuns se destaca como quem insiste em contrariar o destino. A cidade tem sido celeiro de oportunidades, abrindo portas em galp\u00f5es industriais, escrit\u00f3rios modernos, e at\u00e9 nas feiras e mercados onde o pequeno empreendedor ergue seu neg\u00f3cio com coragem e suor.<\/p>\n<p>Quem anda pelas ruas da cidade percebe algo no ar \u2014 talvez seja esperan\u00e7a, ou talvez seja a dignidade de quem voltou a ter um of\u00edcio. N\u00e3o \u00e9 exagero dizer que, hoje, Garanhuns \u00e9 s\u00edmbolo de como o interior pode ser protagonista, e n\u00e3o coadjuvante, na transforma\u00e7\u00e3o de uma regi\u00e3o.<\/p>\n<p>Tem quem diga que o segredo est\u00e1 na gente daqui \u2014 trabalhadora, criativa, que n\u00e3o espera cair do c\u00e9u aquilo que pode construir com as pr\u00f3prias m\u00e3os. E \u00e9 verdade. Mas h\u00e1 tamb\u00e9m um esfor\u00e7o coletivo: pol\u00edticas p\u00fablicas bem direcionadas, investimentos chegando, educa\u00e7\u00e3o t\u00e9cnica crescendo. Quando a engrenagem funciona, o progresso deixa de ser promessa e vira rotina.<\/p>\n<p>E assim, entre o frio das manh\u00e3s e o calor das ideias, Garanhuns vai seguindo, gerando empregos, atraindo olhares, e provando que o Nordeste n\u00e3o \u00e9 apenas resist\u00eancia \u2014 \u00e9 tamb\u00e9m reinven\u00e7\u00e3o<\/p>\n","protected":false},"excerpt":{"rendered":"<p>Nas manh\u00e3s frias do agreste pernambucano, quando a neblina ainda se deita pregui\u00e7osa sobre os telhados, Garanhuns acorda cedo. O cheiro de caf\u00e9 se mistura com o burburinho das ruas que v\u00e3o ganhando cor e movimento. E n\u00e3o \u00e9 de hoje que essa cidade, conhecida por suas flores, seus festivais e seu charme serrano, tem [&hellip;]<\/p>\n","protected":false},"author":2,"featured_media":350481,"comment_status":"closed","ping_status":"closed","sticky":false,"template":"","format":"standard","meta":{"_acf_changed":false,"footnotes":""},"categories":[165],"tags":[],"class_list":["post-350480","post","type-post","status-publish","format-standard","has-post-thumbnail","hentry","category-nordeste"],"acf":[],"_links":{"self":[{"href":"https:\/\/www.notibras.com\/site\/wp-json\/wp\/v2\/posts\/350480","targetHints":{"allow":["GET"]}}],"collection":[{"href":"https:\/\/www.notibras.com\/site\/wp-json\/wp\/v2\/posts"}],"about":[{"href":"https:\/\/www.notibras.com\/site\/wp-json\/wp\/v2\/types\/post"}],"author":[{"embeddable":true,"href":"https:\/\/www.notibras.com\/site\/wp-json\/wp\/v2\/users\/2"}],"replies":[{"embeddable":true,"href":"https:\/\/www.notibras.com\/site\/wp-json\/wp\/v2\/comments?post=350480"}],"version-history":[{"count":1,"href":"https:\/\/www.notibras.com\/site\/wp-json\/wp\/v2\/posts\/350480\/revisions"}],"predecessor-version":[{"id":350482,"href":"https:\/\/www.notibras.com\/site\/wp-json\/wp\/v2\/posts\/350480\/revisions\/350482"}],"wp:featuredmedia":[{"embeddable":true,"href":"https:\/\/www.notibras.com\/site\/wp-json\/wp\/v2\/media\/350481"}],"wp:attachment":[{"href":"https:\/\/www.notibras.com\/site\/wp-json\/wp\/v2\/media?parent=350480"}],"wp:term":[{"taxonomy":"category","embeddable":true,"href":"https:\/\/www.notibras.com\/site\/wp-json\/wp\/v2\/categories?post=350480"},{"taxonomy":"post_tag","embeddable":true,"href":"https:\/\/www.notibras.com\/site\/wp-json\/wp\/v2\/tags?post=350480"}],"curies":[{"name":"wp","href":"https:\/\/api.w.org\/{rel}","templated":true}]}}