{"id":350489,"date":"2025-03-21T09:15:59","date_gmt":"2025-03-21T12:15:59","guid":{"rendered":"https:\/\/www.notibras.com\/site\/?p=350489"},"modified":"2025-03-21T09:54:01","modified_gmt":"2025-03-21T12:54:01","slug":"entre-poetas-e-poesias-na-velha-e-aconchegante-livraria-de-salvador","status":"publish","type":"post","link":"https:\/\/www.notibras.com\/site\/entre-poetas-e-poesias-na-velha-e-aconchegante-livraria-de-salvador\/","title":{"rendered":"Entre poetas e poesias na velha e aconchegante livraria de Salvador"},"content":{"rendered":"<p>Aqueles dois se esbarraram pela primeira vez em uma livraria em Salvador. J\u00falio, rapazola dos seus 20 anos, folheava Manuel Bandeira. De t\u00e3o absorvido com a leitura, n\u00e3o percebeu quando Maria L\u00facia, mulher j\u00e1 passada dos 70, adentrou no recinto. Ela se dirigiu ao balc\u00e3o e, voz firme, perguntou sobre novos poetas.<\/p>\n<p>\u2014 Daniel Marchi. Conhece?<\/p>\n<p>\u2014 N\u00e3o. \u00c9 italiano?<\/p>\n<p>\u2014 Carioca, mas o sobrenome parece que \u00e9 italiano.<\/p>\n<p>\u2014 Hum! Interessante! Da minha terra.<\/p>\n<p>\u2014 A senhora \u00e9 italiana?<\/p>\n<p>\u2014 Carioca.<\/p>\n<p>O atendente entregou um exemplar de &#8216;A verdade nos seres&#8217; para a cliente, que come\u00e7ou a manuse\u00e1-lo com bastante interesse. Foi a\u00ed que J\u00falio notou a presen\u00e7a da senhora, o que comprova a tese de que leitores s\u00e3o atra\u00eddos por outros leitores. Seus olhares se cruzaram e um inevit\u00e1vel e quase impercept\u00edvel sorriso surgiu nos l\u00e1bios dos dois.<\/p>\n<p>\u2014 Hum! T\u00e1 de Bandeira?<\/p>\n<p>\u2014 Como?<\/p>\n<p>\u2014 Manuel Bandeira.<\/p>\n<p>\u2014 Ah, sim. Gosta?<\/p>\n<p>\u2014 Muito.<\/p>\n<p>\u2014 E a senhora?<\/p>\n<p>\u2014 Marchi. Daniel Marchi. Conhece?<\/p>\n<p>\u2014 Ouvi falar. \u00c9 bom?<\/p>\n<p>\u2014 T\u00f4 descobrindo agora.<\/p>\n<p>\u2014 Ent\u00e3o, depois a senhora me conta.<\/p>\n<p>\u2014 Maria L\u00facia. E voc\u00ea?<\/p>\n<p>\u2014 J\u00falio.<\/p>\n<p>No m\u00eas seguinte, aqueles leitores se encontraram novamente na mesma livraria. Ela estava na parte dedicada a novos autores, quando J\u00falio entrou. Ele buscava por Drummond, mas n\u00e3o descartava levar algo de Vinicius, se bem que andava encantado com Ad\u00e9lia Prado. Na d\u00favida, o rapaz acabou deixando o carioca de lado e levou um livro de Drummond e outro de Ad\u00e9lia.<\/p>\n<p>\u2014 Hum! Ad\u00e9lia e Drummond s\u00e3o excelentes, J\u00falio.<\/p>\n<p>\u2014 Sim. E o que voc\u00ea comprou?<\/p>\n<p>\u2014 &#8220;O diagn\u00f3stico do espelho&#8221;, da Sarah Munck. Conhece?<\/p>\n<p>\u2014 Hum&#8230; Parece que sim. Ela \u00e9 mineira, n\u00e9?<\/p>\n<p>\u2014 Sim, de Juiz de Fora.<\/p>\n<p>\u2014 Olha que coincid\u00eancia, Maria L\u00facia.<\/p>\n<p>\u2014 O qu\u00ea?<\/p>\n<p>\u2014 Hoje decidimos pelos mineiros.<\/p>\n<p>\u2014 \u00c9 verdade.<\/p>\n<p>Ao longo do ano, la\u00e7os se formaram entre a velha e o jovem, como se idades n\u00e3o passassem de meras data\u00e7\u00f5es. \u00c9 verdade que Maria L\u00facia era mais vivida, mas J\u00falio tinha l\u00e1 suas viv\u00eancias pr\u00f3prias, muitas nem sonhadas pela amiga.<\/p>\n<p>\u2014 Meus filhos, todos criados, que poderiam ser seus pais, n\u00e3o me d\u00e3o tanto trabalho.<\/p>\n<p>\u2014 Qual a idade deles?<\/p>\n<p>\u2014 O mais novo est\u00e1 com 45.<\/p>\n<p>\u2014 Idade da minha m\u00e3e. Papai j\u00e1 tem 52. E o seu marido?<\/p>\n<p>\u2014 Ah, um chato.<\/p>\n<p>\u2014 Hum&#8230;<\/p>\n<p>\u2014 Marido d\u00e1 muito trabalho, estou cansada, esgotada. o Augusto sempre teve uma mulher para escorar. Era a m\u00e3e, depois as irm\u00e3s, depois em mim.<\/p>\n<p>\u2014 Espero n\u00e3o ser um estorvo pra minha esposa.<\/p>\n<p>\u2014 \u00c9 casado?<\/p>\n<p>\u2014 N\u00e3o, ainda n\u00e3o. Nem tenho namorada. Quer dizer, eu tinha, mas ela n\u00e3o quis mais.<\/p>\n<p>\u2014 Amores v\u00e3o e v\u00eam.<\/p>\n<p>\u2014 \u00c9 verdade, Maria L\u00facia.<\/p>\n<p>Os dois amigos continuam frequentando a mesma livraria, seja em busca de novos autores, seja remexendo os antigos. Trocam confid\u00eancias ou, ent\u00e3o, tomam caf\u00e9 enquanto leem uma poesia. E a vida segue, apesar da maioria parecer mais preocupada com as mensagens, todas urgentes, que chegam pelo celular.<\/p>\n<p>&#8230;&#8230;&#8230;&#8230;&#8230;&#8230;&#8230;&#8230;&#8230;<\/p>\n<p><strong>Eduardo Mart\u00ednez \u00e9 autor do livro 57 Contos e Cr\u00f4nicas por um Autor Muito Velho\u2019<\/strong><\/p>\n<p>Compre aqui\u00a0<span class=\"x19la9d6 x1fc57z9 x6ikm8r x10wlt62 x19co3pv x1g5zs5t xfibh0p xiy17q3 x1xsqp64 x1lkfr7t xexx8yu x4uap5 x18d9i69 xkhd6sd\"><span class=\"xrtxmta x1bhl96m\"><img decoding=\"async\" class=\"emoji\" role=\"img\" draggable=\"false\" src=\"https:\/\/s.w.org\/images\/core\/emoji\/15.0.3\/svg\/1f447-1f3ff.svg\" alt=\"&#x1f447;&#x1f3ff;\" \/><\/span><\/span><\/p>\n<p><a href=\"https:\/\/www.joanineditora.com.br\/57-contos-e-cronicas-por-um-autor-muito-velho\">https:\/\/www.joanineditora.com.br\/57-contos-e-cronicas-por-um-autor-muito-velho<\/a><\/p>\n","protected":false},"excerpt":{"rendered":"<p>Aqueles dois se esbarraram pela primeira vez em uma livraria em Salvador. J\u00falio, rapazola dos seus 20 anos, folheava Manuel Bandeira. De t\u00e3o absorvido com a leitura, n\u00e3o percebeu quando Maria L\u00facia, mulher j\u00e1 passada dos 70, adentrou no recinto. Ela se dirigiu ao balc\u00e3o e, voz firme, perguntou sobre novos poetas. \u2014 Daniel Marchi. [&hellip;]<\/p>\n","protected":false},"author":2,"featured_media":350491,"comment_status":"closed","ping_status":"closed","sticky":false,"template":"","format":"standard","meta":{"_acf_changed":false,"footnotes":""},"categories":[165],"tags":[],"class_list":["post-350489","post","type-post","status-publish","format-standard","has-post-thumbnail","hentry","category-nordeste"],"acf":[],"_links":{"self":[{"href":"https:\/\/www.notibras.com\/site\/wp-json\/wp\/v2\/posts\/350489","targetHints":{"allow":["GET"]}}],"collection":[{"href":"https:\/\/www.notibras.com\/site\/wp-json\/wp\/v2\/posts"}],"about":[{"href":"https:\/\/www.notibras.com\/site\/wp-json\/wp\/v2\/types\/post"}],"author":[{"embeddable":true,"href":"https:\/\/www.notibras.com\/site\/wp-json\/wp\/v2\/users\/2"}],"replies":[{"embeddable":true,"href":"https:\/\/www.notibras.com\/site\/wp-json\/wp\/v2\/comments?post=350489"}],"version-history":[{"count":1,"href":"https:\/\/www.notibras.com\/site\/wp-json\/wp\/v2\/posts\/350489\/revisions"}],"predecessor-version":[{"id":350490,"href":"https:\/\/www.notibras.com\/site\/wp-json\/wp\/v2\/posts\/350489\/revisions\/350490"}],"wp:featuredmedia":[{"embeddable":true,"href":"https:\/\/www.notibras.com\/site\/wp-json\/wp\/v2\/media\/350491"}],"wp:attachment":[{"href":"https:\/\/www.notibras.com\/site\/wp-json\/wp\/v2\/media?parent=350489"}],"wp:term":[{"taxonomy":"category","embeddable":true,"href":"https:\/\/www.notibras.com\/site\/wp-json\/wp\/v2\/categories?post=350489"},{"taxonomy":"post_tag","embeddable":true,"href":"https:\/\/www.notibras.com\/site\/wp-json\/wp\/v2\/tags?post=350489"}],"curies":[{"name":"wp","href":"https:\/\/api.w.org\/{rel}","templated":true}]}}