{"id":350551,"date":"2025-03-22T13:06:38","date_gmt":"2025-03-22T16:06:38","guid":{"rendered":"https:\/\/www.notibras.com\/site\/?p=350551"},"modified":"2025-03-22T13:06:38","modified_gmt":"2025-03-22T16:06:38","slug":"a-fila-do-pao-o-general-e-novo-golpe-abortado","status":"publish","type":"post","link":"https:\/\/www.notibras.com\/site\/a-fila-do-pao-o-general-e-novo-golpe-abortado\/","title":{"rendered":"A fila do p\u00e3o, o general e novo golpe abortado"},"content":{"rendered":"<p>Gosto de pensar que a petul\u00e2ncia da adolesc\u00eancia nunca me abandonou por completo. Que sou velha, n\u00e3o resta d\u00favida, mas tenho c\u00e1 ainda for\u00e7a suficiente para uma boa briga. No entanto, nada de viol\u00eancia, pois sou da terra onde o profeta Jos\u00e9 Datrino pintou a emblem\u00e1tica frase &#8216;Gentileza gera gentileza&#8217; no viaduto do Gas\u00f4metro.<\/p>\n<p>N\u00e3o devia ter 16 anos, pois aconteceu pouco depois de 1984. Mam\u00e3e havia me pedido para ir at\u00e9 a padaria da esquina, cujo cheiro dos p\u00e3es inebriava a todos que passavam na esquina da Ministro de Castro com a Belfort Roxo, em Copacabana.<\/p>\n<p>Uma iguaria, que a minha lembran\u00e7a se recusa a aceitar que possa haver melhor nas panificadoras que hoje frequento em Bras\u00edlia. Mem\u00f3ria afetiva, talvez, ou coisa de velho, que n\u00e3o se conforma com a ligeireza que a vida toma quando nos tornamos adultos.<\/p>\n<p>Pois l\u00e1 estava eu na fila do p\u00e3o, quando um homem, que \u00e0quela \u00e9poca me pareceu regular em idade com meu av\u00f4, quis furar a fila. E isso justamente na minha vez. N\u00e3o sei de onde arrumei coragem para tal, pois coloquei meu bra\u00e7o esquerdo sobre o balc\u00e3o, para surpresa do sujeito.<\/p>\n<p>\u2014 Menina, sou general!<\/p>\n<p>\u2014 E da\u00ed que voc\u00ea n\u00e3o quis estudar? Tenho culpa disso?<\/p>\n<p>O tipo me olhou surpreso, mas n\u00e3o que eu tenha virado meu rosto. Percebi pelo reflexo do espelho acima do cesto de p\u00e3es. Rog\u00e9rio, o balconista, ficou indeciso por um instante, por\u00e9m, vendo que eu n\u00e3o arredava p\u00e9, tratou de colocar meia d\u00fazia de p\u00e3es quentinhos dentro do saco de papel com a logomarca da padaria.<\/p>\n<p>\u2014 Aqui, Lucinha. Pr\u00f3ximo!<\/p>\n<p>Em seguida, fui at\u00e9 o caixa, onde paguei e tratei de ir logo embora. Mal entrei no nosso apartamento, contei o ocorrido para minha m\u00e3e, que gostou.<\/p>\n<p>\u2014 Isso mesmo, Lucinha. Se a gente n\u00e3o p\u00f4r limite nesse povo, daqui a pouco tentam outro golpe.<\/p>\n<p>&#8230;&#8230;&#8230;&#8230;&#8230;&#8230;&#8230;&#8230;&#8230;&#8230;&#8230;&#8230;..<\/p>\n<p><strong>Eduardo Mart\u00ednez \u00e9 autor do livro 57 Contos e Cr\u00f4nicas por um Autor Muito Velho\u2019<\/strong><\/p>\n<p>Compre aqui\u00a0<span class=\"x19la9d6 x1fc57z9 x6ikm8r x10wlt62 x19co3pv x1g5zs5t xfibh0p xiy17q3 x1xsqp64 x1lkfr7t xexx8yu x4uap5 x18d9i69 xkhd6sd\"><span class=\"xrtxmta x1bhl96m\"><img decoding=\"async\" class=\"emoji\" role=\"img\" draggable=\"false\" src=\"https:\/\/s.w.org\/images\/core\/emoji\/15.0.3\/svg\/1f447-1f3ff.svg\" alt=\"&#x1f447;&#x1f3ff;\" \/><\/span><\/span><\/p>\n<p><a href=\"https:\/\/www.joanineditora.com.br\/57-contos-e-cronicas-por-um-autor-muito-velho\">https:\/\/www.joanineditora.com.br\/57-contos-e-cronicas-por-um-autor-muito-velho<\/a><\/p>\n","protected":false},"excerpt":{"rendered":"<p>Gosto de pensar que a petul\u00e2ncia da adolesc\u00eancia nunca me abandonou por completo. Que sou velha, n\u00e3o resta d\u00favida, mas tenho c\u00e1 ainda for\u00e7a suficiente para uma boa briga. No entanto, nada de viol\u00eancia, pois sou da terra onde o profeta Jos\u00e9 Datrino pintou a emblem\u00e1tica frase &#8216;Gentileza gera gentileza&#8217; no viaduto do Gas\u00f4metro. N\u00e3o [&hellip;]<\/p>\n","protected":false},"author":2,"featured_media":350552,"comment_status":"closed","ping_status":"closed","sticky":false,"template":"","format":"standard","meta":{"_acf_changed":false,"footnotes":""},"categories":[161],"tags":[],"class_list":["post-350551","post","type-post","status-publish","format-standard","has-post-thumbnail","hentry","category-quadradinho-em-foco"],"acf":[],"_links":{"self":[{"href":"https:\/\/www.notibras.com\/site\/wp-json\/wp\/v2\/posts\/350551","targetHints":{"allow":["GET"]}}],"collection":[{"href":"https:\/\/www.notibras.com\/site\/wp-json\/wp\/v2\/posts"}],"about":[{"href":"https:\/\/www.notibras.com\/site\/wp-json\/wp\/v2\/types\/post"}],"author":[{"embeddable":true,"href":"https:\/\/www.notibras.com\/site\/wp-json\/wp\/v2\/users\/2"}],"replies":[{"embeddable":true,"href":"https:\/\/www.notibras.com\/site\/wp-json\/wp\/v2\/comments?post=350551"}],"version-history":[{"count":1,"href":"https:\/\/www.notibras.com\/site\/wp-json\/wp\/v2\/posts\/350551\/revisions"}],"predecessor-version":[{"id":350553,"href":"https:\/\/www.notibras.com\/site\/wp-json\/wp\/v2\/posts\/350551\/revisions\/350553"}],"wp:featuredmedia":[{"embeddable":true,"href":"https:\/\/www.notibras.com\/site\/wp-json\/wp\/v2\/media\/350552"}],"wp:attachment":[{"href":"https:\/\/www.notibras.com\/site\/wp-json\/wp\/v2\/media?parent=350551"}],"wp:term":[{"taxonomy":"category","embeddable":true,"href":"https:\/\/www.notibras.com\/site\/wp-json\/wp\/v2\/categories?post=350551"},{"taxonomy":"post_tag","embeddable":true,"href":"https:\/\/www.notibras.com\/site\/wp-json\/wp\/v2\/tags?post=350551"}],"curies":[{"name":"wp","href":"https:\/\/api.w.org\/{rel}","templated":true}]}}