{"id":350560,"date":"2025-03-23T00:09:29","date_gmt":"2025-03-23T03:09:29","guid":{"rendered":"https:\/\/www.notibras.com\/site\/?p=350560"},"modified":"2025-03-23T07:12:55","modified_gmt":"2025-03-23T10:12:55","slug":"o-genio-cearense-que-morreu-sob-caminhao-pensando-ser-disco-voador","status":"publish","type":"post","link":"https:\/\/www.notibras.com\/site\/o-genio-cearense-que-morreu-sob-caminhao-pensando-ser-disco-voador\/","title":{"rendered":"O g\u00eanio cearense que morreu sob caminh\u00e3o pensando ser disco voador"},"content":{"rendered":"<p>O cearense Eug\u00eanio, como o nome indica, era um g\u00eanio.<\/p>\n<p>N\u00e3o desses de contos de fadas, da l\u00e2mpada m\u00e1gica, abrigo do par\u00e7a de Aladim, depois europeizados, aportuguesados e trazidos para o Nordeste brasileiro. N\u00e3o, ele era um g\u00eanio do intelecto. Ou julgava ser.<\/p>\n<p>Olhando para ele, ningu\u00e9m diria. Era uma cole\u00e7\u00e3o de inhos: feinho, baixinho, enfezadinho e por a\u00ed seguia. O brilho de seus olhos n\u00e3o vinha da intelig\u00eancia e sim de s\u00f3 pensar naquilo, gostava do fuzu\u00ea mas, infelizmente, a esmagadora maioria das mo\u00e7oilas de Fortaleza n\u00e3o queria nadica de nada com ele. Tampouco se distinguia nos testes de Quociente de Intelig\u00eancia que pululam nas redes sociais. Fizera um deles e obtivera um resultado de 92, cinco pontos superior aos 87 da m\u00e9dia brasileira. Sua rea\u00e7\u00e3o foi dar uma rabissaca de desprezo, afinal, v\u00e1rios outros testes atestavam sua genialidade.<\/p>\n<p>O das linhas da m\u00e3o, por exemplo. Segundo a postagem, se voc\u00ea colocasse lado a lado as palmas das m\u00e3os e as linhas marcantes de cima \u2013 as chamadas linhas do cora\u00e7\u00e3o \u2013 se encontrassem certinho, formando uma curva perfeita, voc\u00ea era um g\u00eanio. Isso acontecia no caso de Eug\u00eanio, que ficou todo pimp\u00e3o por ter seu alt\u00edssimo intelecto cientificamente comprovado. O curioso \u00e9 que o teste se baseava nas linhas do cora\u00e7\u00e3o, n\u00e3o nas linhas da cabe\u00e7a, mas, para os seus divulgadores e para o feliz promovido ao olimpo da intelig\u00eancia, isso era uma insignific\u00e2ncia, um mero detalhe.<\/p>\n<p>O Einstein cearense tinha outras peculiaridades. N\u00e3o trabalhava, pois jamais encontrara um emprego digno dele, \u00e0 altura de sua genialidade.<\/p>\n<p>Era um pingu\u00e7o inveterado, chamado por alguns invejosos de \u201cpudim de cacha\u00e7a\u201d \u2013 e, na verdade, sustentado pela m\u00e3e vi\u00fava, s\u00f3 tinha grana para a marvada e para as cervejinhas de lei. E, apesar do calor do Cear\u00e1, se vestia sempre de preto, da cabe\u00e7a aos p\u00e9s, \u201cpara destoar da manada\u201d, como costumava dizer para si mesmo.<\/p>\n<p>Certa noite, depois de encher os chifres de pinga, Eug\u00eanio saiu de seu boteco habitual em um estado et\u00edlico particularmente elevado. Avan\u00e7ou tr\u00f4pego pela estrada e, num trecho deserto, avistou luzes fortes im\u00f3veis, acima do solo. Concluiu de imediato, com a l\u00f3gica peculiar dos bebuns, ainda que geniais:<\/p>\n<p>\u201c\u00c9 um disco voador. Veio me buscar para algum simp\u00f3sio intergal\u00e1ctico de intelig\u00eancias superiores. Nada mais justo\u201d.<\/p>\n<p>Avan\u00e7ou correndo na dire\u00e7\u00e3o do OINI (objeto im\u00f3vel n\u00e3o identificado).<\/p>\n<p>Foi o seu erro. O motorista do caminh\u00e3o, que j\u00e1 estava pra l\u00e1 de Marrakesh e detivera o ve\u00edculo para acender mais um baseado da excelente erva local (n\u00e3o por acaso, a par\u00f3dia do samba-enredo da Salgueiro, Festa para um rei negro, proclama, \u201cQue beleza, a maconha que vem l\u00e1 do Cear\u00e1\u201d), levou um baita susto ao ver aquele vulto feio e negro vindo r\u00e1pido em sua dire\u00e7\u00e3o e acelerou com tudo. Eug\u00eanio foi atropelado e morreu na hora.<\/p>\n","protected":false},"excerpt":{"rendered":"<p>O cearense Eug\u00eanio, como o nome indica, era um g\u00eanio. N\u00e3o desses de contos de fadas, da l\u00e2mpada m\u00e1gica, abrigo do par\u00e7a de Aladim, depois europeizados, aportuguesados e trazidos para o Nordeste brasileiro. N\u00e3o, ele era um g\u00eanio do intelecto. Ou julgava ser. Olhando para ele, ningu\u00e9m diria. Era uma cole\u00e7\u00e3o de inhos: feinho, baixinho, [&hellip;]<\/p>\n","protected":false},"author":2,"featured_media":350561,"comment_status":"closed","ping_status":"closed","sticky":false,"template":"","format":"standard","meta":{"_acf_changed":false,"footnotes":""},"categories":[165],"tags":[],"class_list":["post-350560","post","type-post","status-publish","format-standard","has-post-thumbnail","hentry","category-nordeste"],"acf":[],"_links":{"self":[{"href":"https:\/\/www.notibras.com\/site\/wp-json\/wp\/v2\/posts\/350560","targetHints":{"allow":["GET"]}}],"collection":[{"href":"https:\/\/www.notibras.com\/site\/wp-json\/wp\/v2\/posts"}],"about":[{"href":"https:\/\/www.notibras.com\/site\/wp-json\/wp\/v2\/types\/post"}],"author":[{"embeddable":true,"href":"https:\/\/www.notibras.com\/site\/wp-json\/wp\/v2\/users\/2"}],"replies":[{"embeddable":true,"href":"https:\/\/www.notibras.com\/site\/wp-json\/wp\/v2\/comments?post=350560"}],"version-history":[{"count":2,"href":"https:\/\/www.notibras.com\/site\/wp-json\/wp\/v2\/posts\/350560\/revisions"}],"predecessor-version":[{"id":350610,"href":"https:\/\/www.notibras.com\/site\/wp-json\/wp\/v2\/posts\/350560\/revisions\/350610"}],"wp:featuredmedia":[{"embeddable":true,"href":"https:\/\/www.notibras.com\/site\/wp-json\/wp\/v2\/media\/350561"}],"wp:attachment":[{"href":"https:\/\/www.notibras.com\/site\/wp-json\/wp\/v2\/media?parent=350560"}],"wp:term":[{"taxonomy":"category","embeddable":true,"href":"https:\/\/www.notibras.com\/site\/wp-json\/wp\/v2\/categories?post=350560"},{"taxonomy":"post_tag","embeddable":true,"href":"https:\/\/www.notibras.com\/site\/wp-json\/wp\/v2\/tags?post=350560"}],"curies":[{"name":"wp","href":"https:\/\/api.w.org\/{rel}","templated":true}]}}