{"id":350597,"date":"2025-03-23T06:41:20","date_gmt":"2025-03-23T09:41:20","guid":{"rendered":"https:\/\/www.notibras.com\/site\/?p=350597"},"modified":"2025-03-23T06:42:44","modified_gmt":"2025-03-23T09:42:44","slug":"soco-se-aconchega-em-prive-nordestino-e-toma-posse-como-se-dele-fosse-o-dono","status":"publish","type":"post","link":"https:\/\/www.notibras.com\/site\/soco-se-aconchega-em-prive-nordestino-e-toma-posse-como-se-dele-fosse-o-dono\/","title":{"rendered":"Soc\u00f3 se aconchega em priv\u00ea nordestino e toma posse como se dele fosse o dono"},"content":{"rendered":"<p>O registro foi nesse s\u00e1bado, 22, morno, daqueles dias em que o tempo no Nordeste parece se espregui\u00e7ar junto com a mar\u00e9. O \u201cPriv\u00ea Para\u00edso do Mar\u201d faz jus ao nome \u2014 coqueiros balan\u00e7ando pregui\u00e7osamente, o som ritmado das ondas, e o sol dourando tudo como se fosse moldura de cart\u00e3o-postal.<\/p>\n<p>Est\u00e1vamos todos \u00e0 beira da piscina, divididos entre a conversa fiada e o sil\u00eancio bom que s\u00f3 os lugares de descanso sabem oferecer. Foi ent\u00e3o que ele chegou. Era um soc\u00f3. N\u00e3o sei de onde veio, talvez dos mangues aqui perto ou de alguma mar\u00e9 que o empurrou ao descanso.<\/p>\n<p>Pousou com eleg\u00e2ncia, como se tivesse reserva marcada. Caminhou pela borda da piscina com o ar de quem est\u00e1 avaliando o local, ou talvez julgando o gosto duvidoso da m\u00fasica ambiente. Os moradores, distra\u00eddos, demoraram a notar. Mas, aos poucos, olhos se voltaram para o pequeno visitante de penas acinzentadas e olhar desconfiado.<\/p>\n<p>O soc\u00f3 n\u00e3o se intimidou. Apreciou o lugar como quem est\u00e1 acostumado com luxos. Bicou a \u00e1gua da borda, olhou o horizonte, talvez pensando se valia a pena ficar por ali. Um garotinho tentou se aproximar, mas a ave, com dignidade de rei em viagem, al\u00e7ou voo baixo, pousando mais adiante, perto das pedras que margeiam o terreno.<\/p>\n<p>Ficou ali um tempo, observando. E, como veio, partiu. Sem pressa, sem alarde. Apenas deixou no ar a leve impress\u00e3o de que, por um breve instante, aquele peda\u00e7o de para\u00edso fez-se ainda mais bonito.<\/p>\n<p>Naquela tarde, o assunto n\u00e3o foi o drink novo do bar, nem o mergulho nas \u00e1guas mornas. O assunto foi o soc\u00f3. Porque tem visitas que v\u00eam sem avisar, mas deixam lembran\u00e7a de morador antigo.<\/p>\n","protected":false},"excerpt":{"rendered":"<p>O registro foi nesse s\u00e1bado, 22, morno, daqueles dias em que o tempo no Nordeste parece se espregui\u00e7ar junto com a mar\u00e9. O \u201cPriv\u00ea Para\u00edso do Mar\u201d faz jus ao nome \u2014 coqueiros balan\u00e7ando pregui\u00e7osamente, o som ritmado das ondas, e o sol dourando tudo como se fosse moldura de cart\u00e3o-postal. Est\u00e1vamos todos \u00e0 beira [&hellip;]<\/p>\n","protected":false},"author":2,"featured_media":350598,"comment_status":"closed","ping_status":"closed","sticky":false,"template":"","format":"standard","meta":{"_acf_changed":false,"footnotes":""},"categories":[165],"tags":[],"class_list":["post-350597","post","type-post","status-publish","format-standard","has-post-thumbnail","hentry","category-nordeste"],"acf":[],"_links":{"self":[{"href":"https:\/\/www.notibras.com\/site\/wp-json\/wp\/v2\/posts\/350597","targetHints":{"allow":["GET"]}}],"collection":[{"href":"https:\/\/www.notibras.com\/site\/wp-json\/wp\/v2\/posts"}],"about":[{"href":"https:\/\/www.notibras.com\/site\/wp-json\/wp\/v2\/types\/post"}],"author":[{"embeddable":true,"href":"https:\/\/www.notibras.com\/site\/wp-json\/wp\/v2\/users\/2"}],"replies":[{"embeddable":true,"href":"https:\/\/www.notibras.com\/site\/wp-json\/wp\/v2\/comments?post=350597"}],"version-history":[{"count":2,"href":"https:\/\/www.notibras.com\/site\/wp-json\/wp\/v2\/posts\/350597\/revisions"}],"predecessor-version":[{"id":350600,"href":"https:\/\/www.notibras.com\/site\/wp-json\/wp\/v2\/posts\/350597\/revisions\/350600"}],"wp:featuredmedia":[{"embeddable":true,"href":"https:\/\/www.notibras.com\/site\/wp-json\/wp\/v2\/media\/350598"}],"wp:attachment":[{"href":"https:\/\/www.notibras.com\/site\/wp-json\/wp\/v2\/media?parent=350597"}],"wp:term":[{"taxonomy":"category","embeddable":true,"href":"https:\/\/www.notibras.com\/site\/wp-json\/wp\/v2\/categories?post=350597"},{"taxonomy":"post_tag","embeddable":true,"href":"https:\/\/www.notibras.com\/site\/wp-json\/wp\/v2\/tags?post=350597"}],"curies":[{"name":"wp","href":"https:\/\/api.w.org\/{rel}","templated":true}]}}