{"id":350651,"date":"2025-03-24T03:20:10","date_gmt":"2025-03-24T06:20:10","guid":{"rendered":"https:\/\/www.notibras.com\/site\/?p=350651"},"modified":"2025-03-24T03:28:02","modified_gmt":"2025-03-24T06:28:02","slug":"governo-corre-atras-do-prejuizo-para-tentar-salvar-alguma-coisa","status":"publish","type":"post","link":"https:\/\/www.notibras.com\/site\/governo-corre-atras-do-prejuizo-para-tentar-salvar-alguma-coisa\/","title":{"rendered":"Governo corre atr\u00e1s do preju\u00edzo para tentar salvar alguma coisa"},"content":{"rendered":"<p>O fracasso da manifesta\u00e7\u00e3o bolsonarista em Copacabana chegou como um al\u00edvio para Lula. Mas nem deu tempo de degustar a boa fase, porque uma nova rodada da pesquisa PoderData confirmou que a sangria do governo ainda n\u00e3o chegou ao fim, com 44% dos eleitores considerando o governo Lula pior que o de Bolsonaro. Mesmo assim, na opini\u00e3o de Marcos Gon\u00e7alves, n\u00e3o \u00e9 poss\u00edvel dizer que os dados apontem tend\u00eancias estruturais e ainda haveria tempo para reverter o quadro atual.<\/p>\n<p>A chave para isso \u00e9 bem conhecida e parece consensual no Planalto: fazer com que a pol\u00edtica econ\u00f4mica melhore a vida dos mais pobres. O caminho est\u00e1 certo, avalia Maria Herm\u00ednia Tavares, mas n\u00e3o se sabe ainda se medidas como o P\u00e9 de Meia, cr\u00e9dito consignado para trabalhadores e Vale G\u00e1s surtir\u00e3o o efeito esperado. Al\u00e9m disso, n\u00e3o se vislumbra nada t\u00e3o ousado como um Bolsa Fam\u00edlia, um PAC ou um Minha Casa Minha Vida que marcaram os governos petistas do passado.<\/p>\n<p>Pode-se esperar, no m\u00e1ximo, um engorde do Programa Minha Casa Minha Vida, sem superar a l\u00f3gica da pulveriza\u00e7\u00e3o de iniciativas. Ali\u00e1s, a falta de uma identidade contribui para desmobilizar as bases de apoio do terceiro mandato de Lula. O que estimula o ministro da Comunica\u00e7\u00e3o Social, Sid\u00f4nio Pereira, a encontrar uma solu\u00e7\u00e3o m\u00e1gica para atrair jovens, evang\u00e9licos e empreendedores, agregando as atuais pol\u00edticas p\u00fablicas sob um slogan chamado Prospera Brasil.<\/p>\n<p>Por\u00e9m, a aposta mais promissora \u00e9 mesmo a reforma do Imposto de Renda, o que tamb\u00e9m ajudaria a recuperar a desgastada imagem de Fernando Haddad. A vantagem da proposta \u00e9 que ela n\u00e3o implicaria em aumento da carga tribut\u00e1ria, esvaziando o surrado argumento do mercado para se opor, al\u00e9m de ter car\u00e1ter progressivo, prevendo a sobretaxa\u00e7\u00e3o dos 141 mil contribuintes mais ricos &#8211; com renda superior a R$50 mil mensais &#8211; para isentar os 10 milh\u00f5es mais pobres &#8211; que ganham menos de R$5 mil ao m\u00eas.<\/p>\n<p><strong>S\u00f3 falta combinar<\/strong><br \/>\nO plano de Lula seria perfeito se n\u00e3o dependesse do mercado e do centr\u00e3o. A persist\u00eancia da infla\u00e7\u00e3o em alta num contexto de juros elevados coloca o governo numa sinuca de bico. Afinal, \u00e9 a primeira vez que Lula tem maioria de indicados na diretoria do Banco Central, al\u00e9m do pr\u00f3prio presidente do Banco, Gabriel Gal\u00edpolo. E, no entanto, nada disso evitou que o Copom votasse por consenso um novo aumento da taxa Selic, que chegou a 14,25%, o mesmo patamar de 10 anos atr\u00e1s.<\/p>\n<p>Depois disso, ainda \u00e9 poss\u00edvel imaginar que Gal\u00edpolo possa inverter a linha ascendente? Ou a batalha dos juros j\u00e1 foi dada como perdida? Por enquanto, a atua\u00e7\u00e3o do novo presidente do Bacen s\u00f3 prova que quem controla a institui\u00e7\u00e3o continua sendo a Faria Lima. A situa\u00e7\u00e3o econ\u00f4mica tende a se agravar tamb\u00e9m porque n\u00e3o h\u00e1 sinais de que Trump pretenda revogar a sobretaxa\u00e7\u00e3o sobre o a\u00e7o e o alum\u00ednio brasileiro, o que nas proje\u00e7\u00f5es da OCDE pode prejudicar o crescimento do pa\u00eds.<\/p>\n<p>As outras dificuldades para implementar a agenda do Planalto est\u00e3o dentro do Congresso. \u00c9 verdade que a nova ministra das Rela\u00e7\u00f5es Institucionais, Gleisi Hoffmann, fez bem o dever de casa e pavimentou os caminhos no Congresso para que a reforma do Imposto de Renda saia do papel. Mas a base aliada ainda espera acenos concretos por parte do governo, leia-se minist\u00e9rios. At\u00e9 l\u00e1, o que sobra para negociar \u00e9 o varejo da libera\u00e7\u00e3o de emendas paradas e das indica\u00e7\u00f5es \u00e0s presid\u00eancias de Comiss\u00f5es na C\u00e2mara, cujos impasses come\u00e7am a serem resolvidos. Com isso, a vota\u00e7\u00e3o da Lei Or\u00e7ament\u00e1ria de 2025 foi destravada e o ano financeiro no setor p\u00fablico de fato come\u00e7a.<\/p>\n<p>&#8230;&#8230;&#8230;&#8230;&#8230;&#8230;&#8230;<\/p>\n<p><strong>O Boletim O Ponto \u00e9 produzido por Lauro Allan Almeida Duvoisin e Miguel Enrique St\u00e9dile para o MST<\/strong><\/p>\n","protected":false},"excerpt":{"rendered":"<p>O fracasso da manifesta\u00e7\u00e3o bolsonarista em Copacabana chegou como um al\u00edvio para Lula. Mas nem deu tempo de degustar a boa fase, porque uma nova rodada da pesquisa PoderData confirmou que a sangria do governo ainda n\u00e3o chegou ao fim, com 44% dos eleitores considerando o governo Lula pior que o de Bolsonaro. Mesmo assim, [&hellip;]<\/p>\n","protected":false},"author":2,"featured_media":350652,"comment_status":"closed","ping_status":"closed","sticky":false,"template":"","format":"standard","meta":{"_acf_changed":false,"footnotes":""},"categories":[16],"tags":[],"class_list":["post-350651","post","type-post","status-publish","format-standard","has-post-thumbnail","hentry","category-brasil"],"acf":[],"yoast_head":"<!-- This site is optimized with the Yoast SEO plugin v27.2 - https:\/\/yoast.com\/product\/yoast-seo-wordpress\/ -->\n<title>Governo corre atr\u00e1s do preju\u00edzo para tentar salvar alguma coisa - Notibras<\/title>\n<meta name=\"robots\" content=\"index, follow, max-snippet:-1, max-image-preview:large, max-video-preview:-1\" \/>\n<link rel=\"canonical\" href=\"https:\/\/www.notibras.com\/site\/governo-corre-atras-do-prejuizo-para-tentar-salvar-alguma-coisa\/\" \/>\n<meta property=\"og:locale\" content=\"pt_BR\" \/>\n<meta property=\"og:type\" content=\"article\" \/>\n<meta property=\"og:title\" content=\"Governo corre atr\u00e1s do preju\u00edzo para tentar salvar alguma coisa - Notibras\" \/>\n<meta property=\"og:description\" content=\"O fracasso da manifesta\u00e7\u00e3o bolsonarista em Copacabana chegou como um al\u00edvio para Lula. Mas nem deu tempo de degustar a boa fase, porque uma nova rodada da pesquisa PoderData confirmou que a sangria do governo ainda n\u00e3o chegou ao fim, com 44% dos eleitores considerando o governo Lula pior que o de Bolsonaro. Mesmo assim, [&hellip;]\" \/>\n<meta property=\"og:url\" content=\"https:\/\/www.notibras.com\/site\/governo-corre-atras-do-prejuizo-para-tentar-salvar-alguma-coisa\/\" \/>\n<meta property=\"og:site_name\" content=\"Notibras\" \/>\n<meta property=\"article:publisher\" content=\"https:\/\/www.facebook.com\/notibras\/\" \/>\n<meta property=\"article:published_time\" content=\"2025-03-24T06:20:10+00:00\" \/>\n<meta property=\"article:modified_time\" content=\"2025-03-24T06:28:02+00:00\" \/>\n<meta property=\"og:image\" content=\"https:\/\/www.notibras.com\/site\/wp-content\/uploads\/2025\/03\/coletiva-sidonio_mcamgo_abr_14012025-5.webp\" \/>\n\t<meta property=\"og:image:width\" content=\"770\" \/>\n\t<meta property=\"og:image:height\" content=\"513\" \/>\n\t<meta property=\"og:image:type\" content=\"image\/webp\" \/>\n<meta name=\"author\" content=\"Reda\u00e7\u00e3o\" \/>\n<meta name=\"twitter:card\" content=\"summary_large_image\" \/>\n<meta name=\"twitter:creator\" content=\"@Notibras\" \/>\n<meta name=\"twitter:site\" content=\"@Notibras\" \/>\n<meta name=\"twitter:label1\" content=\"Escrito por\" \/>\n\t<meta name=\"twitter:data1\" content=\"Reda\u00e7\u00e3o\" \/>\n\t<meta name=\"twitter:label2\" content=\"Est. tempo de leitura\" \/>\n\t<meta name=\"twitter:data2\" content=\"4 minutos\" \/>\n<script type=\"application\/ld+json\" class=\"yoast-schema-graph\">{\"@context\":\"https:\/\/schema.org\",\"@graph\":[{\"@type\":\"Article\",\"@id\":\"https:\/\/www.notibras.com\/site\/governo-corre-atras-do-prejuizo-para-tentar-salvar-alguma-coisa\/#article\",\"isPartOf\":{\"@id\":\"https:\/\/www.notibras.com\/site\/governo-corre-atras-do-prejuizo-para-tentar-salvar-alguma-coisa\/\"},\"author\":{\"name\":\"Reda\u00e7\u00e3o\",\"@id\":\"https:\/\/www.notibras.com\/site\/#\/schema\/person\/36ab0979449956132d3e5b517ea76ac8\"},\"headline\":\"Governo corre atr\u00e1s do preju\u00edzo para tentar salvar alguma coisa\",\"datePublished\":\"2025-03-24T06:20:10+00:00\",\"dateModified\":\"2025-03-24T06:28:02+00:00\",\"mainEntityOfPage\":{\"@id\":\"https:\/\/www.notibras.com\/site\/governo-corre-atras-do-prejuizo-para-tentar-salvar-alguma-coisa\/\"},\"wordCount\":690,\"publisher\":{\"@id\":\"https:\/\/www.notibras.com\/site\/#organization\"},\"image\":{\"@id\":\"https:\/\/www.notibras.com\/site\/governo-corre-atras-do-prejuizo-para-tentar-salvar-alguma-coisa\/#primaryimage\"},\"thumbnailUrl\":\"https:\/\/www.notibras.com\/site\/wp-content\/uploads\/2025\/03\/coletiva-sidonio_mcamgo_abr_14012025-5.webp\",\"articleSection\":[\"Brasil\"],\"inLanguage\":\"pt-BR\"},{\"@type\":\"WebPage\",\"@id\":\"https:\/\/www.notibras.com\/site\/governo-corre-atras-do-prejuizo-para-tentar-salvar-alguma-coisa\/\",\"url\":\"https:\/\/www.notibras.com\/site\/governo-corre-atras-do-prejuizo-para-tentar-salvar-alguma-coisa\/\",\"name\":\"Governo corre atr\u00e1s do preju\u00edzo para tentar salvar alguma coisa - Notibras\",\"isPartOf\":{\"@id\":\"https:\/\/www.notibras.com\/site\/#website\"},\"primaryImageOfPage\":{\"@id\":\"https:\/\/www.notibras.com\/site\/governo-corre-atras-do-prejuizo-para-tentar-salvar-alguma-coisa\/#primaryimage\"},\"image\":{\"@id\":\"https:\/\/www.notibras.com\/site\/governo-corre-atras-do-prejuizo-para-tentar-salvar-alguma-coisa\/#primaryimage\"},\"thumbnailUrl\":\"https:\/\/www.notibras.com\/site\/wp-content\/uploads\/2025\/03\/coletiva-sidonio_mcamgo_abr_14012025-5.webp\",\"datePublished\":\"2025-03-24T06:20:10+00:00\",\"dateModified\":\"2025-03-24T06:28:02+00:00\",\"breadcrumb\":{\"@id\":\"https:\/\/www.notibras.com\/site\/governo-corre-atras-do-prejuizo-para-tentar-salvar-alguma-coisa\/#breadcrumb\"},\"inLanguage\":\"pt-BR\",\"potentialAction\":[{\"@type\":\"ReadAction\",\"target\":[\"https:\/\/www.notibras.com\/site\/governo-corre-atras-do-prejuizo-para-tentar-salvar-alguma-coisa\/\"]}]},{\"@type\":\"ImageObject\",\"inLanguage\":\"pt-BR\",\"@id\":\"https:\/\/www.notibras.com\/site\/governo-corre-atras-do-prejuizo-para-tentar-salvar-alguma-coisa\/#primaryimage\",\"url\":\"https:\/\/www.notibras.com\/site\/wp-content\/uploads\/2025\/03\/coletiva-sidonio_mcamgo_abr_14012025-5.webp\",\"contentUrl\":\"https:\/\/www.notibras.com\/site\/wp-content\/uploads\/2025\/03\/coletiva-sidonio_mcamgo_abr_14012025-5.webp\",\"width\":770,\"height\":513},{\"@type\":\"BreadcrumbList\",\"@id\":\"https:\/\/www.notibras.com\/site\/governo-corre-atras-do-prejuizo-para-tentar-salvar-alguma-coisa\/#breadcrumb\",\"itemListElement\":[{\"@type\":\"ListItem\",\"position\":1,\"name\":\"In\u00edcio\",\"item\":\"https:\/\/www.notibras.com\/site\/\"},{\"@type\":\"ListItem\",\"position\":2,\"name\":\"Governo corre atr\u00e1s do preju\u00edzo para tentar salvar alguma coisa\"}]},{\"@type\":\"WebSite\",\"@id\":\"https:\/\/www.notibras.com\/site\/#website\",\"url\":\"https:\/\/www.notibras.com\/site\/\",\"name\":\"Notibras\",\"description\":\"Not\u00edcias de Bras\u00edlia, do Brasil e do Mundo\",\"publisher\":{\"@id\":\"https:\/\/www.notibras.com\/site\/#organization\"},\"potentialAction\":[{\"@type\":\"SearchAction\",\"target\":{\"@type\":\"EntryPoint\",\"urlTemplate\":\"https:\/\/www.notibras.com\/site\/?s={search_term_string}\"},\"query-input\":{\"@type\":\"PropertyValueSpecification\",\"valueRequired\":true,\"valueName\":\"search_term_string\"}}],\"inLanguage\":\"pt-BR\"},{\"@type\":\"Organization\",\"@id\":\"https:\/\/www.notibras.com\/site\/#organization\",\"name\":\"Grupo Notibras de Comunica\u00e7\u00e3o\",\"url\":\"https:\/\/www.notibras.com\/site\/\",\"logo\":{\"@type\":\"ImageObject\",\"inLanguage\":\"pt-BR\",\"@id\":\"https:\/\/www.notibras.com\/site\/#\/schema\/logo\/image\/\",\"url\":\"https:\/\/www.notibras.com\/site\/wp-content\/uploads\/2023\/01\/notibras23.png\",\"contentUrl\":\"https:\/\/www.notibras.com\/site\/wp-content\/uploads\/2023\/01\/notibras23.png\",\"width\":350,\"height\":87,\"caption\":\"Grupo Notibras de Comunica\u00e7\u00e3o\"},\"image\":{\"@id\":\"https:\/\/www.notibras.com\/site\/#\/schema\/logo\/image\/\"},\"sameAs\":[\"https:\/\/www.facebook.com\/notibras\/\",\"https:\/\/x.com\/Notibras\",\"https:\/\/www.instagram.com\/notibras\/\"]},{\"@type\":\"Person\",\"@id\":\"https:\/\/www.notibras.com\/site\/#\/schema\/person\/36ab0979449956132d3e5b517ea76ac8\",\"name\":\"Reda\u00e7\u00e3o\",\"image\":{\"@type\":\"ImageObject\",\"inLanguage\":\"pt-BR\",\"@id\":\"https:\/\/secure.gravatar.com\/avatar\/e0a867bdedb85fd243eadf09663511f96fc81e0720a4a42581f334ad4303aa6b?s=96&d=mm&r=g\",\"url\":\"https:\/\/secure.gravatar.com\/avatar\/e0a867bdedb85fd243eadf09663511f96fc81e0720a4a42581f334ad4303aa6b?s=96&d=mm&r=g\",\"contentUrl\":\"https:\/\/secure.gravatar.com\/avatar\/e0a867bdedb85fd243eadf09663511f96fc81e0720a4a42581f334ad4303aa6b?s=96&d=mm&r=g\",\"caption\":\"Reda\u00e7\u00e3o\"}}]}<\/script>\n<!-- \/ Yoast SEO plugin. -->","yoast_head_json":{"title":"Governo corre atr\u00e1s do preju\u00edzo para tentar salvar alguma coisa - Notibras","robots":{"index":"index","follow":"follow","max-snippet":"max-snippet:-1","max-image-preview":"max-image-preview:large","max-video-preview":"max-video-preview:-1"},"canonical":"https:\/\/www.notibras.com\/site\/governo-corre-atras-do-prejuizo-para-tentar-salvar-alguma-coisa\/","og_locale":"pt_BR","og_type":"article","og_title":"Governo corre atr\u00e1s do preju\u00edzo para tentar salvar alguma coisa - Notibras","og_description":"O fracasso da manifesta\u00e7\u00e3o bolsonarista em Copacabana chegou como um al\u00edvio para Lula. Mas nem deu tempo de degustar a boa fase, porque uma nova rodada da pesquisa PoderData confirmou que a sangria do governo ainda n\u00e3o chegou ao fim, com 44% dos eleitores considerando o governo Lula pior que o de Bolsonaro. Mesmo assim, [&hellip;]","og_url":"https:\/\/www.notibras.com\/site\/governo-corre-atras-do-prejuizo-para-tentar-salvar-alguma-coisa\/","og_site_name":"Notibras","article_publisher":"https:\/\/www.facebook.com\/notibras\/","article_published_time":"2025-03-24T06:20:10+00:00","article_modified_time":"2025-03-24T06:28:02+00:00","og_image":[{"width":770,"height":513,"url":"https:\/\/www.notibras.com\/site\/wp-content\/uploads\/2025\/03\/coletiva-sidonio_mcamgo_abr_14012025-5.webp","type":"image\/webp"}],"author":"Reda\u00e7\u00e3o","twitter_card":"summary_large_image","twitter_creator":"@Notibras","twitter_site":"@Notibras","twitter_misc":{"Escrito por":"Reda\u00e7\u00e3o","Est. tempo de leitura":"4 minutos"},"schema":{"@context":"https:\/\/schema.org","@graph":[{"@type":"Article","@id":"https:\/\/www.notibras.com\/site\/governo-corre-atras-do-prejuizo-para-tentar-salvar-alguma-coisa\/#article","isPartOf":{"@id":"https:\/\/www.notibras.com\/site\/governo-corre-atras-do-prejuizo-para-tentar-salvar-alguma-coisa\/"},"author":{"name":"Reda\u00e7\u00e3o","@id":"https:\/\/www.notibras.com\/site\/#\/schema\/person\/36ab0979449956132d3e5b517ea76ac8"},"headline":"Governo corre atr\u00e1s do preju\u00edzo para tentar salvar alguma coisa","datePublished":"2025-03-24T06:20:10+00:00","dateModified":"2025-03-24T06:28:02+00:00","mainEntityOfPage":{"@id":"https:\/\/www.notibras.com\/site\/governo-corre-atras-do-prejuizo-para-tentar-salvar-alguma-coisa\/"},"wordCount":690,"publisher":{"@id":"https:\/\/www.notibras.com\/site\/#organization"},"image":{"@id":"https:\/\/www.notibras.com\/site\/governo-corre-atras-do-prejuizo-para-tentar-salvar-alguma-coisa\/#primaryimage"},"thumbnailUrl":"https:\/\/www.notibras.com\/site\/wp-content\/uploads\/2025\/03\/coletiva-sidonio_mcamgo_abr_14012025-5.webp","articleSection":["Brasil"],"inLanguage":"pt-BR"},{"@type":"WebPage","@id":"https:\/\/www.notibras.com\/site\/governo-corre-atras-do-prejuizo-para-tentar-salvar-alguma-coisa\/","url":"https:\/\/www.notibras.com\/site\/governo-corre-atras-do-prejuizo-para-tentar-salvar-alguma-coisa\/","name":"Governo corre atr\u00e1s do preju\u00edzo para tentar salvar alguma coisa - Notibras","isPartOf":{"@id":"https:\/\/www.notibras.com\/site\/#website"},"primaryImageOfPage":{"@id":"https:\/\/www.notibras.com\/site\/governo-corre-atras-do-prejuizo-para-tentar-salvar-alguma-coisa\/#primaryimage"},"image":{"@id":"https:\/\/www.notibras.com\/site\/governo-corre-atras-do-prejuizo-para-tentar-salvar-alguma-coisa\/#primaryimage"},"thumbnailUrl":"https:\/\/www.notibras.com\/site\/wp-content\/uploads\/2025\/03\/coletiva-sidonio_mcamgo_abr_14012025-5.webp","datePublished":"2025-03-24T06:20:10+00:00","dateModified":"2025-03-24T06:28:02+00:00","breadcrumb":{"@id":"https:\/\/www.notibras.com\/site\/governo-corre-atras-do-prejuizo-para-tentar-salvar-alguma-coisa\/#breadcrumb"},"inLanguage":"pt-BR","potentialAction":[{"@type":"ReadAction","target":["https:\/\/www.notibras.com\/site\/governo-corre-atras-do-prejuizo-para-tentar-salvar-alguma-coisa\/"]}]},{"@type":"ImageObject","inLanguage":"pt-BR","@id":"https:\/\/www.notibras.com\/site\/governo-corre-atras-do-prejuizo-para-tentar-salvar-alguma-coisa\/#primaryimage","url":"https:\/\/www.notibras.com\/site\/wp-content\/uploads\/2025\/03\/coletiva-sidonio_mcamgo_abr_14012025-5.webp","contentUrl":"https:\/\/www.notibras.com\/site\/wp-content\/uploads\/2025\/03\/coletiva-sidonio_mcamgo_abr_14012025-5.webp","width":770,"height":513},{"@type":"BreadcrumbList","@id":"https:\/\/www.notibras.com\/site\/governo-corre-atras-do-prejuizo-para-tentar-salvar-alguma-coisa\/#breadcrumb","itemListElement":[{"@type":"ListItem","position":1,"name":"In\u00edcio","item":"https:\/\/www.notibras.com\/site\/"},{"@type":"ListItem","position":2,"name":"Governo corre atr\u00e1s do preju\u00edzo para tentar salvar alguma coisa"}]},{"@type":"WebSite","@id":"https:\/\/www.notibras.com\/site\/#website","url":"https:\/\/www.notibras.com\/site\/","name":"Notibras","description":"Not\u00edcias de Bras\u00edlia, do Brasil e do Mundo","publisher":{"@id":"https:\/\/www.notibras.com\/site\/#organization"},"potentialAction":[{"@type":"SearchAction","target":{"@type":"EntryPoint","urlTemplate":"https:\/\/www.notibras.com\/site\/?s={search_term_string}"},"query-input":{"@type":"PropertyValueSpecification","valueRequired":true,"valueName":"search_term_string"}}],"inLanguage":"pt-BR"},{"@type":"Organization","@id":"https:\/\/www.notibras.com\/site\/#organization","name":"Grupo Notibras de Comunica\u00e7\u00e3o","url":"https:\/\/www.notibras.com\/site\/","logo":{"@type":"ImageObject","inLanguage":"pt-BR","@id":"https:\/\/www.notibras.com\/site\/#\/schema\/logo\/image\/","url":"https:\/\/www.notibras.com\/site\/wp-content\/uploads\/2023\/01\/notibras23.png","contentUrl":"https:\/\/www.notibras.com\/site\/wp-content\/uploads\/2023\/01\/notibras23.png","width":350,"height":87,"caption":"Grupo Notibras de Comunica\u00e7\u00e3o"},"image":{"@id":"https:\/\/www.notibras.com\/site\/#\/schema\/logo\/image\/"},"sameAs":["https:\/\/www.facebook.com\/notibras\/","https:\/\/x.com\/Notibras","https:\/\/www.instagram.com\/notibras\/"]},{"@type":"Person","@id":"https:\/\/www.notibras.com\/site\/#\/schema\/person\/36ab0979449956132d3e5b517ea76ac8","name":"Reda\u00e7\u00e3o","image":{"@type":"ImageObject","inLanguage":"pt-BR","@id":"https:\/\/secure.gravatar.com\/avatar\/e0a867bdedb85fd243eadf09663511f96fc81e0720a4a42581f334ad4303aa6b?s=96&d=mm&r=g","url":"https:\/\/secure.gravatar.com\/avatar\/e0a867bdedb85fd243eadf09663511f96fc81e0720a4a42581f334ad4303aa6b?s=96&d=mm&r=g","contentUrl":"https:\/\/secure.gravatar.com\/avatar\/e0a867bdedb85fd243eadf09663511f96fc81e0720a4a42581f334ad4303aa6b?s=96&d=mm&r=g","caption":"Reda\u00e7\u00e3o"}}]}},"amp_enabled":true,"_links":{"self":[{"href":"https:\/\/www.notibras.com\/site\/wp-json\/wp\/v2\/posts\/350651","targetHints":{"allow":["GET"]}}],"collection":[{"href":"https:\/\/www.notibras.com\/site\/wp-json\/wp\/v2\/posts"}],"about":[{"href":"https:\/\/www.notibras.com\/site\/wp-json\/wp\/v2\/types\/post"}],"author":[{"embeddable":true,"href":"https:\/\/www.notibras.com\/site\/wp-json\/wp\/v2\/users\/2"}],"replies":[{"embeddable":true,"href":"https:\/\/www.notibras.com\/site\/wp-json\/wp\/v2\/comments?post=350651"}],"version-history":[{"count":1,"href":"https:\/\/www.notibras.com\/site\/wp-json\/wp\/v2\/posts\/350651\/revisions"}],"predecessor-version":[{"id":350653,"href":"https:\/\/www.notibras.com\/site\/wp-json\/wp\/v2\/posts\/350651\/revisions\/350653"}],"wp:featuredmedia":[{"embeddable":true,"href":"https:\/\/www.notibras.com\/site\/wp-json\/wp\/v2\/media\/350652"}],"wp:attachment":[{"href":"https:\/\/www.notibras.com\/site\/wp-json\/wp\/v2\/media?parent=350651"}],"wp:term":[{"taxonomy":"category","embeddable":true,"href":"https:\/\/www.notibras.com\/site\/wp-json\/wp\/v2\/categories?post=350651"},{"taxonomy":"post_tag","embeddable":true,"href":"https:\/\/www.notibras.com\/site\/wp-json\/wp\/v2\/tags?post=350651"}],"curies":[{"name":"wp","href":"https:\/\/api.w.org\/{rel}","templated":true}]}}