{"id":350654,"date":"2025-03-24T03:15:23","date_gmt":"2025-03-24T06:15:23","guid":{"rendered":"https:\/\/www.notibras.com\/site\/?p=350654"},"modified":"2025-03-24T03:35:00","modified_gmt":"2025-03-24T06:35:00","slug":"bolsonaro-gastou-todas-as-cartas-da-manga-e-so-fez-dividir-a-direita","status":"publish","type":"post","link":"https:\/\/www.notibras.com\/site\/bolsonaro-gastou-todas-as-cartas-da-manga-e-so-fez-dividir-a-direita\/","title":{"rendered":"Bolsonaro gastou todas as cartas da manga e s\u00f3 fez dividir a direita"},"content":{"rendered":"<p>Jair Bolsonaro viu suas melhores chances de sobreviv\u00eancia pol\u00edtica morrerem nas areias de Copacabana. O ato que reuniu algo entre 18 e 30 mil pessoas, demonstrou que o ex-capit\u00e3o ainda tem capacidade de mobiliza\u00e7\u00e3o, mas nada que seja suficiente nem para impulsionar a bandeira da anistia, seu ve\u00edculo de propaganda para atacar o STF, nem para fortalec\u00ea-lo antes do julgamento e, muito menos, para assegurar um futuro pol\u00edtico.<\/p>\n<p>O ato serviu como uma esp\u00e9cie de depura\u00e7\u00e3o: ficam com Bolsonaro os eleitores cat\u00f3licos mais conservadores, os pastores evang\u00e9licos ao estilo Silas Malafaia e a leg\u00edtima extrema-direita, ainda que com tr\u00eas governadores. Por outro lado, libera o centr\u00e3o e a direita mais pragm\u00e1tica do peso de um Bolsonaro a caminho da pris\u00e3o. E, finalmente, Tarc\u00edsio de Freitas parece que pode colher anos de fidelidade ao bolsonarismo, podendo al\u00e7ar um voo solo sem ser tolhido por seu criador.<\/p>\n<p>O fiasco do ato, somado ao desempenho mediano como cabo eleitoral nas elei\u00e7\u00f5es municipais, tamb\u00e9m tira de Bolsonaro a prerrogativa de definir a candidatura da direita nas elei\u00e7\u00f5es, mais especificamente de escolher um de seus filhos como candidato. Neste caso, Tarc\u00edsio vira a melhor op\u00e7\u00e3o para todos, preservando alguma influ\u00eancia do bolsonarismo, mas tamb\u00e9m tira a fam\u00edlia miliciana do centro de gravidade, al\u00e9m de ter as b\u00ean\u00e7\u00e3os do mercado financeiro. Enquanto o fracasso do ato fortalece a direita, lhe abrindo caminhos, para Bolsonaro, a situa\u00e7\u00e3o exige mudan\u00e7a de t\u00e1tica.<\/p>\n<p>O afastamento tempor\u00e1rio de Eduardo Bolsonaro da C\u00e2mara \u00e9 sinal de que agora a fam\u00edlia do ex-capit\u00e3o vai apostar no apoio de Trump e das big techs para compensar a perda de for\u00e7a nas ruas e no Congresso. Ou quem sabe preparar a fuga do patriarca. A campanha pela anistia deve perder for\u00e7a, ainda que continue sendo o melhor atalho para Bolsonaro tentar alguma sobrevida eleitoral, assim como o peso do ex-capit\u00e3o em 2026 nem de longe ser\u00e1 como o de Lula em 2018. A prioridade m\u00e1xima \u00e9 escapar ou minimizar os danos da pris\u00e3o.<\/p>\n<p>&#8230;&#8230;&#8230;&#8230;&#8230;&#8230;&#8230;&#8230;&#8230;&#8230;.<\/p>\n<p><strong>O Boletim O Ponto \u00e9 produzido por Lauro Allan Almeida Duvoisin e Miguel Enrique St\u00e9dile para o MST<\/strong><\/p>\n","protected":false},"excerpt":{"rendered":"<p>Jair Bolsonaro viu suas melhores chances de sobreviv\u00eancia pol\u00edtica morrerem nas areias de Copacabana. O ato que reuniu algo entre 18 e 30 mil pessoas, demonstrou que o ex-capit\u00e3o ainda tem capacidade de mobiliza\u00e7\u00e3o, mas nada que seja suficiente nem para impulsionar a bandeira da anistia, seu ve\u00edculo de propaganda para atacar o STF, nem [&hellip;]<\/p>\n","protected":false},"author":2,"featured_media":287636,"comment_status":"closed","ping_status":"closed","sticky":false,"template":"","format":"standard","meta":{"_acf_changed":false,"footnotes":""},"categories":[16],"tags":[],"class_list":["post-350654","post","type-post","status-publish","format-standard","has-post-thumbnail","hentry","category-brasil"],"acf":[],"_links":{"self":[{"href":"https:\/\/www.notibras.com\/site\/wp-json\/wp\/v2\/posts\/350654","targetHints":{"allow":["GET"]}}],"collection":[{"href":"https:\/\/www.notibras.com\/site\/wp-json\/wp\/v2\/posts"}],"about":[{"href":"https:\/\/www.notibras.com\/site\/wp-json\/wp\/v2\/types\/post"}],"author":[{"embeddable":true,"href":"https:\/\/www.notibras.com\/site\/wp-json\/wp\/v2\/users\/2"}],"replies":[{"embeddable":true,"href":"https:\/\/www.notibras.com\/site\/wp-json\/wp\/v2\/comments?post=350654"}],"version-history":[{"count":1,"href":"https:\/\/www.notibras.com\/site\/wp-json\/wp\/v2\/posts\/350654\/revisions"}],"predecessor-version":[{"id":350655,"href":"https:\/\/www.notibras.com\/site\/wp-json\/wp\/v2\/posts\/350654\/revisions\/350655"}],"wp:featuredmedia":[{"embeddable":true,"href":"https:\/\/www.notibras.com\/site\/wp-json\/wp\/v2\/media\/287636"}],"wp:attachment":[{"href":"https:\/\/www.notibras.com\/site\/wp-json\/wp\/v2\/media?parent=350654"}],"wp:term":[{"taxonomy":"category","embeddable":true,"href":"https:\/\/www.notibras.com\/site\/wp-json\/wp\/v2\/categories?post=350654"},{"taxonomy":"post_tag","embeddable":true,"href":"https:\/\/www.notibras.com\/site\/wp-json\/wp\/v2\/tags?post=350654"}],"curies":[{"name":"wp","href":"https:\/\/api.w.org\/{rel}","templated":true}]}}