{"id":350666,"date":"2025-03-24T00:05:24","date_gmt":"2025-03-24T03:05:24","guid":{"rendered":"https:\/\/www.notibras.com\/site\/?p=350666"},"modified":"2025-03-24T04:07:57","modified_gmt":"2025-03-24T07:07:57","slug":"falta-de-agua-potavel-ainda-e-maior-drama-de-criancas-nordestinas","status":"publish","type":"post","link":"https:\/\/www.notibras.com\/site\/falta-de-agua-potavel-ainda-e-maior-drama-de-criancas-nordestinas\/","title":{"rendered":"Falta de \u00e1gua pot\u00e1vel ainda \u00e9 maior drama de crian\u00e7as nordestinas"},"content":{"rendered":"<p>No Dia Mundial da \u00c1gua, comemorado no s\u00e1bado (22), o Fundo das Na\u00e7\u00f5es Unidas para a Inf\u00e2ncia (Unicef) alertou que 2,8 milh\u00f5es de crian\u00e7as vivem sem acesso adequado \u00e0 \u00e1gua no Brasil, em especial nas \u00e1reas rurais. Os dados s\u00e3o do estudo Pobreza Multidimensional na Inf\u00e2ncia e Adolesc\u00eancia no Brasil, publicado em janeiro e dizem respeito ao per\u00edodo de 2019 a 2023.<\/p>\n<p>O levantamento foi feito com base na Pesquisa Nacional por Amostra de Domic\u00edlios Cont\u00ednua (PnadC) Anual. Apesar de o n\u00famero de crian\u00e7as e adolescentes sem acesso \u00e0 \u00e1gua ter diminu\u00eddo 31,5% no per\u00edodo, cerca de 1,5 milh\u00e3o no pa\u00eds ainda vivem em situa\u00e7\u00e3o mais extrema, morando em resid\u00eancias sem \u00e1gua canalizada.<\/p>\n<p>De acordo com o Unicef, 1,2 milh\u00e3o conseguem acessar \u00e1gua canalizada apenas no terreno ou na \u00e1rea externa da resid\u00eancia.<\/p>\n<p>Nas \u00e1reas urbanas, cerca de 2,4% das crian\u00e7as e adolescente brasileiros sofrem sem acesso adequado \u00e0 \u00e1gua. J\u00e1 nas \u00e1reas rurais esse n\u00famero cresce para 21,2%.<\/p>\n<p>De acordo com o estudo, o Acre \u00e9 o estado em situa\u00e7\u00e3o extrema, onde 12,7% das crian\u00e7as e adolescentes vivem em locais sem acesso \u00e0 \u00e1gua canalizada. Em seguida, vem a Para\u00edba, onde 12,2% vivem na mesma situa\u00e7\u00e3o; o Amazonas, que possui 11,3% das crian\u00e7as e adolescentes sem acesso \u00e0 \u00e1gua canalizada. O Par\u00e1, com 9,8% e Alagoas com 9,1% completa a lista dos cinco estados em situa\u00e7\u00e3o mais cr\u00edtica.<\/p>\n<p>O Unicef aponta ainda que 19,6 milh\u00f5es de crian\u00e7as e adolescentes brasileiros vivem privadas de n\u00edveis adequado de acesso ao saneamento b\u00e1sico, o que representa 38% do total desse p\u00fablico no pa\u00eds.<\/p>\n<p>Nas \u00e1reas urbanas o percentual de crian\u00e7as e adolescentes sem acesso ao saneamento b\u00e1sico ficou em 28%, enquanto que nas \u00e1reas rurais subiu para 92%.<\/p>\n<p>O Acre novamente foi apontado como o estado com situa\u00e7\u00e3o mais preocupante. L\u00e1 31,5 % vivem em moradias sem acesso ao saneamento b\u00e1sico. Depois vem o Amazonas, onde 23,5% das crian\u00e7as e adolescentes est\u00e3o na mesma situa\u00e7\u00e3o. O Maranh\u00e3o aparece na terceira posi\u00e7\u00e3o, com 19,8%; o Para, com 16,9% vem em quarto e o Piau\u00ed, com 13,7 % completa o quinto lugar dos estados com situa\u00e7\u00e3o extrema de falta de acesso ao saneamento b\u00e1sico.<\/p>\n<p>\u201cAs an\u00e1lises regionais revelam desigualdades persistentes, com estados das regi\u00f5es Norte e Nordeste apresentando as maiores taxas de priva\u00e7\u00e3o. Em alguns desses estados, mais de 80% das crian\u00e7as ainda vivem em condi\u00e7\u00f5es de priva\u00e7\u00e3o de direitos b\u00e1sicos, o que destaca a necessidade de pol\u00edticas espec\u00edficas que abordem as peculiaridades e os desafios dessas \u00e1reas\u201d, diz o estudo.<\/p>\n<p>O Unicef disse ainda que, diante desse cen\u00e1rio, realizou a\u00e7\u00f5es que beneficiaram, em 2024, mais de 250 mil pessoas em oito estados brasileiros, incluindo cerca de 75 mil crian\u00e7as e adolescentes.<\/p>\n<p>As iniciativas foram voltadas para escolas, unidades de sa\u00fade, comunidades ind\u00edgenas, quilombolas e ribeirinhas nos estados do Par\u00e1, Amazonas, Amap\u00e1, Bahia, Pernambuco, Maranh\u00e3o, Roraima e Rio Grande do Sul.<\/p>\n<p>\u201cNosso trabalho \u00e9 voltado para fortalecer as pol\u00edticas p\u00fablicas de acesso a \u00e1gua e ao saneamento, para que cada crian\u00e7a e adolescente no Brasil tenha esse direito garantido\u201d, disse Rodrigo Resende, Oficial de \u00c1gua, Saneamento e Higiene do Unicef no Brasil.<\/p>\n<p>Segundo Resende, sem \u00e1gua pot\u00e1vel e saneamento seguro, a sa\u00fade, a alimenta\u00e7\u00e3o, a educa\u00e7\u00e3o e outros direitos das crian\u00e7as ficam comprometidos.<\/p>\n<p>&#8220;Por isso, o Unicef atua com foco nas comunidades mais vulnerabilidades e p\u00f4de alcan\u00e7ar tantas pessoas em 2024, em diferentes partes do pa\u00eds, com nossas estrat\u00e9gias..<\/p>\n","protected":false},"excerpt":{"rendered":"<p>No Dia Mundial da \u00c1gua, comemorado no s\u00e1bado (22), o Fundo das Na\u00e7\u00f5es Unidas para a Inf\u00e2ncia (Unicef) alertou que 2,8 milh\u00f5es de crian\u00e7as vivem sem acesso adequado \u00e0 \u00e1gua no Brasil, em especial nas \u00e1reas rurais. Os dados s\u00e3o do estudo Pobreza Multidimensional na Inf\u00e2ncia e Adolesc\u00eancia no Brasil, publicado em janeiro e dizem [&hellip;]<\/p>\n","protected":false},"author":2,"featured_media":350667,"comment_status":"closed","ping_status":"closed","sticky":false,"template":"","format":"standard","meta":{"_acf_changed":false,"footnotes":""},"categories":[165],"tags":[],"class_list":["post-350666","post","type-post","status-publish","format-standard","has-post-thumbnail","hentry","category-nordeste"],"acf":[],"yoast_head":"<!-- This site is optimized with the Yoast SEO plugin v27.2 - https:\/\/yoast.com\/product\/yoast-seo-wordpress\/ -->\n<title>Falta de \u00e1gua pot\u00e1vel ainda \u00e9 maior drama de crian\u00e7as nordestinas - Notibras<\/title>\n<meta name=\"robots\" content=\"index, follow, max-snippet:-1, max-image-preview:large, max-video-preview:-1\" \/>\n<link rel=\"canonical\" href=\"https:\/\/www.notibras.com\/site\/falta-de-agua-potavel-ainda-e-maior-drama-de-criancas-nordestinas\/\" \/>\n<meta property=\"og:locale\" content=\"pt_BR\" \/>\n<meta property=\"og:type\" content=\"article\" \/>\n<meta property=\"og:title\" content=\"Falta de \u00e1gua pot\u00e1vel ainda \u00e9 maior drama de crian\u00e7as nordestinas - Notibras\" \/>\n<meta property=\"og:description\" content=\"No Dia Mundial da \u00c1gua, comemorado no s\u00e1bado (22), o Fundo das Na\u00e7\u00f5es Unidas para a Inf\u00e2ncia (Unicef) alertou que 2,8 milh\u00f5es de crian\u00e7as vivem sem acesso adequado \u00e0 \u00e1gua no Brasil, em especial nas \u00e1reas rurais. Os dados s\u00e3o do estudo Pobreza Multidimensional na Inf\u00e2ncia e Adolesc\u00eancia no Brasil, publicado em janeiro e dizem [&hellip;]\" \/>\n<meta property=\"og:url\" content=\"https:\/\/www.notibras.com\/site\/falta-de-agua-potavel-ainda-e-maior-drama-de-criancas-nordestinas\/\" \/>\n<meta property=\"og:site_name\" content=\"Notibras\" \/>\n<meta property=\"article:publisher\" content=\"https:\/\/www.facebook.com\/notibras\/\" \/>\n<meta property=\"article:published_time\" content=\"2025-03-24T03:05:24+00:00\" \/>\n<meta property=\"article:modified_time\" content=\"2025-03-24T07:07:57+00:00\" \/>\n<meta property=\"og:image\" content=\"https:\/\/www.notibras.com\/site\/wp-content\/uploads\/2025\/03\/torneira_de_agua.webp\" \/>\n\t<meta property=\"og:image:width\" content=\"754\" \/>\n\t<meta property=\"og:image:height\" content=\"463\" \/>\n\t<meta property=\"og:image:type\" content=\"image\/webp\" \/>\n<meta name=\"author\" content=\"Reda\u00e7\u00e3o\" \/>\n<meta name=\"twitter:card\" content=\"summary_large_image\" \/>\n<meta name=\"twitter:creator\" content=\"@Notibras\" \/>\n<meta name=\"twitter:site\" content=\"@Notibras\" \/>\n<meta name=\"twitter:label1\" content=\"Escrito por\" \/>\n\t<meta name=\"twitter:data1\" content=\"Reda\u00e7\u00e3o\" \/>\n\t<meta name=\"twitter:label2\" content=\"Est. tempo de leitura\" \/>\n\t<meta name=\"twitter:data2\" content=\"4 minutos\" \/>\n<script type=\"application\/ld+json\" class=\"yoast-schema-graph\">{\"@context\":\"https:\/\/schema.org\",\"@graph\":[{\"@type\":\"Article\",\"@id\":\"https:\/\/www.notibras.com\/site\/falta-de-agua-potavel-ainda-e-maior-drama-de-criancas-nordestinas\/#article\",\"isPartOf\":{\"@id\":\"https:\/\/www.notibras.com\/site\/falta-de-agua-potavel-ainda-e-maior-drama-de-criancas-nordestinas\/\"},\"author\":{\"name\":\"Reda\u00e7\u00e3o\",\"@id\":\"https:\/\/www.notibras.com\/site\/#\/schema\/person\/36ab0979449956132d3e5b517ea76ac8\"},\"headline\":\"Falta de \u00e1gua pot\u00e1vel ainda \u00e9 maior drama de crian\u00e7as nordestinas\",\"datePublished\":\"2025-03-24T03:05:24+00:00\",\"dateModified\":\"2025-03-24T07:07:57+00:00\",\"mainEntityOfPage\":{\"@id\":\"https:\/\/www.notibras.com\/site\/falta-de-agua-potavel-ainda-e-maior-drama-de-criancas-nordestinas\/\"},\"wordCount\":614,\"publisher\":{\"@id\":\"https:\/\/www.notibras.com\/site\/#organization\"},\"image\":{\"@id\":\"https:\/\/www.notibras.com\/site\/falta-de-agua-potavel-ainda-e-maior-drama-de-criancas-nordestinas\/#primaryimage\"},\"thumbnailUrl\":\"https:\/\/www.notibras.com\/site\/wp-content\/uploads\/2025\/03\/torneira_de_agua.webp\",\"articleSection\":[\"Nordeste\"],\"inLanguage\":\"pt-BR\"},{\"@type\":\"WebPage\",\"@id\":\"https:\/\/www.notibras.com\/site\/falta-de-agua-potavel-ainda-e-maior-drama-de-criancas-nordestinas\/\",\"url\":\"https:\/\/www.notibras.com\/site\/falta-de-agua-potavel-ainda-e-maior-drama-de-criancas-nordestinas\/\",\"name\":\"Falta de \u00e1gua pot\u00e1vel ainda \u00e9 maior drama de crian\u00e7as nordestinas - Notibras\",\"isPartOf\":{\"@id\":\"https:\/\/www.notibras.com\/site\/#website\"},\"primaryImageOfPage\":{\"@id\":\"https:\/\/www.notibras.com\/site\/falta-de-agua-potavel-ainda-e-maior-drama-de-criancas-nordestinas\/#primaryimage\"},\"image\":{\"@id\":\"https:\/\/www.notibras.com\/site\/falta-de-agua-potavel-ainda-e-maior-drama-de-criancas-nordestinas\/#primaryimage\"},\"thumbnailUrl\":\"https:\/\/www.notibras.com\/site\/wp-content\/uploads\/2025\/03\/torneira_de_agua.webp\",\"datePublished\":\"2025-03-24T03:05:24+00:00\",\"dateModified\":\"2025-03-24T07:07:57+00:00\",\"breadcrumb\":{\"@id\":\"https:\/\/www.notibras.com\/site\/falta-de-agua-potavel-ainda-e-maior-drama-de-criancas-nordestinas\/#breadcrumb\"},\"inLanguage\":\"pt-BR\",\"potentialAction\":[{\"@type\":\"ReadAction\",\"target\":[\"https:\/\/www.notibras.com\/site\/falta-de-agua-potavel-ainda-e-maior-drama-de-criancas-nordestinas\/\"]}]},{\"@type\":\"ImageObject\",\"inLanguage\":\"pt-BR\",\"@id\":\"https:\/\/www.notibras.com\/site\/falta-de-agua-potavel-ainda-e-maior-drama-de-criancas-nordestinas\/#primaryimage\",\"url\":\"https:\/\/www.notibras.com\/site\/wp-content\/uploads\/2025\/03\/torneira_de_agua.webp\",\"contentUrl\":\"https:\/\/www.notibras.com\/site\/wp-content\/uploads\/2025\/03\/torneira_de_agua.webp\",\"width\":754,\"height\":463},{\"@type\":\"BreadcrumbList\",\"@id\":\"https:\/\/www.notibras.com\/site\/falta-de-agua-potavel-ainda-e-maior-drama-de-criancas-nordestinas\/#breadcrumb\",\"itemListElement\":[{\"@type\":\"ListItem\",\"position\":1,\"name\":\"In\u00edcio\",\"item\":\"https:\/\/www.notibras.com\/site\/\"},{\"@type\":\"ListItem\",\"position\":2,\"name\":\"Falta de \u00e1gua pot\u00e1vel ainda \u00e9 maior drama de crian\u00e7as nordestinas\"}]},{\"@type\":\"WebSite\",\"@id\":\"https:\/\/www.notibras.com\/site\/#website\",\"url\":\"https:\/\/www.notibras.com\/site\/\",\"name\":\"Notibras\",\"description\":\"Not\u00edcias de Bras\u00edlia, do Brasil e do Mundo\",\"publisher\":{\"@id\":\"https:\/\/www.notibras.com\/site\/#organization\"},\"potentialAction\":[{\"@type\":\"SearchAction\",\"target\":{\"@type\":\"EntryPoint\",\"urlTemplate\":\"https:\/\/www.notibras.com\/site\/?s={search_term_string}\"},\"query-input\":{\"@type\":\"PropertyValueSpecification\",\"valueRequired\":true,\"valueName\":\"search_term_string\"}}],\"inLanguage\":\"pt-BR\"},{\"@type\":\"Organization\",\"@id\":\"https:\/\/www.notibras.com\/site\/#organization\",\"name\":\"Grupo Notibras de Comunica\u00e7\u00e3o\",\"url\":\"https:\/\/www.notibras.com\/site\/\",\"logo\":{\"@type\":\"ImageObject\",\"inLanguage\":\"pt-BR\",\"@id\":\"https:\/\/www.notibras.com\/site\/#\/schema\/logo\/image\/\",\"url\":\"https:\/\/www.notibras.com\/site\/wp-content\/uploads\/2023\/01\/notibras23.png\",\"contentUrl\":\"https:\/\/www.notibras.com\/site\/wp-content\/uploads\/2023\/01\/notibras23.png\",\"width\":350,\"height\":87,\"caption\":\"Grupo Notibras de Comunica\u00e7\u00e3o\"},\"image\":{\"@id\":\"https:\/\/www.notibras.com\/site\/#\/schema\/logo\/image\/\"},\"sameAs\":[\"https:\/\/www.facebook.com\/notibras\/\",\"https:\/\/x.com\/Notibras\",\"https:\/\/www.instagram.com\/notibras\/\"]},{\"@type\":\"Person\",\"@id\":\"https:\/\/www.notibras.com\/site\/#\/schema\/person\/36ab0979449956132d3e5b517ea76ac8\",\"name\":\"Reda\u00e7\u00e3o\",\"image\":{\"@type\":\"ImageObject\",\"inLanguage\":\"pt-BR\",\"@id\":\"https:\/\/secure.gravatar.com\/avatar\/e0a867bdedb85fd243eadf09663511f96fc81e0720a4a42581f334ad4303aa6b?s=96&d=mm&r=g\",\"url\":\"https:\/\/secure.gravatar.com\/avatar\/e0a867bdedb85fd243eadf09663511f96fc81e0720a4a42581f334ad4303aa6b?s=96&d=mm&r=g\",\"contentUrl\":\"https:\/\/secure.gravatar.com\/avatar\/e0a867bdedb85fd243eadf09663511f96fc81e0720a4a42581f334ad4303aa6b?s=96&d=mm&r=g\",\"caption\":\"Reda\u00e7\u00e3o\"}}]}<\/script>\n<!-- \/ Yoast SEO plugin. -->","yoast_head_json":{"title":"Falta de \u00e1gua pot\u00e1vel ainda \u00e9 maior drama de crian\u00e7as nordestinas - Notibras","robots":{"index":"index","follow":"follow","max-snippet":"max-snippet:-1","max-image-preview":"max-image-preview:large","max-video-preview":"max-video-preview:-1"},"canonical":"https:\/\/www.notibras.com\/site\/falta-de-agua-potavel-ainda-e-maior-drama-de-criancas-nordestinas\/","og_locale":"pt_BR","og_type":"article","og_title":"Falta de \u00e1gua pot\u00e1vel ainda \u00e9 maior drama de crian\u00e7as nordestinas - Notibras","og_description":"No Dia Mundial da \u00c1gua, comemorado no s\u00e1bado (22), o Fundo das Na\u00e7\u00f5es Unidas para a Inf\u00e2ncia (Unicef) alertou que 2,8 milh\u00f5es de crian\u00e7as vivem sem acesso adequado \u00e0 \u00e1gua no Brasil, em especial nas \u00e1reas rurais. Os dados s\u00e3o do estudo Pobreza Multidimensional na Inf\u00e2ncia e Adolesc\u00eancia no Brasil, publicado em janeiro e dizem [&hellip;]","og_url":"https:\/\/www.notibras.com\/site\/falta-de-agua-potavel-ainda-e-maior-drama-de-criancas-nordestinas\/","og_site_name":"Notibras","article_publisher":"https:\/\/www.facebook.com\/notibras\/","article_published_time":"2025-03-24T03:05:24+00:00","article_modified_time":"2025-03-24T07:07:57+00:00","og_image":[{"width":754,"height":463,"url":"https:\/\/www.notibras.com\/site\/wp-content\/uploads\/2025\/03\/torneira_de_agua.webp","type":"image\/webp"}],"author":"Reda\u00e7\u00e3o","twitter_card":"summary_large_image","twitter_creator":"@Notibras","twitter_site":"@Notibras","twitter_misc":{"Escrito por":"Reda\u00e7\u00e3o","Est. tempo de leitura":"4 minutos"},"schema":{"@context":"https:\/\/schema.org","@graph":[{"@type":"Article","@id":"https:\/\/www.notibras.com\/site\/falta-de-agua-potavel-ainda-e-maior-drama-de-criancas-nordestinas\/#article","isPartOf":{"@id":"https:\/\/www.notibras.com\/site\/falta-de-agua-potavel-ainda-e-maior-drama-de-criancas-nordestinas\/"},"author":{"name":"Reda\u00e7\u00e3o","@id":"https:\/\/www.notibras.com\/site\/#\/schema\/person\/36ab0979449956132d3e5b517ea76ac8"},"headline":"Falta de \u00e1gua pot\u00e1vel ainda \u00e9 maior drama de crian\u00e7as nordestinas","datePublished":"2025-03-24T03:05:24+00:00","dateModified":"2025-03-24T07:07:57+00:00","mainEntityOfPage":{"@id":"https:\/\/www.notibras.com\/site\/falta-de-agua-potavel-ainda-e-maior-drama-de-criancas-nordestinas\/"},"wordCount":614,"publisher":{"@id":"https:\/\/www.notibras.com\/site\/#organization"},"image":{"@id":"https:\/\/www.notibras.com\/site\/falta-de-agua-potavel-ainda-e-maior-drama-de-criancas-nordestinas\/#primaryimage"},"thumbnailUrl":"https:\/\/www.notibras.com\/site\/wp-content\/uploads\/2025\/03\/torneira_de_agua.webp","articleSection":["Nordeste"],"inLanguage":"pt-BR"},{"@type":"WebPage","@id":"https:\/\/www.notibras.com\/site\/falta-de-agua-potavel-ainda-e-maior-drama-de-criancas-nordestinas\/","url":"https:\/\/www.notibras.com\/site\/falta-de-agua-potavel-ainda-e-maior-drama-de-criancas-nordestinas\/","name":"Falta de \u00e1gua pot\u00e1vel ainda \u00e9 maior drama de crian\u00e7as nordestinas - Notibras","isPartOf":{"@id":"https:\/\/www.notibras.com\/site\/#website"},"primaryImageOfPage":{"@id":"https:\/\/www.notibras.com\/site\/falta-de-agua-potavel-ainda-e-maior-drama-de-criancas-nordestinas\/#primaryimage"},"image":{"@id":"https:\/\/www.notibras.com\/site\/falta-de-agua-potavel-ainda-e-maior-drama-de-criancas-nordestinas\/#primaryimage"},"thumbnailUrl":"https:\/\/www.notibras.com\/site\/wp-content\/uploads\/2025\/03\/torneira_de_agua.webp","datePublished":"2025-03-24T03:05:24+00:00","dateModified":"2025-03-24T07:07:57+00:00","breadcrumb":{"@id":"https:\/\/www.notibras.com\/site\/falta-de-agua-potavel-ainda-e-maior-drama-de-criancas-nordestinas\/#breadcrumb"},"inLanguage":"pt-BR","potentialAction":[{"@type":"ReadAction","target":["https:\/\/www.notibras.com\/site\/falta-de-agua-potavel-ainda-e-maior-drama-de-criancas-nordestinas\/"]}]},{"@type":"ImageObject","inLanguage":"pt-BR","@id":"https:\/\/www.notibras.com\/site\/falta-de-agua-potavel-ainda-e-maior-drama-de-criancas-nordestinas\/#primaryimage","url":"https:\/\/www.notibras.com\/site\/wp-content\/uploads\/2025\/03\/torneira_de_agua.webp","contentUrl":"https:\/\/www.notibras.com\/site\/wp-content\/uploads\/2025\/03\/torneira_de_agua.webp","width":754,"height":463},{"@type":"BreadcrumbList","@id":"https:\/\/www.notibras.com\/site\/falta-de-agua-potavel-ainda-e-maior-drama-de-criancas-nordestinas\/#breadcrumb","itemListElement":[{"@type":"ListItem","position":1,"name":"In\u00edcio","item":"https:\/\/www.notibras.com\/site\/"},{"@type":"ListItem","position":2,"name":"Falta de \u00e1gua pot\u00e1vel ainda \u00e9 maior drama de crian\u00e7as nordestinas"}]},{"@type":"WebSite","@id":"https:\/\/www.notibras.com\/site\/#website","url":"https:\/\/www.notibras.com\/site\/","name":"Notibras","description":"Not\u00edcias de Bras\u00edlia, do Brasil e do Mundo","publisher":{"@id":"https:\/\/www.notibras.com\/site\/#organization"},"potentialAction":[{"@type":"SearchAction","target":{"@type":"EntryPoint","urlTemplate":"https:\/\/www.notibras.com\/site\/?s={search_term_string}"},"query-input":{"@type":"PropertyValueSpecification","valueRequired":true,"valueName":"search_term_string"}}],"inLanguage":"pt-BR"},{"@type":"Organization","@id":"https:\/\/www.notibras.com\/site\/#organization","name":"Grupo Notibras de Comunica\u00e7\u00e3o","url":"https:\/\/www.notibras.com\/site\/","logo":{"@type":"ImageObject","inLanguage":"pt-BR","@id":"https:\/\/www.notibras.com\/site\/#\/schema\/logo\/image\/","url":"https:\/\/www.notibras.com\/site\/wp-content\/uploads\/2023\/01\/notibras23.png","contentUrl":"https:\/\/www.notibras.com\/site\/wp-content\/uploads\/2023\/01\/notibras23.png","width":350,"height":87,"caption":"Grupo Notibras de Comunica\u00e7\u00e3o"},"image":{"@id":"https:\/\/www.notibras.com\/site\/#\/schema\/logo\/image\/"},"sameAs":["https:\/\/www.facebook.com\/notibras\/","https:\/\/x.com\/Notibras","https:\/\/www.instagram.com\/notibras\/"]},{"@type":"Person","@id":"https:\/\/www.notibras.com\/site\/#\/schema\/person\/36ab0979449956132d3e5b517ea76ac8","name":"Reda\u00e7\u00e3o","image":{"@type":"ImageObject","inLanguage":"pt-BR","@id":"https:\/\/secure.gravatar.com\/avatar\/e0a867bdedb85fd243eadf09663511f96fc81e0720a4a42581f334ad4303aa6b?s=96&d=mm&r=g","url":"https:\/\/secure.gravatar.com\/avatar\/e0a867bdedb85fd243eadf09663511f96fc81e0720a4a42581f334ad4303aa6b?s=96&d=mm&r=g","contentUrl":"https:\/\/secure.gravatar.com\/avatar\/e0a867bdedb85fd243eadf09663511f96fc81e0720a4a42581f334ad4303aa6b?s=96&d=mm&r=g","caption":"Reda\u00e7\u00e3o"}}]}},"amp_enabled":true,"_links":{"self":[{"href":"https:\/\/www.notibras.com\/site\/wp-json\/wp\/v2\/posts\/350666","targetHints":{"allow":["GET"]}}],"collection":[{"href":"https:\/\/www.notibras.com\/site\/wp-json\/wp\/v2\/posts"}],"about":[{"href":"https:\/\/www.notibras.com\/site\/wp-json\/wp\/v2\/types\/post"}],"author":[{"embeddable":true,"href":"https:\/\/www.notibras.com\/site\/wp-json\/wp\/v2\/users\/2"}],"replies":[{"embeddable":true,"href":"https:\/\/www.notibras.com\/site\/wp-json\/wp\/v2\/comments?post=350666"}],"version-history":[{"count":2,"href":"https:\/\/www.notibras.com\/site\/wp-json\/wp\/v2\/posts\/350666\/revisions"}],"predecessor-version":[{"id":350669,"href":"https:\/\/www.notibras.com\/site\/wp-json\/wp\/v2\/posts\/350666\/revisions\/350669"}],"wp:featuredmedia":[{"embeddable":true,"href":"https:\/\/www.notibras.com\/site\/wp-json\/wp\/v2\/media\/350667"}],"wp:attachment":[{"href":"https:\/\/www.notibras.com\/site\/wp-json\/wp\/v2\/media?parent=350666"}],"wp:term":[{"taxonomy":"category","embeddable":true,"href":"https:\/\/www.notibras.com\/site\/wp-json\/wp\/v2\/categories?post=350666"},{"taxonomy":"post_tag","embeddable":true,"href":"https:\/\/www.notibras.com\/site\/wp-json\/wp\/v2\/tags?post=350666"}],"curies":[{"name":"wp","href":"https:\/\/api.w.org\/{rel}","templated":true}]}}