{"id":350675,"date":"2025-03-24T00:04:18","date_gmt":"2025-03-24T03:04:18","guid":{"rendered":"https:\/\/www.notibras.com\/site\/?p=350675"},"modified":"2025-03-24T04:24:04","modified_gmt":"2025-03-24T07:24:04","slug":"fundo-vai-financiar-pequenos-agricultores-de-cacau-na-bahia","status":"publish","type":"post","link":"https:\/\/www.notibras.com\/site\/fundo-vai-financiar-pequenos-agricultores-de-cacau-na-bahia\/","title":{"rendered":"Fundo vai financiar pequenos agricultores de cacau na Bahia"},"content":{"rendered":"<p>Auxiliar no desenvolvimento de um ecossistema de agricultura familiar e regenerativa da cultura do cacau \u00e9 o objetivo do Kaw\u00e1, fundo de investimento voltado para pequenas propriedades do pa\u00eds. A iniciativa, lan\u00e7ada esta semana, pretende levantar R$ 1 bilh\u00e3o at\u00e9 2030 para investir em projetos ligados \u00e0 cadeia produtiva da fruta na Bahia e no Par\u00e1.<\/p>\n<p>O projeto \u00e9 uma parceria do Instituto Arapya\u00fa, organiza\u00e7\u00e3o voltada para desenvolvimento justo, inclusivo e de baixo carbono do pa\u00eds, e da ONG Tab\u00f4a Fortalecimento Comunit\u00e1rio, que atua para fomentar acesso a recursos financeiros e est\u00edmulo \u00e0 coopera\u00e7\u00e3o, para projetos de sustentabilidade e justi\u00e7a socioambiental.<\/p>\n<p>Para o gerente de bioeconomia do Instituto Arapya\u00fa, Vinicius Ahmar, o projeto vai contribuir para melhorar as condi\u00e7\u00f5es de vida de pequenos produtores, de baixa renda e com baixa produtividade na produ\u00e7\u00e3o.<\/p>\n<p>\u201cCom o Kaw\u00e1, queremos ampliar a escala de impactos econ\u00f4micos, sociais e ambientais positivos, atraindo investidores de maior porte para destravar modelos produtivos que fa\u00e7am uso sustent\u00e1vel do solo e gerem renda para quem mais precisa e quem conserva a floresta&#8221;, disse.<\/p>\n<p>Diversas organiza\u00e7\u00f5es integram a iniciativa que pretende beneficiar, na primeira fase, 1,2 mil agricultores dos dois estados, com cerca de R$ 30 milh\u00f5es.<\/p>\n<p>O nome Kaw\u00e1 faz refer\u00eancia \u00e0 forma como o cacau era chamado nas civiliza\u00e7\u00f5es pr\u00e9-colombianas, quando era conhecido como kakawa. A iniciativa mescla recursos concessionais e filantr\u00f3picos com capital p\u00fablico e privado.<\/p>\n<p>O Kaw\u00e1 \u00e9 classificado como um Fundo de Investimento nas Cadeias Produtivas Agroindustriais (Fiagro). A metodologia de concess\u00e3o de cr\u00e9dito \u00e9 mais simplificada e acess\u00edvel.<\/p>\n<p>Ao receber o cr\u00e9dito, o produtor tem at\u00e9 45 dias para realizar o investimento. Ap\u00f3s esse per\u00edodo, s\u00e3o 36 meses de prazo para pag\u00e1-lo, com uma m\u00e9dia de seis meses de car\u00eancia.<\/p>\n<p>Os recursos t\u00eam como destino o custeio da aduba\u00e7\u00e3o, irriga\u00e7\u00e3o, m\u00e3o de obra, compra de equipamento e adensamento com mudas.<\/p>\n<p>Al\u00e9m disso, o Kaw\u00e1 prev\u00ea a possibilidade de com\u00e9rcio de cr\u00e9ditos de carbono de conserva\u00e7\u00e3o por parte dos produtores. A iniciativa tem ainda parceria da Associa\u00e7\u00e3o Nacional das Ind\u00fastrias Processadoras de Cacau (AIPC), que sinalizou a possibilidade da compra do cacau dos produtores beneficiados.<\/p>\n<p>A assist\u00eancia t\u00e9cnica ficar\u00e1 a cargo Cons\u00f3rcio Intermunicipal do Mosaico das Apas do Baixo Sul da Bahia (Ciapra), da Funda\u00e7\u00e3o Solidaridad e da Pol\u00edmatas Solu\u00e7\u00f5es Agr\u00edcolas e Ambientais<\/p>\n","protected":false},"excerpt":{"rendered":"<p>Auxiliar no desenvolvimento de um ecossistema de agricultura familiar e regenerativa da cultura do cacau \u00e9 o objetivo do Kaw\u00e1, fundo de investimento voltado para pequenas propriedades do pa\u00eds. A iniciativa, lan\u00e7ada esta semana, pretende levantar R$ 1 bilh\u00e3o at\u00e9 2030 para investir em projetos ligados \u00e0 cadeia produtiva da fruta na Bahia e no [&hellip;]<\/p>\n","protected":false},"author":2,"featured_media":350676,"comment_status":"closed","ping_status":"closed","sticky":false,"template":"","format":"standard","meta":{"_acf_changed":false,"footnotes":""},"categories":[165],"tags":[],"class_list":["post-350675","post","type-post","status-publish","format-standard","has-post-thumbnail","hentry","category-nordeste"],"acf":[],"_links":{"self":[{"href":"https:\/\/www.notibras.com\/site\/wp-json\/wp\/v2\/posts\/350675","targetHints":{"allow":["GET"]}}],"collection":[{"href":"https:\/\/www.notibras.com\/site\/wp-json\/wp\/v2\/posts"}],"about":[{"href":"https:\/\/www.notibras.com\/site\/wp-json\/wp\/v2\/types\/post"}],"author":[{"embeddable":true,"href":"https:\/\/www.notibras.com\/site\/wp-json\/wp\/v2\/users\/2"}],"replies":[{"embeddable":true,"href":"https:\/\/www.notibras.com\/site\/wp-json\/wp\/v2\/comments?post=350675"}],"version-history":[{"count":1,"href":"https:\/\/www.notibras.com\/site\/wp-json\/wp\/v2\/posts\/350675\/revisions"}],"predecessor-version":[{"id":350677,"href":"https:\/\/www.notibras.com\/site\/wp-json\/wp\/v2\/posts\/350675\/revisions\/350677"}],"wp:featuredmedia":[{"embeddable":true,"href":"https:\/\/www.notibras.com\/site\/wp-json\/wp\/v2\/media\/350676"}],"wp:attachment":[{"href":"https:\/\/www.notibras.com\/site\/wp-json\/wp\/v2\/media?parent=350675"}],"wp:term":[{"taxonomy":"category","embeddable":true,"href":"https:\/\/www.notibras.com\/site\/wp-json\/wp\/v2\/categories?post=350675"},{"taxonomy":"post_tag","embeddable":true,"href":"https:\/\/www.notibras.com\/site\/wp-json\/wp\/v2\/tags?post=350675"}],"curies":[{"name":"wp","href":"https:\/\/api.w.org\/{rel}","templated":true}]}}