{"id":350678,"date":"2025-03-24T00:00:39","date_gmt":"2025-03-24T03:00:39","guid":{"rendered":"https:\/\/www.notibras.com\/site\/?p=350678"},"modified":"2025-03-24T04:32:14","modified_gmt":"2025-03-24T07:32:14","slug":"empate-em-1-a-1-da-bicampeonato-cearense-ao-vozao","status":"publish","type":"post","link":"https:\/\/www.notibras.com\/site\/empate-em-1-a-1-da-bicampeonato-cearense-ao-vozao\/","title":{"rendered":"Empate em 1 a 1 d\u00e1 bicampeonato cearense ao Voz\u00e3o"},"content":{"rendered":"<p>Em final emocionante o Cear\u00e1 conquistou o t\u00edtulo do Campeonato Cearense neste s\u00e1bado (22) ap\u00f3s empatar com o rival Fortaleza por 1 a 1, no est\u00e1dio Castel\u00e3o.<\/p>\n<p>Como havia vencido a primeira partida da decis\u00e3o por 1 a 0, o Voz\u00e3o conquistou seu 47\u00ba trof\u00e9u estadual, passando o Tricolor como maior campe\u00e3o do estado na hist\u00f3ria. Assim como em 2024, a equipe alvinegra conquistou o t\u00edtulo de forma invicta, com oito vit\u00f3rias e um empate.<\/p>\n<p>No primeiro tempo, o principal lance n\u00e3o foi um gol, mas uma quase expuls\u00e3o. A princ\u00edpio, a arbitragem expulsou Matheus Bahia, do Cear\u00e1, em disputa com Yago Pikachu. No entanto, ap\u00f3s revis\u00e3o no VAR, o cart\u00e3o vermelho foi substitu\u00eddo pelo amarelo ao se constatar que o atleta n\u00e3o atingiu o rosto do advers\u00e1rio.<\/p>\n<p>Na segunda etapa, n\u00e3o houve anula\u00e7\u00e3o do vermelho. Logo no come\u00e7o, Gast\u00f3n \u00c1vila entrou de forma dura em Fernando Sobral e foi expulso de forma direta.<\/p>\n<p>No entanto, o efeito foi o contr\u00e1rio do esperado. Pouco tempo depois, ap\u00f3s escanteio da direita e desvio na segunda trave, Lucas Sasha apareceu na pequena \u00e1rea para completar e abrir o placar para o Fortaleza. Em campo, foi marcado impedimento, desmarcado ap\u00f3s nova consulta ao VAR.<\/p>\n<p>O resultado levava a defini\u00e7\u00e3o do campe\u00e3o para os p\u00eanaltis, mas aos 26 saiu o gol do t\u00edtulo do Voz\u00e3o. Ap\u00f3s cruzamento da direita, Pedro Raul desviou de cabe\u00e7a no canto direito do goleiro Jo\u00e3o Ricardo. A bola ainda tocou a trave antes de morrer no fundo das redes.<\/p>\n<p>Com um jogador a mais e a vantagem, o Cear\u00e1 esteve mais perto de marcar outra vez do que sofrer um gol e assim assegurou o t\u00edtulo que o coloca com uma conquista a mais do que o rival no estado.<\/p>\n<p>Agora, as duas equipes, al\u00e9m da continua\u00e7\u00e3o da Copa do Nordeste, voltam a se enfrentar na primeira divis\u00e3o do Campeonato Brasileiro, que come\u00e7a no pr\u00f3ximo fim de semana.<\/p>\n","protected":false},"excerpt":{"rendered":"<p>Em final emocionante o Cear\u00e1 conquistou o t\u00edtulo do Campeonato Cearense neste s\u00e1bado (22) ap\u00f3s empatar com o rival Fortaleza por 1 a 1, no est\u00e1dio Castel\u00e3o. Como havia vencido a primeira partida da decis\u00e3o por 1 a 0, o Voz\u00e3o conquistou seu 47\u00ba trof\u00e9u estadual, passando o Tricolor como maior campe\u00e3o do estado na [&hellip;]<\/p>\n","protected":false},"author":2,"featured_media":350679,"comment_status":"closed","ping_status":"closed","sticky":false,"template":"","format":"standard","meta":{"_acf_changed":false,"footnotes":""},"categories":[165],"tags":[],"class_list":["post-350678","post","type-post","status-publish","format-standard","has-post-thumbnail","hentry","category-nordeste"],"acf":[],"_links":{"self":[{"href":"https:\/\/www.notibras.com\/site\/wp-json\/wp\/v2\/posts\/350678","targetHints":{"allow":["GET"]}}],"collection":[{"href":"https:\/\/www.notibras.com\/site\/wp-json\/wp\/v2\/posts"}],"about":[{"href":"https:\/\/www.notibras.com\/site\/wp-json\/wp\/v2\/types\/post"}],"author":[{"embeddable":true,"href":"https:\/\/www.notibras.com\/site\/wp-json\/wp\/v2\/users\/2"}],"replies":[{"embeddable":true,"href":"https:\/\/www.notibras.com\/site\/wp-json\/wp\/v2\/comments?post=350678"}],"version-history":[{"count":1,"href":"https:\/\/www.notibras.com\/site\/wp-json\/wp\/v2\/posts\/350678\/revisions"}],"predecessor-version":[{"id":350680,"href":"https:\/\/www.notibras.com\/site\/wp-json\/wp\/v2\/posts\/350678\/revisions\/350680"}],"wp:featuredmedia":[{"embeddable":true,"href":"https:\/\/www.notibras.com\/site\/wp-json\/wp\/v2\/media\/350679"}],"wp:attachment":[{"href":"https:\/\/www.notibras.com\/site\/wp-json\/wp\/v2\/media?parent=350678"}],"wp:term":[{"taxonomy":"category","embeddable":true,"href":"https:\/\/www.notibras.com\/site\/wp-json\/wp\/v2\/categories?post=350678"},{"taxonomy":"post_tag","embeddable":true,"href":"https:\/\/www.notibras.com\/site\/wp-json\/wp\/v2\/tags?post=350678"}],"curies":[{"name":"wp","href":"https:\/\/api.w.org\/{rel}","templated":true}]}}