{"id":350681,"date":"2025-03-24T00:01:17","date_gmt":"2025-03-24T03:01:17","guid":{"rendered":"https:\/\/www.notibras.com\/site\/?p=350681"},"modified":"2025-03-24T04:46:54","modified_gmt":"2025-03-24T07:46:54","slug":"homem-de-45-anos-e-encontrado-morto-a-tiros-com-as-maos-amarradas","status":"publish","type":"post","link":"https:\/\/www.notibras.com\/site\/homem-de-45-anos-e-encontrado-morto-a-tiros-com-as-maos-amarradas\/","title":{"rendered":"Homem de 45 anos \u00e9 encontrado morto a tiros com as m\u00e3os amarradas"},"content":{"rendered":"<p>Na madrugada deste domingo (23), um homem identificado como Cleiton Jos\u00e9 da Silva, de 45 anos, foi encontrado morto a tiros no bairro do Rangel, em Jo\u00e3o Pessoa.<\/p>\n<p>A v\u00edtima estava com as m\u00e3os amarradas e a boca amorda\u00e7ada em um cruzamento da regi\u00e3o, por volta das 3h.<\/p>\n<p>De acordo com informa\u00e7\u00f5es da Pol\u00edcia Civil, a fam\u00edlia relatou que Cleiton era usu\u00e1rio de drogas, mas n\u00e3o possu\u00eda liga\u00e7\u00e3o com a criminalidade e trabalhava no com\u00e9rcio local.<\/p>\n<p>At\u00e9 o momento, nenhum suspeito foi identificado. O caso segue sob investiga\u00e7\u00e3o da Delegacia de Crimes Contra a Pessoa da capital.<\/p>\n","protected":false},"excerpt":{"rendered":"<p>Na madrugada deste domingo (23), um homem identificado como Cleiton Jos\u00e9 da Silva, de 45 anos, foi encontrado morto a tiros no bairro do Rangel, em Jo\u00e3o Pessoa. A v\u00edtima estava com as m\u00e3os amarradas e a boca amorda\u00e7ada em um cruzamento da regi\u00e3o, por volta das 3h. De acordo com informa\u00e7\u00f5es da Pol\u00edcia Civil, [&hellip;]<\/p>\n","protected":false},"author":2,"featured_media":350683,"comment_status":"closed","ping_status":"closed","sticky":false,"template":"","format":"standard","meta":{"_acf_changed":false,"footnotes":""},"categories":[165],"tags":[],"class_list":["post-350681","post","type-post","status-publish","format-standard","has-post-thumbnail","hentry","category-nordeste"],"acf":[],"_links":{"self":[{"href":"https:\/\/www.notibras.com\/site\/wp-json\/wp\/v2\/posts\/350681","targetHints":{"allow":["GET"]}}],"collection":[{"href":"https:\/\/www.notibras.com\/site\/wp-json\/wp\/v2\/posts"}],"about":[{"href":"https:\/\/www.notibras.com\/site\/wp-json\/wp\/v2\/types\/post"}],"author":[{"embeddable":true,"href":"https:\/\/www.notibras.com\/site\/wp-json\/wp\/v2\/users\/2"}],"replies":[{"embeddable":true,"href":"https:\/\/www.notibras.com\/site\/wp-json\/wp\/v2\/comments?post=350681"}],"version-history":[{"count":1,"href":"https:\/\/www.notibras.com\/site\/wp-json\/wp\/v2\/posts\/350681\/revisions"}],"predecessor-version":[{"id":350684,"href":"https:\/\/www.notibras.com\/site\/wp-json\/wp\/v2\/posts\/350681\/revisions\/350684"}],"wp:featuredmedia":[{"embeddable":true,"href":"https:\/\/www.notibras.com\/site\/wp-json\/wp\/v2\/media\/350683"}],"wp:attachment":[{"href":"https:\/\/www.notibras.com\/site\/wp-json\/wp\/v2\/media?parent=350681"}],"wp:term":[{"taxonomy":"category","embeddable":true,"href":"https:\/\/www.notibras.com\/site\/wp-json\/wp\/v2\/categories?post=350681"},{"taxonomy":"post_tag","embeddable":true,"href":"https:\/\/www.notibras.com\/site\/wp-json\/wp\/v2\/tags?post=350681"}],"curies":[{"name":"wp","href":"https:\/\/api.w.org\/{rel}","templated":true}]}}