{"id":350685,"date":"2025-03-24T00:01:28","date_gmt":"2025-03-24T03:01:28","guid":{"rendered":"https:\/\/www.notibras.com\/site\/?p=350685"},"modified":"2025-03-24T04:51:44","modified_gmt":"2025-03-24T07:51:44","slug":"idoso-e-morto-a-pauladas-e-enteado-confessa-o-crime","status":"publish","type":"post","link":"https:\/\/www.notibras.com\/site\/idoso-e-morto-a-pauladas-e-enteado-confessa-o-crime\/","title":{"rendered":"Idoso \u00e9 morto a pauladas e enteado confessa o crime"},"content":{"rendered":"<p data-pm-slice=\"1 1 []\">Um idoso identificado como Moacir Borges Leal, de 64 anos, foi assassinado a pauladas em sua resid\u00eancia no bairro Chapada do Brejo, no munic\u00edpio de Francin\u00f3polis, a 191 km de Teresina. O principal suspeito do crime \u00e9 o enteado da v\u00edtima, que confessou o homic\u00eddio e foi preso em flagrante.<\/p>\n<p>De acordo com o delegado Maycon Braga, da Delegacia Seccional de Valen\u00e7a do Piau\u00ed, Moacir foi encontrado por volta das 8h com hematomas no rosto e uma perfura\u00e7\u00e3o no pesco\u00e7o. O suspeito, filho da companheira da v\u00edtima, foi localizado na casa da m\u00e3e e admitiu o crime.<\/p>\n<p>Segundo o depoimento prestado \u00e0 pol\u00edcia, ele afirmou ter ingerido bebida alco\u00f3lica durante toda a noite. Ao retornar para casa, discutiu com o padrasto, que teria tentado agredi-lo com um peda\u00e7o de madeira. Durante a briga, o enteado tomou o objeto e golpeou o idoso, que caiu no ch\u00e3o. Em seguida, ele utilizou um canivete para desferir um golpe no pesco\u00e7o da v\u00edtima.<\/p>\n<p>Ainda em depoimento, o suspeito relatou que Moacir teria amea\u00e7ado sua m\u00e3e de morte. Ele foi autuado por homic\u00eddio qualificado, e o caso segue sob investiga\u00e7\u00e3o da Pol\u00edcia Civil.<\/p>\n","protected":false},"excerpt":{"rendered":"<p>Um idoso identificado como Moacir Borges Leal, de 64 anos, foi assassinado a pauladas em sua resid\u00eancia no bairro Chapada do Brejo, no munic\u00edpio de Francin\u00f3polis, a 191 km de Teresina. O principal suspeito do crime \u00e9 o enteado da v\u00edtima, que confessou o homic\u00eddio e foi preso em flagrante. De acordo com o delegado [&hellip;]<\/p>\n","protected":false},"author":2,"featured_media":159302,"comment_status":"closed","ping_status":"closed","sticky":false,"template":"","format":"standard","meta":{"_acf_changed":false,"footnotes":""},"categories":[165],"tags":[],"class_list":["post-350685","post","type-post","status-publish","format-standard","has-post-thumbnail","hentry","category-nordeste"],"acf":[],"_links":{"self":[{"href":"https:\/\/www.notibras.com\/site\/wp-json\/wp\/v2\/posts\/350685","targetHints":{"allow":["GET"]}}],"collection":[{"href":"https:\/\/www.notibras.com\/site\/wp-json\/wp\/v2\/posts"}],"about":[{"href":"https:\/\/www.notibras.com\/site\/wp-json\/wp\/v2\/types\/post"}],"author":[{"embeddable":true,"href":"https:\/\/www.notibras.com\/site\/wp-json\/wp\/v2\/users\/2"}],"replies":[{"embeddable":true,"href":"https:\/\/www.notibras.com\/site\/wp-json\/wp\/v2\/comments?post=350685"}],"version-history":[{"count":1,"href":"https:\/\/www.notibras.com\/site\/wp-json\/wp\/v2\/posts\/350685\/revisions"}],"predecessor-version":[{"id":350686,"href":"https:\/\/www.notibras.com\/site\/wp-json\/wp\/v2\/posts\/350685\/revisions\/350686"}],"wp:featuredmedia":[{"embeddable":true,"href":"https:\/\/www.notibras.com\/site\/wp-json\/wp\/v2\/media\/159302"}],"wp:attachment":[{"href":"https:\/\/www.notibras.com\/site\/wp-json\/wp\/v2\/media?parent=350685"}],"wp:term":[{"taxonomy":"category","embeddable":true,"href":"https:\/\/www.notibras.com\/site\/wp-json\/wp\/v2\/categories?post=350685"},{"taxonomy":"post_tag","embeddable":true,"href":"https:\/\/www.notibras.com\/site\/wp-json\/wp\/v2\/tags?post=350685"}],"curies":[{"name":"wp","href":"https:\/\/api.w.org\/{rel}","templated":true}]}}