{"id":350706,"date":"2025-03-24T09:57:39","date_gmt":"2025-03-24T12:57:39","guid":{"rendered":"https:\/\/www.notibras.com\/site\/?p=350706"},"modified":"2025-03-24T10:03:18","modified_gmt":"2025-03-24T13:03:18","slug":"sem-bananeira-ou-laranjeira-revivo-os-8-anos-brincando-com-malulinha","status":"publish","type":"post","link":"https:\/\/www.notibras.com\/site\/sem-bananeira-ou-laranjeira-revivo-os-8-anos-brincando-com-malulinha\/","title":{"rendered":"Sem bananeira ou laranjeira, revivo os 8 anos brincando com Malulinha"},"content":{"rendered":"<p>Nos \u00faltimos tempos, tenho revivido momentos da long\u00ednqua inf\u00e2ncia que deixei nas areias de Copacabana, nas visitas aos meus padrinhos, que, ainda hoje, moram no M\u00e9ier. E quantas e quantas vezes esfolei o ded\u00e3o do p\u00e9 ou ralei os joelhos jogando bola na rua. Lembro-me brincando no tapete da sala da minha av\u00f3, um tapete que jurava ser persa, mas que certamente fora comprado em uma feira ou na Mesbla. A raz\u00e3o de tantas lembran\u00e7as \u00e9 a Malulinha, minha ca\u00e7ula, cujo sorriso, cada vez com mais dentes, me convida para brincadeiras.<\/p>\n<p>Apesar de tocar viol\u00e3o, sempre fui m\u00fasico sofr\u00edvel. N\u00e3o sei se por displic\u00eancia ou falta de tato com o instrumento. Entretanto, tenho pensado em praticar, ainda mais porque a Malulinha parece que leva jeito para coisa. Tanto \u00e9 que, assim que come\u00e7o a entonar &#8216;N\u00e3o deixe o samba morrer&#8217;, minha filha pega logo o pandeiro e me acompanha. Incr\u00edvel \u00e9 que ela faz isso com apenas um ano, como se sa\u00edda da bateria do Salgueiro, escola de samba de quase toda a fam\u00edlia.<\/p>\n<p>Quanto \u00e0 habilidade de desenhista, creio que at\u00e9 me saio bem. Todavia, n\u00e3o \u00e9 algo que me atraia e, por isso, quase sempre a deixei de lado. Bem, isso at\u00e9 h\u00e1 pouco, pois a Malulinha sempre me entrega um giz de cera e balbucia do seu jeito pr\u00f3prio.<\/p>\n<p>\u2014 Hum! Hum! Hum!<\/p>\n<p>E l\u00e1 vou eu desenhar um cachorro ou uma figura geom\u00e9trica qualquer. No entanto, quando desenho um rosto de gente, a Malulinha logo o reconhece como sendo da minha amada Dona Irene.<\/p>\n<p>\u2014 Mam\u00e3! Mam\u00e3!<\/p>\n<p>N\u00e3o sei se voc\u00ea j\u00e1 brincou de &#8220;Dedo mindinho, seu vizinho, maior de todos&#8230;&#8221;, que invariavelmente termina com o boi subindo o morro at\u00e9 a axila da pessoa. Pois \u00e9, a Malulinha, mal acorda, j\u00e1 estica a m\u00e3o em minha dire\u00e7\u00e3o, enquanto me convida com aquele seu jeito peculiar.<\/p>\n<p>\u2014 Hum! Hum! Hum!<\/p>\n<p>Ah, como gostaria de sentir c\u00f3cegas! Se bem que tenho conseguido disfar\u00e7ar, o que provoca gargalhadas deliciosas na Malulinha. E ela n\u00e3o se contenta com uma, duas ou cinco repeti\u00e7\u00f5es. Sem problema, mesmo porque parece que eu me divirto ainda mais, como se fosse ainda aquele menino brincando, seja nas areias de Copacabana, seja na casa dos meus padrinhos, seja esfolando o ded\u00e3o do p\u00e9 ou ralando os joelhos na rua ou, ent\u00e3o, no tapete quase persa da minha av\u00f3. Que saudade! E que bom que estou revivendo tudo isso com a minha garotinha.<\/p>\n<p>&#8230;&#8230;&#8230;&#8230;&#8230;&#8230;&#8230;&#8230;&#8230;&#8230;&#8230;&#8230;&#8230;..<\/p>\n<p><strong>Eduardo Mart\u00ednez \u00e9 autor do livro 57 Contos e Cr\u00f4nicas por um Autor Muito Velho\u2019<\/strong><\/p>\n<p>Compre aqui\u00a0<span class=\"x19la9d6 x1fc57z9 x6ikm8r x10wlt62 x19co3pv x1g5zs5t xfibh0p xiy17q3 x1xsqp64 x1lkfr7t xexx8yu x4uap5 x18d9i69 xkhd6sd\"><span class=\"xrtxmta x1bhl96m\"><img decoding=\"async\" class=\"emoji\" role=\"img\" draggable=\"false\" src=\"https:\/\/s.w.org\/images\/core\/emoji\/15.0.3\/svg\/1f447-1f3ff.svg\" alt=\"&#x1f447;&#x1f3ff;\" \/><\/span><\/span><\/p>\n<p><a href=\"https:\/\/www.joanineditora.com.br\/57-contos-e-cronicas-por-um-autor-muito-velho\">https:\/\/www.joanineditora.com.br\/57-contos-e-cronicas-por-um-autor-muito-velho<\/a><\/p>\n","protected":false},"excerpt":{"rendered":"<p>Nos \u00faltimos tempos, tenho revivido momentos da long\u00ednqua inf\u00e2ncia que deixei nas areias de Copacabana, nas visitas aos meus padrinhos, que, ainda hoje, moram no M\u00e9ier. E quantas e quantas vezes esfolei o ded\u00e3o do p\u00e9 ou ralei os joelhos jogando bola na rua. Lembro-me brincando no tapete da sala da minha av\u00f3, um tapete [&hellip;]<\/p>\n","protected":false},"author":2,"featured_media":350707,"comment_status":"closed","ping_status":"closed","sticky":false,"template":"","format":"standard","meta":{"_acf_changed":false,"footnotes":""},"categories":[161],"tags":[],"class_list":["post-350706","post","type-post","status-publish","format-standard","has-post-thumbnail","hentry","category-quadradinho-em-foco"],"acf":[],"yoast_head":"<!-- This site is optimized with the Yoast SEO plugin v27.2 - https:\/\/yoast.com\/product\/yoast-seo-wordpress\/ -->\n<title>Sem bananeira ou laranjeira, revivo os 8 anos brincando com Malulinha - Notibras<\/title>\n<meta name=\"robots\" content=\"index, follow, max-snippet:-1, max-image-preview:large, max-video-preview:-1\" \/>\n<link rel=\"canonical\" href=\"https:\/\/www.notibras.com\/site\/sem-bananeira-ou-laranjeira-revivo-os-8-anos-brincando-com-malulinha\/\" \/>\n<meta property=\"og:locale\" content=\"pt_BR\" \/>\n<meta property=\"og:type\" content=\"article\" \/>\n<meta property=\"og:title\" content=\"Sem bananeira ou laranjeira, revivo os 8 anos brincando com Malulinha - Notibras\" \/>\n<meta property=\"og:description\" content=\"Nos \u00faltimos tempos, tenho revivido momentos da long\u00ednqua inf\u00e2ncia que deixei nas areias de Copacabana, nas visitas aos meus padrinhos, que, ainda hoje, moram no M\u00e9ier. E quantas e quantas vezes esfolei o ded\u00e3o do p\u00e9 ou ralei os joelhos jogando bola na rua. Lembro-me brincando no tapete da sala da minha av\u00f3, um tapete [&hellip;]\" \/>\n<meta property=\"og:url\" content=\"https:\/\/www.notibras.com\/site\/sem-bananeira-ou-laranjeira-revivo-os-8-anos-brincando-com-malulinha\/\" \/>\n<meta property=\"og:site_name\" content=\"Notibras\" \/>\n<meta property=\"article:publisher\" content=\"https:\/\/www.facebook.com\/notibras\/\" \/>\n<meta property=\"article:published_time\" content=\"2025-03-24T12:57:39+00:00\" \/>\n<meta property=\"article:modified_time\" content=\"2025-03-24T13:03:18+00:00\" \/>\n<meta property=\"og:image\" content=\"https:\/\/www.notibras.com\/site\/wp-content\/uploads\/2025\/03\/c1aa9196-efae-45b5-9257-35526a32831f.jpeg\" \/>\n\t<meta property=\"og:image:width\" content=\"339\" \/>\n\t<meta property=\"og:image:height\" content=\"452\" \/>\n\t<meta property=\"og:image:type\" content=\"image\/jpeg\" \/>\n<meta name=\"author\" content=\"Reda\u00e7\u00e3o\" \/>\n<meta name=\"twitter:card\" content=\"summary_large_image\" \/>\n<meta name=\"twitter:creator\" content=\"@Notibras\" \/>\n<meta name=\"twitter:site\" content=\"@Notibras\" \/>\n<meta name=\"twitter:label1\" content=\"Escrito por\" \/>\n\t<meta name=\"twitter:data1\" content=\"Reda\u00e7\u00e3o\" \/>\n\t<meta name=\"twitter:label2\" content=\"Est. tempo de leitura\" \/>\n\t<meta name=\"twitter:data2\" content=\"3 minutos\" \/>\n<script type=\"application\/ld+json\" class=\"yoast-schema-graph\">{\"@context\":\"https:\/\/schema.org\",\"@graph\":[{\"@type\":\"Article\",\"@id\":\"https:\/\/www.notibras.com\/site\/sem-bananeira-ou-laranjeira-revivo-os-8-anos-brincando-com-malulinha\/#article\",\"isPartOf\":{\"@id\":\"https:\/\/www.notibras.com\/site\/sem-bananeira-ou-laranjeira-revivo-os-8-anos-brincando-com-malulinha\/\"},\"author\":{\"name\":\"Reda\u00e7\u00e3o\",\"@id\":\"https:\/\/www.notibras.com\/site\/#\/schema\/person\/36ab0979449956132d3e5b517ea76ac8\"},\"headline\":\"Sem bananeira ou laranjeira, revivo os 8 anos brincando com Malulinha\",\"datePublished\":\"2025-03-24T12:57:39+00:00\",\"dateModified\":\"2025-03-24T13:03:18+00:00\",\"mainEntityOfPage\":{\"@id\":\"https:\/\/www.notibras.com\/site\/sem-bananeira-ou-laranjeira-revivo-os-8-anos-brincando-com-malulinha\/\"},\"wordCount\":461,\"publisher\":{\"@id\":\"https:\/\/www.notibras.com\/site\/#organization\"},\"image\":{\"@id\":\"https:\/\/www.notibras.com\/site\/sem-bananeira-ou-laranjeira-revivo-os-8-anos-brincando-com-malulinha\/#primaryimage\"},\"thumbnailUrl\":\"https:\/\/www.notibras.com\/site\/wp-content\/uploads\/2025\/03\/c1aa9196-efae-45b5-9257-35526a32831f.jpeg\",\"articleSection\":[\"Quadradinho em Foco\"],\"inLanguage\":\"pt-BR\"},{\"@type\":\"WebPage\",\"@id\":\"https:\/\/www.notibras.com\/site\/sem-bananeira-ou-laranjeira-revivo-os-8-anos-brincando-com-malulinha\/\",\"url\":\"https:\/\/www.notibras.com\/site\/sem-bananeira-ou-laranjeira-revivo-os-8-anos-brincando-com-malulinha\/\",\"name\":\"Sem bananeira ou laranjeira, revivo os 8 anos brincando com Malulinha - Notibras\",\"isPartOf\":{\"@id\":\"https:\/\/www.notibras.com\/site\/#website\"},\"primaryImageOfPage\":{\"@id\":\"https:\/\/www.notibras.com\/site\/sem-bananeira-ou-laranjeira-revivo-os-8-anos-brincando-com-malulinha\/#primaryimage\"},\"image\":{\"@id\":\"https:\/\/www.notibras.com\/site\/sem-bananeira-ou-laranjeira-revivo-os-8-anos-brincando-com-malulinha\/#primaryimage\"},\"thumbnailUrl\":\"https:\/\/www.notibras.com\/site\/wp-content\/uploads\/2025\/03\/c1aa9196-efae-45b5-9257-35526a32831f.jpeg\",\"datePublished\":\"2025-03-24T12:57:39+00:00\",\"dateModified\":\"2025-03-24T13:03:18+00:00\",\"breadcrumb\":{\"@id\":\"https:\/\/www.notibras.com\/site\/sem-bananeira-ou-laranjeira-revivo-os-8-anos-brincando-com-malulinha\/#breadcrumb\"},\"inLanguage\":\"pt-BR\",\"potentialAction\":[{\"@type\":\"ReadAction\",\"target\":[\"https:\/\/www.notibras.com\/site\/sem-bananeira-ou-laranjeira-revivo-os-8-anos-brincando-com-malulinha\/\"]}]},{\"@type\":\"ImageObject\",\"inLanguage\":\"pt-BR\",\"@id\":\"https:\/\/www.notibras.com\/site\/sem-bananeira-ou-laranjeira-revivo-os-8-anos-brincando-com-malulinha\/#primaryimage\",\"url\":\"https:\/\/www.notibras.com\/site\/wp-content\/uploads\/2025\/03\/c1aa9196-efae-45b5-9257-35526a32831f.jpeg\",\"contentUrl\":\"https:\/\/www.notibras.com\/site\/wp-content\/uploads\/2025\/03\/c1aa9196-efae-45b5-9257-35526a32831f.jpeg\",\"width\":339,\"height\":452},{\"@type\":\"BreadcrumbList\",\"@id\":\"https:\/\/www.notibras.com\/site\/sem-bananeira-ou-laranjeira-revivo-os-8-anos-brincando-com-malulinha\/#breadcrumb\",\"itemListElement\":[{\"@type\":\"ListItem\",\"position\":1,\"name\":\"In\u00edcio\",\"item\":\"https:\/\/www.notibras.com\/site\/\"},{\"@type\":\"ListItem\",\"position\":2,\"name\":\"Sem bananeira ou laranjeira, revivo os 8 anos brincando com Malulinha\"}]},{\"@type\":\"WebSite\",\"@id\":\"https:\/\/www.notibras.com\/site\/#website\",\"url\":\"https:\/\/www.notibras.com\/site\/\",\"name\":\"Notibras\",\"description\":\"Not\u00edcias de Bras\u00edlia, do Brasil e do Mundo\",\"publisher\":{\"@id\":\"https:\/\/www.notibras.com\/site\/#organization\"},\"potentialAction\":[{\"@type\":\"SearchAction\",\"target\":{\"@type\":\"EntryPoint\",\"urlTemplate\":\"https:\/\/www.notibras.com\/site\/?s={search_term_string}\"},\"query-input\":{\"@type\":\"PropertyValueSpecification\",\"valueRequired\":true,\"valueName\":\"search_term_string\"}}],\"inLanguage\":\"pt-BR\"},{\"@type\":\"Organization\",\"@id\":\"https:\/\/www.notibras.com\/site\/#organization\",\"name\":\"Grupo Notibras de Comunica\u00e7\u00e3o\",\"url\":\"https:\/\/www.notibras.com\/site\/\",\"logo\":{\"@type\":\"ImageObject\",\"inLanguage\":\"pt-BR\",\"@id\":\"https:\/\/www.notibras.com\/site\/#\/schema\/logo\/image\/\",\"url\":\"https:\/\/www.notibras.com\/site\/wp-content\/uploads\/2023\/01\/notibras23.png\",\"contentUrl\":\"https:\/\/www.notibras.com\/site\/wp-content\/uploads\/2023\/01\/notibras23.png\",\"width\":350,\"height\":87,\"caption\":\"Grupo Notibras de Comunica\u00e7\u00e3o\"},\"image\":{\"@id\":\"https:\/\/www.notibras.com\/site\/#\/schema\/logo\/image\/\"},\"sameAs\":[\"https:\/\/www.facebook.com\/notibras\/\",\"https:\/\/x.com\/Notibras\",\"https:\/\/www.instagram.com\/notibras\/\"]},{\"@type\":\"Person\",\"@id\":\"https:\/\/www.notibras.com\/site\/#\/schema\/person\/36ab0979449956132d3e5b517ea76ac8\",\"name\":\"Reda\u00e7\u00e3o\",\"image\":{\"@type\":\"ImageObject\",\"inLanguage\":\"pt-BR\",\"@id\":\"https:\/\/secure.gravatar.com\/avatar\/e0a867bdedb85fd243eadf09663511f96fc81e0720a4a42581f334ad4303aa6b?s=96&d=mm&r=g\",\"url\":\"https:\/\/secure.gravatar.com\/avatar\/e0a867bdedb85fd243eadf09663511f96fc81e0720a4a42581f334ad4303aa6b?s=96&d=mm&r=g\",\"contentUrl\":\"https:\/\/secure.gravatar.com\/avatar\/e0a867bdedb85fd243eadf09663511f96fc81e0720a4a42581f334ad4303aa6b?s=96&d=mm&r=g\",\"caption\":\"Reda\u00e7\u00e3o\"}}]}<\/script>\n<!-- \/ Yoast SEO plugin. -->","yoast_head_json":{"title":"Sem bananeira ou laranjeira, revivo os 8 anos brincando com Malulinha - Notibras","robots":{"index":"index","follow":"follow","max-snippet":"max-snippet:-1","max-image-preview":"max-image-preview:large","max-video-preview":"max-video-preview:-1"},"canonical":"https:\/\/www.notibras.com\/site\/sem-bananeira-ou-laranjeira-revivo-os-8-anos-brincando-com-malulinha\/","og_locale":"pt_BR","og_type":"article","og_title":"Sem bananeira ou laranjeira, revivo os 8 anos brincando com Malulinha - Notibras","og_description":"Nos \u00faltimos tempos, tenho revivido momentos da long\u00ednqua inf\u00e2ncia que deixei nas areias de Copacabana, nas visitas aos meus padrinhos, que, ainda hoje, moram no M\u00e9ier. E quantas e quantas vezes esfolei o ded\u00e3o do p\u00e9 ou ralei os joelhos jogando bola na rua. Lembro-me brincando no tapete da sala da minha av\u00f3, um tapete [&hellip;]","og_url":"https:\/\/www.notibras.com\/site\/sem-bananeira-ou-laranjeira-revivo-os-8-anos-brincando-com-malulinha\/","og_site_name":"Notibras","article_publisher":"https:\/\/www.facebook.com\/notibras\/","article_published_time":"2025-03-24T12:57:39+00:00","article_modified_time":"2025-03-24T13:03:18+00:00","og_image":[{"width":339,"height":452,"url":"https:\/\/www.notibras.com\/site\/wp-content\/uploads\/2025\/03\/c1aa9196-efae-45b5-9257-35526a32831f.jpeg","type":"image\/jpeg"}],"author":"Reda\u00e7\u00e3o","twitter_card":"summary_large_image","twitter_creator":"@Notibras","twitter_site":"@Notibras","twitter_misc":{"Escrito por":"Reda\u00e7\u00e3o","Est. tempo de leitura":"3 minutos"},"schema":{"@context":"https:\/\/schema.org","@graph":[{"@type":"Article","@id":"https:\/\/www.notibras.com\/site\/sem-bananeira-ou-laranjeira-revivo-os-8-anos-brincando-com-malulinha\/#article","isPartOf":{"@id":"https:\/\/www.notibras.com\/site\/sem-bananeira-ou-laranjeira-revivo-os-8-anos-brincando-com-malulinha\/"},"author":{"name":"Reda\u00e7\u00e3o","@id":"https:\/\/www.notibras.com\/site\/#\/schema\/person\/36ab0979449956132d3e5b517ea76ac8"},"headline":"Sem bananeira ou laranjeira, revivo os 8 anos brincando com Malulinha","datePublished":"2025-03-24T12:57:39+00:00","dateModified":"2025-03-24T13:03:18+00:00","mainEntityOfPage":{"@id":"https:\/\/www.notibras.com\/site\/sem-bananeira-ou-laranjeira-revivo-os-8-anos-brincando-com-malulinha\/"},"wordCount":461,"publisher":{"@id":"https:\/\/www.notibras.com\/site\/#organization"},"image":{"@id":"https:\/\/www.notibras.com\/site\/sem-bananeira-ou-laranjeira-revivo-os-8-anos-brincando-com-malulinha\/#primaryimage"},"thumbnailUrl":"https:\/\/www.notibras.com\/site\/wp-content\/uploads\/2025\/03\/c1aa9196-efae-45b5-9257-35526a32831f.jpeg","articleSection":["Quadradinho em Foco"],"inLanguage":"pt-BR"},{"@type":"WebPage","@id":"https:\/\/www.notibras.com\/site\/sem-bananeira-ou-laranjeira-revivo-os-8-anos-brincando-com-malulinha\/","url":"https:\/\/www.notibras.com\/site\/sem-bananeira-ou-laranjeira-revivo-os-8-anos-brincando-com-malulinha\/","name":"Sem bananeira ou laranjeira, revivo os 8 anos brincando com Malulinha - Notibras","isPartOf":{"@id":"https:\/\/www.notibras.com\/site\/#website"},"primaryImageOfPage":{"@id":"https:\/\/www.notibras.com\/site\/sem-bananeira-ou-laranjeira-revivo-os-8-anos-brincando-com-malulinha\/#primaryimage"},"image":{"@id":"https:\/\/www.notibras.com\/site\/sem-bananeira-ou-laranjeira-revivo-os-8-anos-brincando-com-malulinha\/#primaryimage"},"thumbnailUrl":"https:\/\/www.notibras.com\/site\/wp-content\/uploads\/2025\/03\/c1aa9196-efae-45b5-9257-35526a32831f.jpeg","datePublished":"2025-03-24T12:57:39+00:00","dateModified":"2025-03-24T13:03:18+00:00","breadcrumb":{"@id":"https:\/\/www.notibras.com\/site\/sem-bananeira-ou-laranjeira-revivo-os-8-anos-brincando-com-malulinha\/#breadcrumb"},"inLanguage":"pt-BR","potentialAction":[{"@type":"ReadAction","target":["https:\/\/www.notibras.com\/site\/sem-bananeira-ou-laranjeira-revivo-os-8-anos-brincando-com-malulinha\/"]}]},{"@type":"ImageObject","inLanguage":"pt-BR","@id":"https:\/\/www.notibras.com\/site\/sem-bananeira-ou-laranjeira-revivo-os-8-anos-brincando-com-malulinha\/#primaryimage","url":"https:\/\/www.notibras.com\/site\/wp-content\/uploads\/2025\/03\/c1aa9196-efae-45b5-9257-35526a32831f.jpeg","contentUrl":"https:\/\/www.notibras.com\/site\/wp-content\/uploads\/2025\/03\/c1aa9196-efae-45b5-9257-35526a32831f.jpeg","width":339,"height":452},{"@type":"BreadcrumbList","@id":"https:\/\/www.notibras.com\/site\/sem-bananeira-ou-laranjeira-revivo-os-8-anos-brincando-com-malulinha\/#breadcrumb","itemListElement":[{"@type":"ListItem","position":1,"name":"In\u00edcio","item":"https:\/\/www.notibras.com\/site\/"},{"@type":"ListItem","position":2,"name":"Sem bananeira ou laranjeira, revivo os 8 anos brincando com Malulinha"}]},{"@type":"WebSite","@id":"https:\/\/www.notibras.com\/site\/#website","url":"https:\/\/www.notibras.com\/site\/","name":"Notibras","description":"Not\u00edcias de Bras\u00edlia, do Brasil e do Mundo","publisher":{"@id":"https:\/\/www.notibras.com\/site\/#organization"},"potentialAction":[{"@type":"SearchAction","target":{"@type":"EntryPoint","urlTemplate":"https:\/\/www.notibras.com\/site\/?s={search_term_string}"},"query-input":{"@type":"PropertyValueSpecification","valueRequired":true,"valueName":"search_term_string"}}],"inLanguage":"pt-BR"},{"@type":"Organization","@id":"https:\/\/www.notibras.com\/site\/#organization","name":"Grupo Notibras de Comunica\u00e7\u00e3o","url":"https:\/\/www.notibras.com\/site\/","logo":{"@type":"ImageObject","inLanguage":"pt-BR","@id":"https:\/\/www.notibras.com\/site\/#\/schema\/logo\/image\/","url":"https:\/\/www.notibras.com\/site\/wp-content\/uploads\/2023\/01\/notibras23.png","contentUrl":"https:\/\/www.notibras.com\/site\/wp-content\/uploads\/2023\/01\/notibras23.png","width":350,"height":87,"caption":"Grupo Notibras de Comunica\u00e7\u00e3o"},"image":{"@id":"https:\/\/www.notibras.com\/site\/#\/schema\/logo\/image\/"},"sameAs":["https:\/\/www.facebook.com\/notibras\/","https:\/\/x.com\/Notibras","https:\/\/www.instagram.com\/notibras\/"]},{"@type":"Person","@id":"https:\/\/www.notibras.com\/site\/#\/schema\/person\/36ab0979449956132d3e5b517ea76ac8","name":"Reda\u00e7\u00e3o","image":{"@type":"ImageObject","inLanguage":"pt-BR","@id":"https:\/\/secure.gravatar.com\/avatar\/e0a867bdedb85fd243eadf09663511f96fc81e0720a4a42581f334ad4303aa6b?s=96&d=mm&r=g","url":"https:\/\/secure.gravatar.com\/avatar\/e0a867bdedb85fd243eadf09663511f96fc81e0720a4a42581f334ad4303aa6b?s=96&d=mm&r=g","contentUrl":"https:\/\/secure.gravatar.com\/avatar\/e0a867bdedb85fd243eadf09663511f96fc81e0720a4a42581f334ad4303aa6b?s=96&d=mm&r=g","caption":"Reda\u00e7\u00e3o"}}]}},"amp_enabled":true,"_links":{"self":[{"href":"https:\/\/www.notibras.com\/site\/wp-json\/wp\/v2\/posts\/350706","targetHints":{"allow":["GET"]}}],"collection":[{"href":"https:\/\/www.notibras.com\/site\/wp-json\/wp\/v2\/posts"}],"about":[{"href":"https:\/\/www.notibras.com\/site\/wp-json\/wp\/v2\/types\/post"}],"author":[{"embeddable":true,"href":"https:\/\/www.notibras.com\/site\/wp-json\/wp\/v2\/users\/2"}],"replies":[{"embeddable":true,"href":"https:\/\/www.notibras.com\/site\/wp-json\/wp\/v2\/comments?post=350706"}],"version-history":[{"count":2,"href":"https:\/\/www.notibras.com\/site\/wp-json\/wp\/v2\/posts\/350706\/revisions"}],"predecessor-version":[{"id":350709,"href":"https:\/\/www.notibras.com\/site\/wp-json\/wp\/v2\/posts\/350706\/revisions\/350709"}],"wp:featuredmedia":[{"embeddable":true,"href":"https:\/\/www.notibras.com\/site\/wp-json\/wp\/v2\/media\/350707"}],"wp:attachment":[{"href":"https:\/\/www.notibras.com\/site\/wp-json\/wp\/v2\/media?parent=350706"}],"wp:term":[{"taxonomy":"category","embeddable":true,"href":"https:\/\/www.notibras.com\/site\/wp-json\/wp\/v2\/categories?post=350706"},{"taxonomy":"post_tag","embeddable":true,"href":"https:\/\/www.notibras.com\/site\/wp-json\/wp\/v2\/tags?post=350706"}],"curies":[{"name":"wp","href":"https:\/\/api.w.org\/{rel}","templated":true}]}}