{"id":350850,"date":"2025-03-26T07:28:14","date_gmt":"2025-03-26T10:28:14","guid":{"rendered":"https:\/\/www.notibras.com\/site\/?p=350850"},"modified":"2025-03-26T07:30:20","modified_gmt":"2025-03-26T10:30:20","slug":"bolsa-familia-para-beneficiarios-com-nis-de-final-7-entra-na-conta","status":"publish","type":"post","link":"https:\/\/www.notibras.com\/site\/bolsa-familia-para-beneficiarios-com-nis-de-final-7-entra-na-conta\/","title":{"rendered":"Bolsa Fam\u00edlia para benefici\u00e1rios com NIS de final 7 entra na conta"},"content":{"rendered":"<p>A Caixa Econ\u00f4mica Federal paga nesta quarta-feira (26) a parcela de mar\u00e7o do novo Bolsa Fam\u00edlia aos benefici\u00e1rios com N\u00famero de Inscri\u00e7\u00e3o Social (NIS) de final 7.<\/p>\n<p>O valor m\u00ednimo corresponde a R$ 600, mas, com o novo adicional, o valor m\u00e9dio do benef\u00edcio sobe para R$ 668,65. Segundo o Minist\u00e9rio do Desenvolvimento e Assist\u00eancia Social, neste m\u00eas, o programa de transfer\u00eancia de renda do Governo Federal alcan\u00e7ar\u00e1 20,5 milh\u00f5es de fam\u00edlias, com gasto de R$ 13,7 bilh\u00f5es.<\/p>\n<p>Al\u00e9m do benef\u00edcio m\u00ednimo, h\u00e1 o pagamento de tr\u00eas adicionais. O Benef\u00edcio Vari\u00e1vel Familiar Nutriz paga seis parcelas de R$ 50 a m\u00e3es de beb\u00eas de at\u00e9 6 meses de idade, para garantir a alimenta\u00e7\u00e3o da crian\u00e7a. O Bolsa Fam\u00edlia tamb\u00e9m paga um acr\u00e9scimo de R$ 50 a fam\u00edlias com gestantes e filhos de 7 a 18 anos e outro, de R$ 150, a fam\u00edlias com crian\u00e7as de at\u00e9 6 anos.<\/p>\n<p>No modelo tradicional do Bolsa Fam\u00edlia, o pagamento ocorre nos \u00faltimos dez dias \u00fateis de cada m\u00eas. O benefici\u00e1rio poder\u00e1 consultar informa\u00e7\u00f5es sobre as datas de pagamento, o valor do benef\u00edcio e a composi\u00e7\u00e3o das parcelas no aplicativo Caixa Tem, usado para acompanhar as contas poupan\u00e7a digitais do banco.<\/p>\n<p>Desde o ano passado, os benefici\u00e1rios do Bolsa Fam\u00edlia n\u00e3o t\u00eam mais o desconto do Seguro Defeso. A mudan\u00e7a foi estabelecida pela Lei 14.601\/2023, que resgatou o Programa Bolsa Fam\u00edlia (PBF). O Seguro Defeso \u00e9 pago a pessoas que sobrevivem exclusivamente da pesca artesanal e que n\u00e3o podem exercer a atividade durante o per\u00edodo da piracema (reprodu\u00e7\u00e3o dos peixes).<\/p>\n<p><strong>Regra de prote\u00e7\u00e3o<\/strong><br \/>\nCerca de 3,11 milh\u00f5es de fam\u00edlias est\u00e3o na regra de prote\u00e7\u00e3o em mar\u00e7o. Em vigor desde junho de 2023, essa regra permite que fam\u00edlias cujos membros consigam emprego e melhorem a renda recebam 50% do benef\u00edcio a que teriam direito por at\u00e9 dois anos, desde que cada integrante receba o equivalente a at\u00e9 meio sal\u00e1rio m\u00ednimo. Para essas fam\u00edlias, o benef\u00edcio m\u00e9dio ficou em R$ 367,39.<\/p>\n<p><strong>Aux\u00edlio G\u00e1s<\/strong><br \/>\nNeste m\u00eas n\u00e3o haver\u00e1 pagamento do Aux\u00edlio G\u00e1s, que beneficia fam\u00edlias cadastradas no Cad\u00danico. Como o benef\u00edcio \u00e9 pago a cada dois meses, o pagamento voltar\u00e1 em abril.<\/p>\n<p>S\u00f3 pode receber o Aux\u00edlio G\u00e1s quem est\u00e1 inclu\u00eddo no Cad\u00danico e tenha pelo menos um membro da fam\u00edlia que receba o Benef\u00edcio de Presta\u00e7\u00e3o Continuada (BPC). A lei que criou o programa definiu que a mulher respons\u00e1vel pela fam\u00edlia ter\u00e1 prefer\u00eancia, assim como mulheres v\u00edtimas de viol\u00eancia dom\u00e9stica.<\/p>\n","protected":false},"excerpt":{"rendered":"<p>A Caixa Econ\u00f4mica Federal paga nesta quarta-feira (26) a parcela de mar\u00e7o do novo Bolsa Fam\u00edlia aos benefici\u00e1rios com N\u00famero de Inscri\u00e7\u00e3o Social (NIS) de final 7. O valor m\u00ednimo corresponde a R$ 600, mas, com o novo adicional, o valor m\u00e9dio do benef\u00edcio sobe para R$ 668,65. Segundo o Minist\u00e9rio do Desenvolvimento e Assist\u00eancia [&hellip;]<\/p>\n","protected":false},"author":2,"featured_media":335762,"comment_status":"closed","ping_status":"closed","sticky":false,"template":"","format":"standard","meta":{"_acf_changed":false,"footnotes":""},"categories":[165],"tags":[],"class_list":["post-350850","post","type-post","status-publish","format-standard","has-post-thumbnail","hentry","category-nordeste"],"acf":[],"_links":{"self":[{"href":"https:\/\/www.notibras.com\/site\/wp-json\/wp\/v2\/posts\/350850","targetHints":{"allow":["GET"]}}],"collection":[{"href":"https:\/\/www.notibras.com\/site\/wp-json\/wp\/v2\/posts"}],"about":[{"href":"https:\/\/www.notibras.com\/site\/wp-json\/wp\/v2\/types\/post"}],"author":[{"embeddable":true,"href":"https:\/\/www.notibras.com\/site\/wp-json\/wp\/v2\/users\/2"}],"replies":[{"embeddable":true,"href":"https:\/\/www.notibras.com\/site\/wp-json\/wp\/v2\/comments?post=350850"}],"version-history":[{"count":3,"href":"https:\/\/www.notibras.com\/site\/wp-json\/wp\/v2\/posts\/350850\/revisions"}],"predecessor-version":[{"id":350853,"href":"https:\/\/www.notibras.com\/site\/wp-json\/wp\/v2\/posts\/350850\/revisions\/350853"}],"wp:featuredmedia":[{"embeddable":true,"href":"https:\/\/www.notibras.com\/site\/wp-json\/wp\/v2\/media\/335762"}],"wp:attachment":[{"href":"https:\/\/www.notibras.com\/site\/wp-json\/wp\/v2\/media?parent=350850"}],"wp:term":[{"taxonomy":"category","embeddable":true,"href":"https:\/\/www.notibras.com\/site\/wp-json\/wp\/v2\/categories?post=350850"},{"taxonomy":"post_tag","embeddable":true,"href":"https:\/\/www.notibras.com\/site\/wp-json\/wp\/v2\/tags?post=350850"}],"curies":[{"name":"wp","href":"https:\/\/api.w.org\/{rel}","templated":true}]}}