{"id":350857,"date":"2025-03-26T00:00:10","date_gmt":"2025-03-26T03:00:10","guid":{"rendered":"https:\/\/www.notibras.com\/site\/?p=350857"},"modified":"2025-03-26T07:43:39","modified_gmt":"2025-03-26T10:43:39","slug":"beneficiarios-do-cadunico-podem-ter-parabolica-digital-gratuita","status":"publish","type":"post","link":"https:\/\/www.notibras.com\/site\/beneficiarios-do-cadunico-podem-ter-parabolica-digital-gratuita\/","title":{"rendered":"Benefici\u00e1rios do Cad\u00danico podem ter parab\u00f3lica digital gratuita"},"content":{"rendered":"<p>Fam\u00edlias de menor renda inscritas no Cad\u00danico t\u00eam at\u00e9 o dia 30 de junho pr\u00f3ximo para pedir instala\u00e7\u00e3o gratuita da nova parab\u00f3lica digital. A mudan\u00e7a \u00e9 necess\u00e1ria para n\u00e3o perder o acesso \u00e0 TV aberta, j\u00e1 que o sinal da TV via parab\u00f3lica tradicional est\u00e1 sendo desligado.<\/p>\n<p>O servi\u00e7o \u00e9 realizado pela Siga Antenado, institui\u00e7\u00e3o sem fins lucrativos criada por determina\u00e7\u00e3o da Ag\u00eancia Nacional de Telecomunica\u00e7\u00f5es (Anatel) para apoiar a popula\u00e7\u00e3o durante a mudan\u00e7a. O agendamento pode ser feito pelo site ou pelo telefone 0800 729 2404.<\/p>\n<p>O servi\u00e7o de troca atende fam\u00edlias de menor renda que ainda utilizam a parab\u00f3lica tradicional, aquela grande e cheia de furinhos. Depois da solicita\u00e7\u00e3o, elas ter\u00e3o direito ao kit gratuito com a nova parab\u00f3lica digital, que \u00e9 bem menor e sem furos, incluindo a instala\u00e7\u00e3o.<\/p>\n<p>\u201cA troca para a parab\u00f3lica digital melhora a experi\u00eancia do telespectador, ampliando a oferta de canais e trazendo um som e imagem mais n\u00edtidos. Estamos garantindo que as fam\u00edlias de menor renda possam fazer essa adapta\u00e7\u00e3o sem custo\u201d, diz o ministro das Comunica\u00e7\u00f5es, Juscelino Filho.<\/p>\n<p><strong>Avan\u00e7o da infraestrutura<\/strong><br \/>\nO presidente da Anatel, Carlos Baigorri, afirma que essa troca \u00e9 importante para o avan\u00e7o da infraestrutura no Brasil.<\/p>\n<p>\u201cA libera\u00e7\u00e3o da faixa de frequ\u00eancia da parab\u00f3lica tradicional \u00e9 essencial para a implanta\u00e7\u00e3o do 5G no pa\u00eds sem interfer\u00eancias. Esse \u00e9 um processo previsto no edital da Anatel e que est\u00e1 sendo executado de forma a minimizar impactos para a popula\u00e7\u00e3o\u201d, explica Baigorri.<\/p>\n<p>Al\u00e9m de transmitir imagem e som em qualidade superior, a nova tecnologia tamb\u00e9m permite um sinal mais est\u00e1vel, com menos falhas na transmiss\u00e3o. Outro avan\u00e7o \u00e9 a amplia\u00e7\u00e3o da grade de programa\u00e7\u00e3o, que pode alcan\u00e7ar mais de 140 canais dispon\u00edveis, entre regionais e nacionais.<\/p>\n<p>O Cad\u00danico (Cadastro \u00danico) \u00e9 um registro que permite ao governo saber quem s\u00e3o e como vivem as fam\u00edlias de baixa renda no Brasil. Ele foi criado pelo governo federal, mas \u00e9 operacionalizado e atualizado pelas prefeituras de forma gratuita.<\/p>\n","protected":false},"excerpt":{"rendered":"<p>Fam\u00edlias de menor renda inscritas no Cad\u00danico t\u00eam at\u00e9 o dia 30 de junho pr\u00f3ximo para pedir instala\u00e7\u00e3o gratuita da nova parab\u00f3lica digital. A mudan\u00e7a \u00e9 necess\u00e1ria para n\u00e3o perder o acesso \u00e0 TV aberta, j\u00e1 que o sinal da TV via parab\u00f3lica tradicional est\u00e1 sendo desligado. O servi\u00e7o \u00e9 realizado pela Siga Antenado, institui\u00e7\u00e3o [&hellip;]<\/p>\n","protected":false},"author":2,"featured_media":350858,"comment_status":"closed","ping_status":"closed","sticky":false,"template":"","format":"standard","meta":{"_acf_changed":false,"footnotes":""},"categories":[165],"tags":[],"class_list":["post-350857","post","type-post","status-publish","format-standard","has-post-thumbnail","hentry","category-nordeste"],"acf":[],"_links":{"self":[{"href":"https:\/\/www.notibras.com\/site\/wp-json\/wp\/v2\/posts\/350857","targetHints":{"allow":["GET"]}}],"collection":[{"href":"https:\/\/www.notibras.com\/site\/wp-json\/wp\/v2\/posts"}],"about":[{"href":"https:\/\/www.notibras.com\/site\/wp-json\/wp\/v2\/types\/post"}],"author":[{"embeddable":true,"href":"https:\/\/www.notibras.com\/site\/wp-json\/wp\/v2\/users\/2"}],"replies":[{"embeddable":true,"href":"https:\/\/www.notibras.com\/site\/wp-json\/wp\/v2\/comments?post=350857"}],"version-history":[{"count":1,"href":"https:\/\/www.notibras.com\/site\/wp-json\/wp\/v2\/posts\/350857\/revisions"}],"predecessor-version":[{"id":350859,"href":"https:\/\/www.notibras.com\/site\/wp-json\/wp\/v2\/posts\/350857\/revisions\/350859"}],"wp:featuredmedia":[{"embeddable":true,"href":"https:\/\/www.notibras.com\/site\/wp-json\/wp\/v2\/media\/350858"}],"wp:attachment":[{"href":"https:\/\/www.notibras.com\/site\/wp-json\/wp\/v2\/media?parent=350857"}],"wp:term":[{"taxonomy":"category","embeddable":true,"href":"https:\/\/www.notibras.com\/site\/wp-json\/wp\/v2\/categories?post=350857"},{"taxonomy":"post_tag","embeddable":true,"href":"https:\/\/www.notibras.com\/site\/wp-json\/wp\/v2\/tags?post=350857"}],"curies":[{"name":"wp","href":"https:\/\/api.w.org\/{rel}","templated":true}]}}