{"id":350860,"date":"2025-03-26T00:02:55","date_gmt":"2025-03-26T03:02:55","guid":{"rendered":"https:\/\/www.notibras.com\/site\/?p=350860"},"modified":"2025-03-26T07:54:47","modified_gmt":"2025-03-26T10:54:47","slug":"prazo-de-inscricao-do-pe-de-meia-licenciaturas-termina-domingo","status":"publish","type":"post","link":"https:\/\/www.notibras.com\/site\/prazo-de-inscricao-do-pe-de-meia-licenciaturas-termina-domingo\/","title":{"rendered":"Prazo de inscri\u00e7\u00e3o do P\u00e9-de-Meia Licenciaturas termina domingo"},"content":{"rendered":"<p>O prazo para os estudantes de cursos de licenciatura na modalidade presencial fazerem a pr\u00e9-inscri\u00e7\u00e3o no programa P\u00e9-de-Meia Licenciaturas e cadastrarem o curr\u00edculo termina neste domingo (30).<\/p>\n<p>O preenchimento deve ser feito na Plataforma Freire da Coordena\u00e7\u00e3o de Aperfei\u00e7oamento de Pessoal de N\u00edvel Superior (Capes), entidade que executa o programa.<\/p>\n<p>A etapa de pr\u00e9-inscri\u00e7\u00e3o \u00e9 obrigat\u00f3ria. Por\u00e9m, o cadastro na plataforma n\u00e3o assegura a concess\u00e3o da bolsa do programa no valor de R$ 1.050, conforme previsto no edital de sele\u00e7\u00e3o. O resultado preliminar dos selecionados ser\u00e1 divulgado em 4 de abril. Os estudantes que discordarem do resultado poder\u00e3o entrar com recurso entre 5 e 9 de abril. A Capes, ent\u00e3o, publicar\u00e1 o resultado final em 14 de abril.<\/p>\n<p>A bolsa do P\u00e9-de-Meia Licenciaturas foi criada para incentivar a forma\u00e7\u00e3o de novos professores e melhorar a qualidade desses cursos.<\/p>\n<p>Os aprovados ir\u00e3o receber a primeira parcela do benef\u00edcio mensal em 1\u00ba de maio.<\/p>\n<p><strong>Como fazer o cadastro \u202f<\/strong><br \/>\nA plataforma Freire exige o login com Cadastro de Pessoa F\u00edsica (CPF) e senha do portal Gov.br.<\/p>\n<p>Ao acessar a plataforma Freire, na aba de Identifica\u00e7\u00e3o, o candidato deve cadastrar os dados pessoais, e-mail, telefone e endere\u00e7o, para prosseguir com o preenchimento do curr\u00edculo.<\/p>\n<p>Um campo para preenchimento da matr\u00edcula na institui\u00e7\u00e3o de ensino superior (IES) aparecer\u00e1. Caso o estudante j\u00e1 esteja matriculado, deve incluir o n\u00famero no campo. Caso ainda n\u00e3o possua um n\u00famero de matr\u00edcula, o CPF poder\u00e1 ser inserido neste local, at\u00e9 o in\u00edcio do seu curso de licenciatura.<\/p>\n<p>Por fim, o candidato \u00e0 bolsa tamb\u00e9m deve aceitar o Termo de Ci\u00eancia e Concord\u00e2ncia para concluir a pr\u00e9-inscri\u00e7\u00e3o no P\u00e9-de-Meia Licenciaturas.<\/p>\n<p><strong>Requisitos<\/strong><br \/>\nO Minist\u00e9rio da Educa\u00e7\u00e3o (MEC), respons\u00e1vel pelo P\u00e9-de-Meia Licenciaturas, confirma que disponibilizou 12 mil bolsas aos estudantes de cursos de licenciatura presenciais.<\/p>\n<p>O estudante deve ter ingressado e estar regularmente matriculado em curso de licenciatura presencial via Sistema de Sele\u00e7\u00e3o Unificada (Sisu), Programa Universidade para Todos (Prouni) ou pelo Fundo de Financiamento Estudantil (Fies) Social.<\/p>\n<p>Outro requisito \u00e9 que o candidato \u00e0 sele\u00e7\u00e3o tenha se destacado no Exame Nacional do Ensino M\u00e9dio (Enem) de 2024, com a nota igual ou superior a 650 pontos.<\/p>\n<p>Para manuten\u00e7\u00e3o da bolsa, o estudante deve cursar a quantidade de cr\u00e9ditos obrigat\u00f3rios de cada per\u00edodo; ser aprovado nas mat\u00e9rias em que est\u00e1 efetivamente matriculado.<\/p>\n<p><strong>Dep\u00f3sitos<\/strong><br \/>\nO programa concede apoio financeiro aos estudantes dos cursos de licenciatura que se cadastrarem para a bolsa e forem aprovados. O\u202fvalor\u202fmensal \u00e9 R$\u202f1.050 dividido da seguinte forma: bolsa mensal de R$ 700 dispon\u00edveis para saque, durante o per\u00edodo regular do curso; e incentivo \u00e0 doc\u00eancia de R$ 350, na modalidade de poupan\u00e7a, que poder\u00e1 ser resgatado ap\u00f3s a conclus\u00e3o do curso, caso o estudante, ao se formar, se torne professor da rede p\u00fablica de educa\u00e7\u00e3o b\u00e1sica, no prazo de at\u00e9 cinco anos ap\u00f3s a conclus\u00e3o do curso.<\/p>\n<p>As bolsas ser\u00e3o pagas pelo MEC, por meio da Capes, do in\u00edcio at\u00e9 o fim do curso. Os valores ser\u00e3o destinados diretamente aos estudantes aprovados em cursos presenciais de\u202flicenciaturas.<\/p>\n<p>O incentivo doc\u00eancia mensal \u00e9 limitado a 48 parcelas.<\/p>\n<p><strong>P\u00e9-de-Meia Licenciaturas<\/strong><br \/>\nO P\u00e9-de-Meia Licenciaturas, como \u00e9 chamada a Bolsa de Atratividade e Forma\u00e7\u00e3o para a Doc\u00eancia, \u00e9 um dos eixos do\u202fprograma\u202fMais Professores para o Brasil que integra a\u00e7\u00f5es para valorizar o magist\u00e9rio e qualificar a educa\u00e7\u00e3o b\u00e1sica no pa\u00eds.<\/p>\n<p>O suporte financeiro do P\u00e9-de-Meia Licenciaturas tem a finalidade incentivar a doc\u00eancia, permitindo aos beneficiados que se dediquem integralmente \u00e0s atividades acad\u00eamicas e de est\u00e1gio supervisionado obrigat\u00f3rio do curso.<\/p>\n<p>Adicionalmente, o pagamento do incentivo tem os objetivos de atrair estudantes com alto desempenho para as licenciaturas e para a carreira docente; reduzir a evas\u00e3o nos cursos de licenciatura; e incentivar o ingresso de concluintes das licenciaturas nas redes\u202fp\u00fablicas de ensino.<\/p>\n","protected":false},"excerpt":{"rendered":"<p>O prazo para os estudantes de cursos de licenciatura na modalidade presencial fazerem a pr\u00e9-inscri\u00e7\u00e3o no programa P\u00e9-de-Meia Licenciaturas e cadastrarem o curr\u00edculo termina neste domingo (30). O preenchimento deve ser feito na Plataforma Freire da Coordena\u00e7\u00e3o de Aperfei\u00e7oamento de Pessoal de N\u00edvel Superior (Capes), entidade que executa o programa. A etapa de pr\u00e9-inscri\u00e7\u00e3o \u00e9 [&hellip;]<\/p>\n","protected":false},"author":2,"featured_media":350861,"comment_status":"closed","ping_status":"closed","sticky":false,"template":"","format":"standard","meta":{"_acf_changed":false,"footnotes":""},"categories":[165],"tags":[],"class_list":["post-350860","post","type-post","status-publish","format-standard","has-post-thumbnail","hentry","category-nordeste"],"acf":[],"_links":{"self":[{"href":"https:\/\/www.notibras.com\/site\/wp-json\/wp\/v2\/posts\/350860","targetHints":{"allow":["GET"]}}],"collection":[{"href":"https:\/\/www.notibras.com\/site\/wp-json\/wp\/v2\/posts"}],"about":[{"href":"https:\/\/www.notibras.com\/site\/wp-json\/wp\/v2\/types\/post"}],"author":[{"embeddable":true,"href":"https:\/\/www.notibras.com\/site\/wp-json\/wp\/v2\/users\/2"}],"replies":[{"embeddable":true,"href":"https:\/\/www.notibras.com\/site\/wp-json\/wp\/v2\/comments?post=350860"}],"version-history":[{"count":1,"href":"https:\/\/www.notibras.com\/site\/wp-json\/wp\/v2\/posts\/350860\/revisions"}],"predecessor-version":[{"id":350862,"href":"https:\/\/www.notibras.com\/site\/wp-json\/wp\/v2\/posts\/350860\/revisions\/350862"}],"wp:featuredmedia":[{"embeddable":true,"href":"https:\/\/www.notibras.com\/site\/wp-json\/wp\/v2\/media\/350861"}],"wp:attachment":[{"href":"https:\/\/www.notibras.com\/site\/wp-json\/wp\/v2\/media?parent=350860"}],"wp:term":[{"taxonomy":"category","embeddable":true,"href":"https:\/\/www.notibras.com\/site\/wp-json\/wp\/v2\/categories?post=350860"},{"taxonomy":"post_tag","embeddable":true,"href":"https:\/\/www.notibras.com\/site\/wp-json\/wp\/v2\/tags?post=350860"}],"curies":[{"name":"wp","href":"https:\/\/api.w.org\/{rel}","templated":true}]}}