{"id":350863,"date":"2025-03-26T00:33:31","date_gmt":"2025-03-26T03:33:31","guid":{"rendered":"https:\/\/www.notibras.com\/site\/?p=350863"},"modified":"2025-03-26T08:39:37","modified_gmt":"2025-03-26T11:39:37","slug":"ibaneis-sinaliza-apoio-a-nome-do-psd-para-enfrentar-lula-no-proximo-ano","status":"publish","type":"post","link":"https:\/\/www.notibras.com\/site\/ibaneis-sinaliza-apoio-a-nome-do-psd-para-enfrentar-lula-no-proximo-ano\/","title":{"rendered":"Ibaneis sinaliza apoio a nome do PSD para enfrentar Lula no pr\u00f3ximo ano"},"content":{"rendered":"<p>Convidado pelo presidente do Lide Bras\u00edlia, empres\u00e1rio Paulo Oct\u00e1vio, o governador Ratinho J\u00fanior (PSD) apresentou a evolu\u00e7\u00e3o do Paran\u00e1 em seus seis anos de administra\u00e7\u00e3o. Ele foi o palestrante evento promovido pelo grupo, que re\u00fane importantes empres\u00e1rios e dirigentes classistas da capital. A reuni\u00e3o foi prestigiada pelo governador do DF, Ibaneis Rocha, pela vice-governadora Celina Le\u00e3o, por lideran\u00e7a pol\u00edticas do PSD, como o senador Omar Aziz (AM) e por parlamentares paranaenses e brasilienses.<\/p>\n<p>Ap\u00f3s a apresenta\u00e7\u00e3o formal de Ratinho J\u00fanior, Paulo Oct\u00e1vio convidou o governador Ibaneis Rocha para falar antes do colega paranaense. \u201cQuero saudar de forma muito carinhosa o Paulo Oct\u00e1vio, por mais esse evento e pelo que vem fazendo, trazendo personalidades que realmente t\u00eam feito a diferen\u00e7a no Pa\u00eds\u201d, disse, antes de tamb\u00e9m agradecer a Fernando Cavalcanti, anfitri\u00e3o da reuni\u00e3o, \u201cUm dom que Deus deu ao Fernando foi o de unir pessoas e ele faz isso com uma facilidade e deixa a gente encantado\u201d, completou.<\/p>\n<p>Ibaneis afirmou que acompanha o trabalho de Ratinho J\u00fanior desde 2019, por meio do F\u00f3rum de Governadores. \u201cIsso exige de n\u00f3s que a gente acompanhe o trabalho de todos os governadores. N\u00e3o s\u00f3 pelos \u00edndices de aprova\u00e7\u00e3o que voc\u00ea tem, mas pelo \u00edndice de satisfa\u00e7\u00e3o que traz para o meio pol\u00edtico\u201d, afirmou, pouco antes de destacar algumas medidas que t\u00eam tomado \u00e0 frente do DF.<\/p>\n<p>\u201cN\u00f3s reduzimos para 1% o ITBI que era de 3% para novos im\u00f3veis e para 2% os im\u00f3veis que j\u00e1 foram ocupados. A gente vem tratando essa pauta liberal com muita aten\u00e7\u00e3o e muita proximidade do setor empresarial, sem dispensar a quest\u00e3o pol\u00edtica que \u00e9 importante para a manuten\u00e7\u00e3o da estabilidade de qualquer Estado e n\u00e3o \u00e9 diferente do Distrito Federal\u201d, avaliou.<\/p>\n<p><strong>Candidato \u00e0 Presid\u00eancia<\/strong><br \/>\nO governador do DF tamb\u00e9m elogiou a indica\u00e7\u00e3o do nome de Ratinho J\u00fanior como pr\u00e9-candidato \u00e0 Presid\u00eancia da Rep\u00fablica pelo PSD. \u201c\u00c9 um partido que tem se destacado como sendo um dos maiores da Rep\u00fablica e que fez o maior n\u00famero de prefeituras nos estados. Isso mostra o potencial de uma candidatura do PSD \u00e0 presid\u00eancia\u201d, destacou Ibaneis.<\/p>\n<p>\u201cAcho que temos que conversar muito no campo da centro-direita, para que a gente possa ter um salto de qualidade na administra\u00e7\u00e3o p\u00fablica federal. Para isso, n\u00f3s temos que ter bons nomes. E o seu nome certamente agrada toda a classe empresarial e toda a classe pol\u00edtica\u201d, completou.<\/p>\n<p>Aos presentes, Ratinho J\u00fanior afirmou que est\u00e1 \u00e0 disposi\u00e7\u00e3o do PSD para uma eventual candidatura. \u201cO PSD se consolidou como um dos maiores partidos do Brasil, com uma bancada expressiva e lideran\u00e7as relevantes. Diante desse crescimento, n\u00e3o podemos ser meros coadjuvantes na discuss\u00e3o sobre o futuro do Pa\u00eds. Quero contribuir para uma vis\u00e3o pol\u00edtica mais moderna e colaborativa. Sou um soldado do partido\u201d, afirmou.<\/p>\n<p>Paulo Oct\u00e1vio tamb\u00e9m destacou o desempenho do governador e refor\u00e7ou a relev\u00e2ncia do PSD no pr\u00f3ximo pleito presidencial. \u201cTemos uma nova gera\u00e7\u00e3o de governadores que est\u00e3o transformando o Brasil. O Ratinho J\u00fanior \u00e9 um dos principais nomes do partido e tem todas as condi\u00e7\u00f5es para liderar um projeto nacional\u201d, declarou.<\/p>\n<p><strong>Avan\u00e7os no Paran\u00e1<\/strong><br \/>\nEm sua palestra, Ratinho J\u00fanior destacou seu trabalho no estado. \u201cNo Paran\u00e1, buscamos construir o futuro do Estado com planejamento. Ent\u00e3o, passamos o Rio Grande do Sul, transformando o Paran\u00e1 no quarto maior PIB do Brasil. E foi o planejamento que implantamos que nos fez chegar a isso. Primeiro, por entendermos a voca\u00e7\u00e3o, natural e hist\u00f3rica\u201d, detalhou.<\/p>\n<p>Assim, ap\u00f3s analisar as duas vertentes, a decis\u00e3o tomada foi ser o supermercado do mundo. \u201cSomos um grande produtor de alimentos. Mas n\u00e3o queremos fazer o extrativismo agr\u00e1rio que fazemos no Brasil, que \u00e9 pegar nossa soja, nosso milho e mandar para engordar frangos dos asi\u00e1ticos. O caminho foi transformar tudo que produzimos na \u00e1rea rural, fazer a agroind\u00fastria, embalar, cortar em pedacinhos, congelar, colocar marca e vender para 170 pa\u00edses. Hoje, o Paran\u00e1 passou a ser o maior produtor de alimentos por metro quadrado do Brasil e possivelmente do mundo. Essa \u00e9 a base econ\u00f4mica\u201d, avaliou.<\/p>\n<p>O resultado dessa pol\u00edtica foi o crescimento de 5,8% no Produto Interno Bruto (PIB) estadual em 2023, o dobro do nacional. A agropecu\u00e1ria teve incremento de 26,91%, bem acima da m\u00e9dia brasileira, de 15,1%. A aposta no desenvolvimento sustent\u00e1vel fez com que o Paran\u00e1 se firmasse tamb\u00e9m como refer\u00eancia em educa\u00e7\u00e3o, sustentabilidade e crescimento econ\u00f4mico.<\/p>\n<p>Logo, a Agenda 2030 entrou em pauta, gra\u00e7as ao chamado PIB Verde, que hoje representa 32% da economia estadual e fez do Paran\u00e1 o estado mais sustent\u00e1vel do Brasil, segundo o Ranking de Competitividade dos Estados e consultoria Bright Cities, al\u00e9m de ser refer\u00eancia pela Organiza\u00e7\u00e3o para a Coopera\u00e7\u00e3o e Desenvolvimento Econ\u00f4mico (OCDE).<\/p>\n<p>Ratinho J\u00fanior tamb\u00e9m lembrou da cria\u00e7\u00e3o da Rede de Ajuda Humanit\u00e1ria estadual, com alcance nacional. E falou de transi\u00e7\u00e3o energ\u00e9tica, sustentada pelo programa RenovaPR, que incentiva o uso de energias limpas e renov\u00e1veis no meio rural. \u201cEstamos oferecendo condi\u00e7\u00f5es facilitadas para instala\u00e7\u00e3o de sistemas de gera\u00e7\u00e3o de energia solar e biog\u00e1s, permitindo que nossos agricultores aumentem sua capacidade produtiva sem prejudicar o meio ambiente\u201d, disse Ratinho J\u00fanior.<\/p>\n<p><strong>S\u00f3 elogios<\/strong><br \/>\nAp\u00f3s a palestra, o governador do Paran\u00e1 disse ter sido especial falar das estrat\u00e9gias de crescimento do estado na capital nacional. \u201cA gente tem aqui os principais empres\u00e1rios de Bras\u00edlia, pol\u00edticos, senadores e deputados. Mostrar o Paran\u00e1 e o que o estado acabou conquistando ao longo dos anos, com crescimento e gera\u00e7\u00e3o de emprego muito forte, foi importante. Temos a melhor educa\u00e7\u00e3o do Brasil e o estado mais sustent\u00e1vel. Fico honrado de poder apresentar esses n\u00fameros para um p\u00fablico t\u00e3o seleto\u201d, afirmou.<\/p>\n<p>Para Paulo Oct\u00e1vio, ter um governador como Ratinho J\u00fanior no Lide Bras\u00edlia \u00e9 importante pelos rumos da gest\u00e3o que ele vem desenvolvendo no Paran\u00e1. \u201cOs n\u00fameros demonstrados s\u00e3o impressionantes. Mostra que a boa gest\u00e3o e boa condi\u00e7\u00e3o econ\u00f4mica justifica sua enorme popularidade, de quase 80% de aprova\u00e7\u00e3o no governo. Isso quer dizer que o povo est\u00e1 satisfeito\u201d, acrescentou.<\/p>\n<p>\u201cHoje \u00e9 o primeiro encontro nacional do governador Ratinho J\u00fanior com pol\u00edticos dos mais diversos partidos. Foi uma participa\u00e7\u00e3o efetiva e muito importante das pessoas que t\u00eam a curiosidade de saber como foi esse desenvolvimento do Paran\u00e1 e que se anuncia como uma perspectiva de crescimento para todo o Brasil\u201d, disse.<\/p>\n","protected":false},"excerpt":{"rendered":"<p>Convidado pelo presidente do Lide Bras\u00edlia, empres\u00e1rio Paulo Oct\u00e1vio, o governador Ratinho J\u00fanior (PSD) apresentou a evolu\u00e7\u00e3o do Paran\u00e1 em seus seis anos de administra\u00e7\u00e3o. Ele foi o palestrante evento promovido pelo grupo, que re\u00fane importantes empres\u00e1rios e dirigentes classistas da capital. A reuni\u00e3o foi prestigiada pelo governador do DF, Ibaneis Rocha, pela vice-governadora Celina [&hellip;]<\/p>\n","protected":false},"author":2,"featured_media":350864,"comment_status":"closed","ping_status":"closed","sticky":false,"template":"","format":"standard","meta":{"_acf_changed":false,"footnotes":""},"categories":[161],"tags":[],"class_list":["post-350863","post","type-post","status-publish","format-standard","has-post-thumbnail","hentry","category-quadradinho-em-foco"],"acf":[],"_links":{"self":[{"href":"https:\/\/www.notibras.com\/site\/wp-json\/wp\/v2\/posts\/350863","targetHints":{"allow":["GET"]}}],"collection":[{"href":"https:\/\/www.notibras.com\/site\/wp-json\/wp\/v2\/posts"}],"about":[{"href":"https:\/\/www.notibras.com\/site\/wp-json\/wp\/v2\/types\/post"}],"author":[{"embeddable":true,"href":"https:\/\/www.notibras.com\/site\/wp-json\/wp\/v2\/users\/2"}],"replies":[{"embeddable":true,"href":"https:\/\/www.notibras.com\/site\/wp-json\/wp\/v2\/comments?post=350863"}],"version-history":[{"count":1,"href":"https:\/\/www.notibras.com\/site\/wp-json\/wp\/v2\/posts\/350863\/revisions"}],"predecessor-version":[{"id":350865,"href":"https:\/\/www.notibras.com\/site\/wp-json\/wp\/v2\/posts\/350863\/revisions\/350865"}],"wp:featuredmedia":[{"embeddable":true,"href":"https:\/\/www.notibras.com\/site\/wp-json\/wp\/v2\/media\/350864"}],"wp:attachment":[{"href":"https:\/\/www.notibras.com\/site\/wp-json\/wp\/v2\/media?parent=350863"}],"wp:term":[{"taxonomy":"category","embeddable":true,"href":"https:\/\/www.notibras.com\/site\/wp-json\/wp\/v2\/categories?post=350863"},{"taxonomy":"post_tag","embeddable":true,"href":"https:\/\/www.notibras.com\/site\/wp-json\/wp\/v2\/tags?post=350863"}],"curies":[{"name":"wp","href":"https:\/\/api.w.org\/{rel}","templated":true}]}}