{"id":350866,"date":"2025-03-26T00:03:46","date_gmt":"2025-03-26T03:03:46","guid":{"rendered":"https:\/\/www.notibras.com\/site\/?p=350866"},"modified":"2025-03-26T08:46:27","modified_gmt":"2025-03-26T11:46:27","slug":"medicos-alertam-para-riscos-da-gripe-em-pessoas-com-mais-de-60-anos","status":"publish","type":"post","link":"https:\/\/www.notibras.com\/site\/medicos-alertam-para-riscos-da-gripe-em-pessoas-com-mais-de-60-anos\/","title":{"rendered":"M\u00e9dicos alertam para riscos da gripe em pessoas com mais de 60 anos"},"content":{"rendered":"<p>O Sistema \u00danico de Sa\u00fade (SUS) registrou em 2024 um crescimento de 189% nas hospitaliza\u00e7\u00f5es de idosos por s\u00edndrome respirat\u00f3ria aguda grave (SRAG) por influenza, em rela\u00e7\u00e3o a 2023. Para chamar a aten\u00e7\u00e3o da popula\u00e7\u00e3o para os riscos da gripe em pessoas com mais de 60 anos, a Sociedade Brasileira de Infectologia (SBI), em parceria com a Sociedade Brasileira de Geriatria e Gerontologia (SBGG), realiza nesta quarta-feira (26) o encontro Al\u00e9m da Gripe \u2013 Um debate sens\u00edvel \u00e0 gravidade dos riscos e impactos provocados pelo v\u00edrus da influenza.<\/p>\n<p>O objetivo do encontro \u00e9 fazer um alerta sobre a sazonalidade da gripe, principalmente por conta dos baixos \u00edndices vacinais e dos riscos que este cen\u00e1rio pode causar para a popula\u00e7\u00e3o idosa. Segundo as entidades organizadoras, a sazonalidade est\u00e1 associada ao come\u00e7o do outono e \u00e0 mudan\u00e7a do clima em v\u00e1rios lugares do pa\u00eds, \u00e9poca em que as baixas temperaturas podem contribuir para que o v\u00edrus acabe circulando com mais intensidade, o que aumenta a necessidade de prote\u00e7\u00e3o e o risco de hospitaliza\u00e7\u00e3o.<\/p>\n<p>De acordo com as entidades, a partir dos 40 anos, o risco de ataque card\u00edaco aumenta em dez vezes e o de AVC oito vezes nos primeiros tr\u00eas dias ap\u00f3s uma infec\u00e7\u00e3o por influenza e idosos permanecem com risco elevado para AVC at\u00e9 dois meses depois de se contaminar pelo v\u00edrus, o que reflete nas admiss\u00f5es em UTI, que cresceram 187% e em 157% mais \u00f3bitos.<\/p>\n","protected":false},"excerpt":{"rendered":"<p>O Sistema \u00danico de Sa\u00fade (SUS) registrou em 2024 um crescimento de 189% nas hospitaliza\u00e7\u00f5es de idosos por s\u00edndrome respirat\u00f3ria aguda grave (SRAG) por influenza, em rela\u00e7\u00e3o a 2023. Para chamar a aten\u00e7\u00e3o da popula\u00e7\u00e3o para os riscos da gripe em pessoas com mais de 60 anos, a Sociedade Brasileira de Infectologia (SBI), em parceria [&hellip;]<\/p>\n","protected":false},"author":2,"featured_media":350867,"comment_status":"closed","ping_status":"closed","sticky":false,"template":"","format":"standard","meta":{"_acf_changed":false,"footnotes":""},"categories":[161],"tags":[],"class_list":["post-350866","post","type-post","status-publish","format-standard","has-post-thumbnail","hentry","category-quadradinho-em-foco"],"acf":[],"_links":{"self":[{"href":"https:\/\/www.notibras.com\/site\/wp-json\/wp\/v2\/posts\/350866","targetHints":{"allow":["GET"]}}],"collection":[{"href":"https:\/\/www.notibras.com\/site\/wp-json\/wp\/v2\/posts"}],"about":[{"href":"https:\/\/www.notibras.com\/site\/wp-json\/wp\/v2\/types\/post"}],"author":[{"embeddable":true,"href":"https:\/\/www.notibras.com\/site\/wp-json\/wp\/v2\/users\/2"}],"replies":[{"embeddable":true,"href":"https:\/\/www.notibras.com\/site\/wp-json\/wp\/v2\/comments?post=350866"}],"version-history":[{"count":1,"href":"https:\/\/www.notibras.com\/site\/wp-json\/wp\/v2\/posts\/350866\/revisions"}],"predecessor-version":[{"id":350868,"href":"https:\/\/www.notibras.com\/site\/wp-json\/wp\/v2\/posts\/350866\/revisions\/350868"}],"wp:featuredmedia":[{"embeddable":true,"href":"https:\/\/www.notibras.com\/site\/wp-json\/wp\/v2\/media\/350867"}],"wp:attachment":[{"href":"https:\/\/www.notibras.com\/site\/wp-json\/wp\/v2\/media?parent=350866"}],"wp:term":[{"taxonomy":"category","embeddable":true,"href":"https:\/\/www.notibras.com\/site\/wp-json\/wp\/v2\/categories?post=350866"},{"taxonomy":"post_tag","embeddable":true,"href":"https:\/\/www.notibras.com\/site\/wp-json\/wp\/v2\/tags?post=350866"}],"curies":[{"name":"wp","href":"https:\/\/api.w.org\/{rel}","templated":true}]}}