{"id":350878,"date":"2025-03-26T09:15:33","date_gmt":"2025-03-26T12:15:33","guid":{"rendered":"https:\/\/www.notibras.com\/site\/?p=350878"},"modified":"2025-03-26T09:15:33","modified_gmt":"2025-03-26T12:15:33","slug":"alcides-era-quase-um-rei-por-suas-tramoias","status":"publish","type":"post","link":"https:\/\/www.notibras.com\/site\/alcides-era-quase-um-rei-por-suas-tramoias\/","title":{"rendered":"Alcides era quase um rei (por suas tramoias)"},"content":{"rendered":"<p>Aquilo n\u00e3o passava de uma reuni\u00e3o de indiv\u00edduos de m\u00e1 \u00edndole, cuja m\u00e1 fama corria ligeira por toda a regi\u00e3o. Verdadeira s\u00facia, que n\u00e3o perdia oportunidade para propagar disc\u00f3rdia e cometer crimes. Isso como se fosse natural daquele bando sem escr\u00fapulos se apropriar do que lhe fosse alheio, inclusive da f\u00e9, t\u00e3o pr\u00f3pria de gente inocente.<\/p>\n<p>Alcides, um dos l\u00edderes, sorria sem qualquer pudor aquele sorriso dos hip\u00f3critas. Sujeito bem-nascido, recebera todos os mimos dos pais e, especialmente, da av\u00f3 materna, que depositara todas as fichas no herdeiro assim que bateu os olhos no ent\u00e3o menino desprovido de madeixas na maternidade.<\/p>\n<p>\u2014 J\u00e1 nasceu com a express\u00e3o de rei.<\/p>\n<p>Se n\u00e3o chegou ao posto de rei, n\u00e3o foi por falta de vontade, mas porque o Brasil Imp\u00e9rio ficou para tr\u00e1s quando do golpe de 1889. No entanto, isso n\u00e3o foi impedimento para que Alcides crescesse com o dito cujo na barriga, j\u00e1 que se achava o dono n\u00e3o s\u00f3 da cocada preta, mas da branca e de todos os quitutes de cores diversas.<\/p>\n<p>Tinha gente atrevida que dizia que Alcides n\u00e3o passava de um desocupado. Pura inveja, pois o homem era mestre em maquinar ideias para se dar bem. Que ficasse com os desprovidos de tutano o trabalho pesada, enquanto a ele era destinada a parte mais \u00e1rdua, justamente a de raciocinar. Tanto \u00e9 que at\u00e9 mesmo os demais, que ocupavam posi\u00e7\u00f5es de destaque, n\u00e3o permitiam importuna\u00e7\u00f5es quando Alcides, alcunhado de C\u00e9rebro, usava os bilh\u00f5es de neur\u00f4nios em prol de novos projetos para o bem da corpora\u00e7\u00e3o.<\/p>\n<p>\u2014 Esse Alcides n\u00e3o passa de um golpista! Isso, sim!<\/p>\n<p>\u2014 Cuidado com as palavras, delegado, que o homem \u00e9 forte.<\/p>\n<p>\u2014 Pois vou agora mesmo tratar com o juiz!<\/p>\n<p>\u2014 Cuidado com o andor, delegado, que o santo \u00e9 de barro. Ademais&#8230;<\/p>\n<p>\u2014 Ademais o qu\u00ea, seu pastor?<\/p>\n<p>\u2014 Ademais que o juiz recebeu um carro de luxo.<\/p>\n<p>\u2014 Hum! S\u00f3 me faltava essa!<\/p>\n<p>\u2014 Antes fosse s\u00f3 essa.<\/p>\n<p>\u2014 Hum! E o promotor? Ele tamb\u00e9m?<\/p>\n<p>\u2014 Bem, o filho foi estudar na universidade na capital.<\/p>\n<p>\u2014 Hum!<\/p>\n<p>\u2014 Sem contar que&#8230;<\/p>\n<p>\u2014 O que mais, seu pastor?<\/p>\n<p>\u2014 Sem contar que a reforma da igreja j\u00e1 vai come\u00e7ar nesta semana.<\/p>\n<p>\u2014 Pois o que me falta, seu pastor?<\/p>\n<p>\u2014 N\u00e3o olhe agora, seu delegado, que o homem t\u00e1 vindo pra c\u00e1.<\/p>\n<p>Nisso, Alcides, com dois brutamontes logo atr\u00e1s, se aproximou dos confabuladores. Com o costumeiro sorriso nos l\u00e1bios, cumprimentou-os.<\/p>\n<p>\u2014 Bom dia, seu pastor! Bom dia, seu delegado!<\/p>\n<p>\u2014 Bom dia, seu Alcides! Est\u00e1vamos aqui falando justamente do senhor.<\/p>\n<p>\u2014 \u00c9 mesmo, seu pastor? E o que falavam? Espero que s\u00f3 coisas boas, pois ouvi dizer que tem gente descontente comigo.<\/p>\n<p>\u2014 E quem seria, seu Alcides? Certamente um ingrato! N\u00e3o \u00e9 mesmo, seu delegado?<\/p>\n<p>\u2014 Certamente um ingrato, seu pastor! Quem \u00e9 que poderia falar mal do seu Alcides, n\u00e3o \u00e9 mesmo?<\/p>\n<p>Alcides cofiou o bigode e, com um sorriso de canto de boca, pareceu esperar por mais adula\u00e7\u00f5es vindas da parte do delegado.<\/p>\n<p>\u2014 Pois, seu Alcides, quando \u00e9 que terei a honra de receber sua visita na nossa modesta delegacia? Melhor, fa\u00e7o quest\u00e3o tamb\u00e9m de receb\u00ea-lo para almo\u00e7ar em minha humilde casa. A minha senhora \u00e9 especialista em galinhada.<\/p>\n<p>A av\u00f3 materna do Alcides, nessas horas, deve estar repleta de regozijo no cemit\u00e9rio da cidade. Afinal, tino de av\u00f3 n\u00e3o falha.<\/p>\n<p>&#8230;&#8230;&#8230;&#8230;&#8230;&#8230;&#8230;&#8230;&#8230;..<\/p>\n<p><strong>Eduardo Mart\u00ednez \u00e9 autor do livro 57 Contos e Cr\u00f4nicas por um Autor Muito Velho\u2019<\/strong><\/p>\n<p>Compre aqui\u00a0<span class=\"x19la9d6 x1fc57z9 x6ikm8r x10wlt62 x19co3pv x1g5zs5t xfibh0p xiy17q3 x1xsqp64 x1lkfr7t xexx8yu x4uap5 x18d9i69 xkhd6sd\"><span class=\"xrtxmta x1bhl96m\"><img decoding=\"async\" class=\"emoji\" role=\"img\" draggable=\"false\" src=\"https:\/\/s.w.org\/images\/core\/emoji\/15.0.3\/svg\/1f447-1f3ff.svg\" alt=\"&#x1f447;&#x1f3ff;\" \/><\/span><\/span><\/p>\n<p><a href=\"https:\/\/www.joanineditora.com.br\/57-contos-e-cronicas-por-um-autor-muito-velho\">https:\/\/www.joanineditora.com.br\/57-contos-e-cronicas-por-um-autor-muito-velho<\/a><\/p>\n","protected":false},"excerpt":{"rendered":"<p>Aquilo n\u00e3o passava de uma reuni\u00e3o de indiv\u00edduos de m\u00e1 \u00edndole, cuja m\u00e1 fama corria ligeira por toda a regi\u00e3o. Verdadeira s\u00facia, que n\u00e3o perdia oportunidade para propagar disc\u00f3rdia e cometer crimes. Isso como se fosse natural daquele bando sem escr\u00fapulos se apropriar do que lhe fosse alheio, inclusive da f\u00e9, t\u00e3o pr\u00f3pria de gente [&hellip;]<\/p>\n","protected":false},"author":2,"featured_media":350879,"comment_status":"closed","ping_status":"closed","sticky":false,"template":"","format":"standard","meta":{"_acf_changed":false,"footnotes":""},"categories":[161],"tags":[],"class_list":["post-350878","post","type-post","status-publish","format-standard","has-post-thumbnail","hentry","category-quadradinho-em-foco"],"acf":[],"yoast_head":"<!-- This site is optimized with the Yoast SEO plugin v27.2 - https:\/\/yoast.com\/product\/yoast-seo-wordpress\/ -->\n<title>Alcides era quase um rei (por suas tramoias) - Notibras<\/title>\n<meta name=\"robots\" content=\"index, follow, max-snippet:-1, max-image-preview:large, max-video-preview:-1\" \/>\n<link rel=\"canonical\" href=\"https:\/\/www.notibras.com\/site\/alcides-era-quase-um-rei-por-suas-tramoias\/\" \/>\n<meta property=\"og:locale\" content=\"pt_BR\" \/>\n<meta property=\"og:type\" content=\"article\" \/>\n<meta property=\"og:title\" content=\"Alcides era quase um rei (por suas tramoias) - Notibras\" \/>\n<meta property=\"og:description\" content=\"Aquilo n\u00e3o passava de uma reuni\u00e3o de indiv\u00edduos de m\u00e1 \u00edndole, cuja m\u00e1 fama corria ligeira por toda a regi\u00e3o. Verdadeira s\u00facia, que n\u00e3o perdia oportunidade para propagar disc\u00f3rdia e cometer crimes. Isso como se fosse natural daquele bando sem escr\u00fapulos se apropriar do que lhe fosse alheio, inclusive da f\u00e9, t\u00e3o pr\u00f3pria de gente [&hellip;]\" \/>\n<meta property=\"og:url\" content=\"https:\/\/www.notibras.com\/site\/alcides-era-quase-um-rei-por-suas-tramoias\/\" \/>\n<meta property=\"og:site_name\" content=\"Notibras\" \/>\n<meta property=\"article:publisher\" content=\"https:\/\/www.facebook.com\/notibras\/\" \/>\n<meta property=\"article:published_time\" content=\"2025-03-26T12:15:33+00:00\" \/>\n<meta property=\"og:image\" content=\"https:\/\/www.notibras.com\/site\/wp-content\/uploads\/2025\/03\/5c20a9d7-4371-4a6d-95b1-e5c7bd3d8e55.jpeg\" \/>\n\t<meta property=\"og:image:width\" content=\"1280\" \/>\n\t<meta property=\"og:image:height\" content=\"1199\" \/>\n\t<meta property=\"og:image:type\" content=\"image\/jpeg\" \/>\n<meta name=\"author\" content=\"Reda\u00e7\u00e3o\" \/>\n<meta name=\"twitter:card\" content=\"summary_large_image\" \/>\n<meta name=\"twitter:creator\" content=\"@Notibras\" \/>\n<meta name=\"twitter:site\" content=\"@Notibras\" \/>\n<meta name=\"twitter:label1\" content=\"Escrito por\" \/>\n\t<meta name=\"twitter:data1\" content=\"Reda\u00e7\u00e3o\" \/>\n\t<meta name=\"twitter:label2\" content=\"Est. tempo de leitura\" \/>\n\t<meta name=\"twitter:data2\" content=\"4 minutos\" \/>\n<script type=\"application\/ld+json\" class=\"yoast-schema-graph\">{\"@context\":\"https:\/\/schema.org\",\"@graph\":[{\"@type\":\"Article\",\"@id\":\"https:\/\/www.notibras.com\/site\/alcides-era-quase-um-rei-por-suas-tramoias\/#article\",\"isPartOf\":{\"@id\":\"https:\/\/www.notibras.com\/site\/alcides-era-quase-um-rei-por-suas-tramoias\/\"},\"author\":{\"name\":\"Reda\u00e7\u00e3o\",\"@id\":\"https:\/\/www.notibras.com\/site\/#\/schema\/person\/36ab0979449956132d3e5b517ea76ac8\"},\"headline\":\"Alcides era quase um rei (por suas tramoias)\",\"datePublished\":\"2025-03-26T12:15:33+00:00\",\"mainEntityOfPage\":{\"@id\":\"https:\/\/www.notibras.com\/site\/alcides-era-quase-um-rei-por-suas-tramoias\/\"},\"wordCount\":606,\"publisher\":{\"@id\":\"https:\/\/www.notibras.com\/site\/#organization\"},\"image\":{\"@id\":\"https:\/\/www.notibras.com\/site\/alcides-era-quase-um-rei-por-suas-tramoias\/#primaryimage\"},\"thumbnailUrl\":\"https:\/\/www.notibras.com\/site\/wp-content\/uploads\/2025\/03\/5c20a9d7-4371-4a6d-95b1-e5c7bd3d8e55.jpeg\",\"articleSection\":[\"Quadradinho em Foco\"],\"inLanguage\":\"pt-BR\"},{\"@type\":\"WebPage\",\"@id\":\"https:\/\/www.notibras.com\/site\/alcides-era-quase-um-rei-por-suas-tramoias\/\",\"url\":\"https:\/\/www.notibras.com\/site\/alcides-era-quase-um-rei-por-suas-tramoias\/\",\"name\":\"Alcides era quase um rei (por suas tramoias) - Notibras\",\"isPartOf\":{\"@id\":\"https:\/\/www.notibras.com\/site\/#website\"},\"primaryImageOfPage\":{\"@id\":\"https:\/\/www.notibras.com\/site\/alcides-era-quase-um-rei-por-suas-tramoias\/#primaryimage\"},\"image\":{\"@id\":\"https:\/\/www.notibras.com\/site\/alcides-era-quase-um-rei-por-suas-tramoias\/#primaryimage\"},\"thumbnailUrl\":\"https:\/\/www.notibras.com\/site\/wp-content\/uploads\/2025\/03\/5c20a9d7-4371-4a6d-95b1-e5c7bd3d8e55.jpeg\",\"datePublished\":\"2025-03-26T12:15:33+00:00\",\"breadcrumb\":{\"@id\":\"https:\/\/www.notibras.com\/site\/alcides-era-quase-um-rei-por-suas-tramoias\/#breadcrumb\"},\"inLanguage\":\"pt-BR\",\"potentialAction\":[{\"@type\":\"ReadAction\",\"target\":[\"https:\/\/www.notibras.com\/site\/alcides-era-quase-um-rei-por-suas-tramoias\/\"]}]},{\"@type\":\"ImageObject\",\"inLanguage\":\"pt-BR\",\"@id\":\"https:\/\/www.notibras.com\/site\/alcides-era-quase-um-rei-por-suas-tramoias\/#primaryimage\",\"url\":\"https:\/\/www.notibras.com\/site\/wp-content\/uploads\/2025\/03\/5c20a9d7-4371-4a6d-95b1-e5c7bd3d8e55.jpeg\",\"contentUrl\":\"https:\/\/www.notibras.com\/site\/wp-content\/uploads\/2025\/03\/5c20a9d7-4371-4a6d-95b1-e5c7bd3d8e55.jpeg\",\"width\":1280,\"height\":1199},{\"@type\":\"BreadcrumbList\",\"@id\":\"https:\/\/www.notibras.com\/site\/alcides-era-quase-um-rei-por-suas-tramoias\/#breadcrumb\",\"itemListElement\":[{\"@type\":\"ListItem\",\"position\":1,\"name\":\"In\u00edcio\",\"item\":\"https:\/\/www.notibras.com\/site\/\"},{\"@type\":\"ListItem\",\"position\":2,\"name\":\"Alcides era quase um rei (por suas tramoias)\"}]},{\"@type\":\"WebSite\",\"@id\":\"https:\/\/www.notibras.com\/site\/#website\",\"url\":\"https:\/\/www.notibras.com\/site\/\",\"name\":\"Notibras\",\"description\":\"Not\u00edcias de Bras\u00edlia, do Brasil e do Mundo\",\"publisher\":{\"@id\":\"https:\/\/www.notibras.com\/site\/#organization\"},\"potentialAction\":[{\"@type\":\"SearchAction\",\"target\":{\"@type\":\"EntryPoint\",\"urlTemplate\":\"https:\/\/www.notibras.com\/site\/?s={search_term_string}\"},\"query-input\":{\"@type\":\"PropertyValueSpecification\",\"valueRequired\":true,\"valueName\":\"search_term_string\"}}],\"inLanguage\":\"pt-BR\"},{\"@type\":\"Organization\",\"@id\":\"https:\/\/www.notibras.com\/site\/#organization\",\"name\":\"Grupo Notibras de Comunica\u00e7\u00e3o\",\"url\":\"https:\/\/www.notibras.com\/site\/\",\"logo\":{\"@type\":\"ImageObject\",\"inLanguage\":\"pt-BR\",\"@id\":\"https:\/\/www.notibras.com\/site\/#\/schema\/logo\/image\/\",\"url\":\"https:\/\/www.notibras.com\/site\/wp-content\/uploads\/2023\/01\/notibras23.png\",\"contentUrl\":\"https:\/\/www.notibras.com\/site\/wp-content\/uploads\/2023\/01\/notibras23.png\",\"width\":350,\"height\":87,\"caption\":\"Grupo Notibras de Comunica\u00e7\u00e3o\"},\"image\":{\"@id\":\"https:\/\/www.notibras.com\/site\/#\/schema\/logo\/image\/\"},\"sameAs\":[\"https:\/\/www.facebook.com\/notibras\/\",\"https:\/\/x.com\/Notibras\",\"https:\/\/www.instagram.com\/notibras\/\"]},{\"@type\":\"Person\",\"@id\":\"https:\/\/www.notibras.com\/site\/#\/schema\/person\/36ab0979449956132d3e5b517ea76ac8\",\"name\":\"Reda\u00e7\u00e3o\",\"image\":{\"@type\":\"ImageObject\",\"inLanguage\":\"pt-BR\",\"@id\":\"https:\/\/secure.gravatar.com\/avatar\/e0a867bdedb85fd243eadf09663511f96fc81e0720a4a42581f334ad4303aa6b?s=96&d=mm&r=g\",\"url\":\"https:\/\/secure.gravatar.com\/avatar\/e0a867bdedb85fd243eadf09663511f96fc81e0720a4a42581f334ad4303aa6b?s=96&d=mm&r=g\",\"contentUrl\":\"https:\/\/secure.gravatar.com\/avatar\/e0a867bdedb85fd243eadf09663511f96fc81e0720a4a42581f334ad4303aa6b?s=96&d=mm&r=g\",\"caption\":\"Reda\u00e7\u00e3o\"}}]}<\/script>\n<!-- \/ Yoast SEO plugin. -->","yoast_head_json":{"title":"Alcides era quase um rei (por suas tramoias) - Notibras","robots":{"index":"index","follow":"follow","max-snippet":"max-snippet:-1","max-image-preview":"max-image-preview:large","max-video-preview":"max-video-preview:-1"},"canonical":"https:\/\/www.notibras.com\/site\/alcides-era-quase-um-rei-por-suas-tramoias\/","og_locale":"pt_BR","og_type":"article","og_title":"Alcides era quase um rei (por suas tramoias) - Notibras","og_description":"Aquilo n\u00e3o passava de uma reuni\u00e3o de indiv\u00edduos de m\u00e1 \u00edndole, cuja m\u00e1 fama corria ligeira por toda a regi\u00e3o. Verdadeira s\u00facia, que n\u00e3o perdia oportunidade para propagar disc\u00f3rdia e cometer crimes. Isso como se fosse natural daquele bando sem escr\u00fapulos se apropriar do que lhe fosse alheio, inclusive da f\u00e9, t\u00e3o pr\u00f3pria de gente [&hellip;]","og_url":"https:\/\/www.notibras.com\/site\/alcides-era-quase-um-rei-por-suas-tramoias\/","og_site_name":"Notibras","article_publisher":"https:\/\/www.facebook.com\/notibras\/","article_published_time":"2025-03-26T12:15:33+00:00","og_image":[{"width":1280,"height":1199,"url":"https:\/\/www.notibras.com\/site\/wp-content\/uploads\/2025\/03\/5c20a9d7-4371-4a6d-95b1-e5c7bd3d8e55.jpeg","type":"image\/jpeg"}],"author":"Reda\u00e7\u00e3o","twitter_card":"summary_large_image","twitter_creator":"@Notibras","twitter_site":"@Notibras","twitter_misc":{"Escrito por":"Reda\u00e7\u00e3o","Est. tempo de leitura":"4 minutos"},"schema":{"@context":"https:\/\/schema.org","@graph":[{"@type":"Article","@id":"https:\/\/www.notibras.com\/site\/alcides-era-quase-um-rei-por-suas-tramoias\/#article","isPartOf":{"@id":"https:\/\/www.notibras.com\/site\/alcides-era-quase-um-rei-por-suas-tramoias\/"},"author":{"name":"Reda\u00e7\u00e3o","@id":"https:\/\/www.notibras.com\/site\/#\/schema\/person\/36ab0979449956132d3e5b517ea76ac8"},"headline":"Alcides era quase um rei (por suas tramoias)","datePublished":"2025-03-26T12:15:33+00:00","mainEntityOfPage":{"@id":"https:\/\/www.notibras.com\/site\/alcides-era-quase-um-rei-por-suas-tramoias\/"},"wordCount":606,"publisher":{"@id":"https:\/\/www.notibras.com\/site\/#organization"},"image":{"@id":"https:\/\/www.notibras.com\/site\/alcides-era-quase-um-rei-por-suas-tramoias\/#primaryimage"},"thumbnailUrl":"https:\/\/www.notibras.com\/site\/wp-content\/uploads\/2025\/03\/5c20a9d7-4371-4a6d-95b1-e5c7bd3d8e55.jpeg","articleSection":["Quadradinho em Foco"],"inLanguage":"pt-BR"},{"@type":"WebPage","@id":"https:\/\/www.notibras.com\/site\/alcides-era-quase-um-rei-por-suas-tramoias\/","url":"https:\/\/www.notibras.com\/site\/alcides-era-quase-um-rei-por-suas-tramoias\/","name":"Alcides era quase um rei (por suas tramoias) - Notibras","isPartOf":{"@id":"https:\/\/www.notibras.com\/site\/#website"},"primaryImageOfPage":{"@id":"https:\/\/www.notibras.com\/site\/alcides-era-quase-um-rei-por-suas-tramoias\/#primaryimage"},"image":{"@id":"https:\/\/www.notibras.com\/site\/alcides-era-quase-um-rei-por-suas-tramoias\/#primaryimage"},"thumbnailUrl":"https:\/\/www.notibras.com\/site\/wp-content\/uploads\/2025\/03\/5c20a9d7-4371-4a6d-95b1-e5c7bd3d8e55.jpeg","datePublished":"2025-03-26T12:15:33+00:00","breadcrumb":{"@id":"https:\/\/www.notibras.com\/site\/alcides-era-quase-um-rei-por-suas-tramoias\/#breadcrumb"},"inLanguage":"pt-BR","potentialAction":[{"@type":"ReadAction","target":["https:\/\/www.notibras.com\/site\/alcides-era-quase-um-rei-por-suas-tramoias\/"]}]},{"@type":"ImageObject","inLanguage":"pt-BR","@id":"https:\/\/www.notibras.com\/site\/alcides-era-quase-um-rei-por-suas-tramoias\/#primaryimage","url":"https:\/\/www.notibras.com\/site\/wp-content\/uploads\/2025\/03\/5c20a9d7-4371-4a6d-95b1-e5c7bd3d8e55.jpeg","contentUrl":"https:\/\/www.notibras.com\/site\/wp-content\/uploads\/2025\/03\/5c20a9d7-4371-4a6d-95b1-e5c7bd3d8e55.jpeg","width":1280,"height":1199},{"@type":"BreadcrumbList","@id":"https:\/\/www.notibras.com\/site\/alcides-era-quase-um-rei-por-suas-tramoias\/#breadcrumb","itemListElement":[{"@type":"ListItem","position":1,"name":"In\u00edcio","item":"https:\/\/www.notibras.com\/site\/"},{"@type":"ListItem","position":2,"name":"Alcides era quase um rei (por suas tramoias)"}]},{"@type":"WebSite","@id":"https:\/\/www.notibras.com\/site\/#website","url":"https:\/\/www.notibras.com\/site\/","name":"Notibras","description":"Not\u00edcias de Bras\u00edlia, do Brasil e do Mundo","publisher":{"@id":"https:\/\/www.notibras.com\/site\/#organization"},"potentialAction":[{"@type":"SearchAction","target":{"@type":"EntryPoint","urlTemplate":"https:\/\/www.notibras.com\/site\/?s={search_term_string}"},"query-input":{"@type":"PropertyValueSpecification","valueRequired":true,"valueName":"search_term_string"}}],"inLanguage":"pt-BR"},{"@type":"Organization","@id":"https:\/\/www.notibras.com\/site\/#organization","name":"Grupo Notibras de Comunica\u00e7\u00e3o","url":"https:\/\/www.notibras.com\/site\/","logo":{"@type":"ImageObject","inLanguage":"pt-BR","@id":"https:\/\/www.notibras.com\/site\/#\/schema\/logo\/image\/","url":"https:\/\/www.notibras.com\/site\/wp-content\/uploads\/2023\/01\/notibras23.png","contentUrl":"https:\/\/www.notibras.com\/site\/wp-content\/uploads\/2023\/01\/notibras23.png","width":350,"height":87,"caption":"Grupo Notibras de Comunica\u00e7\u00e3o"},"image":{"@id":"https:\/\/www.notibras.com\/site\/#\/schema\/logo\/image\/"},"sameAs":["https:\/\/www.facebook.com\/notibras\/","https:\/\/x.com\/Notibras","https:\/\/www.instagram.com\/notibras\/"]},{"@type":"Person","@id":"https:\/\/www.notibras.com\/site\/#\/schema\/person\/36ab0979449956132d3e5b517ea76ac8","name":"Reda\u00e7\u00e3o","image":{"@type":"ImageObject","inLanguage":"pt-BR","@id":"https:\/\/secure.gravatar.com\/avatar\/e0a867bdedb85fd243eadf09663511f96fc81e0720a4a42581f334ad4303aa6b?s=96&d=mm&r=g","url":"https:\/\/secure.gravatar.com\/avatar\/e0a867bdedb85fd243eadf09663511f96fc81e0720a4a42581f334ad4303aa6b?s=96&d=mm&r=g","contentUrl":"https:\/\/secure.gravatar.com\/avatar\/e0a867bdedb85fd243eadf09663511f96fc81e0720a4a42581f334ad4303aa6b?s=96&d=mm&r=g","caption":"Reda\u00e7\u00e3o"}}]}},"amp_enabled":true,"_links":{"self":[{"href":"https:\/\/www.notibras.com\/site\/wp-json\/wp\/v2\/posts\/350878","targetHints":{"allow":["GET"]}}],"collection":[{"href":"https:\/\/www.notibras.com\/site\/wp-json\/wp\/v2\/posts"}],"about":[{"href":"https:\/\/www.notibras.com\/site\/wp-json\/wp\/v2\/types\/post"}],"author":[{"embeddable":true,"href":"https:\/\/www.notibras.com\/site\/wp-json\/wp\/v2\/users\/2"}],"replies":[{"embeddable":true,"href":"https:\/\/www.notibras.com\/site\/wp-json\/wp\/v2\/comments?post=350878"}],"version-history":[{"count":1,"href":"https:\/\/www.notibras.com\/site\/wp-json\/wp\/v2\/posts\/350878\/revisions"}],"predecessor-version":[{"id":350880,"href":"https:\/\/www.notibras.com\/site\/wp-json\/wp\/v2\/posts\/350878\/revisions\/350880"}],"wp:featuredmedia":[{"embeddable":true,"href":"https:\/\/www.notibras.com\/site\/wp-json\/wp\/v2\/media\/350879"}],"wp:attachment":[{"href":"https:\/\/www.notibras.com\/site\/wp-json\/wp\/v2\/media?parent=350878"}],"wp:term":[{"taxonomy":"category","embeddable":true,"href":"https:\/\/www.notibras.com\/site\/wp-json\/wp\/v2\/categories?post=350878"},{"taxonomy":"post_tag","embeddable":true,"href":"https:\/\/www.notibras.com\/site\/wp-json\/wp\/v2\/tags?post=350878"}],"curies":[{"name":"wp","href":"https:\/\/api.w.org\/{rel}","templated":true}]}}