{"id":350899,"date":"2025-03-27T00:01:27","date_gmt":"2025-03-27T03:01:27","guid":{"rendered":"https:\/\/www.notibras.com\/site\/?p=350899"},"modified":"2025-03-27T05:49:42","modified_gmt":"2025-03-27T08:49:42","slug":"hospital-df-star-e-homenageado-pelo-superior-tribunal-militar","status":"publish","type":"post","link":"https:\/\/www.notibras.com\/site\/hospital-df-star-e-homenageado-pelo-superior-tribunal-militar\/","title":{"rendered":"Hospital DF Star \u00e9 homenageado pelo Superior Tribunal Militar"},"content":{"rendered":"<p>O Hospital DF Star, da Rede D\u2019Or, foi condecorado com a medalha Gr\u00e3-Cruz por bons servi\u00e7os prestados, na solenidade em comemora\u00e7\u00e3o aos 217 anos da Justi\u00e7a Militar da Uni\u00e3o.<\/p>\n<p>A outorga das condecora\u00e7\u00f5es da Ordem do M\u00e9rito Judici\u00e1rio Militar aconteceu nesta quarta-feira, 26, no Clube do Ex\u00e9rcito, e contou com a presen\u00e7a do diretor do Hospital DF Star, Allisson Borges, e da diretora de relacionamento da Rede D\u2019Or em Bras\u00edlia, Cl\u00e1udia Nazar\u00e9.<\/p>\n<p>A Ordem do M\u00e9rito Judici\u00e1rio Militar (OMJM) \u00e9 uma honraria concedida a pessoas e institui\u00e7\u00f5es que tenham prestado relevantes servi\u00e7os \u00e0 Justi\u00e7a Militar da Uni\u00e3o e ao Brasil.<\/p>\n<p>A Gr\u00e3-Cruz, condecora\u00e7\u00e3o recebida pelo Hospital DF Star, \u00e9 destinada \u00e0s mais altas autoridades do pa\u00eds, como o presidente da Rep\u00fablica, os presidentes do Senado, da C\u00e2mara dos Deputados e do Supremo Tribunal Federal, al\u00e9m dos ministros do STM e dos comandantes das For\u00e7as Armadas.<\/p>\n<p>&nbsp;<\/p>\n","protected":false},"excerpt":{"rendered":"<p>O Hospital DF Star, da Rede D\u2019Or, foi condecorado com a medalha Gr\u00e3-Cruz por bons servi\u00e7os prestados, na solenidade em comemora\u00e7\u00e3o aos 217 anos da Justi\u00e7a Militar da Uni\u00e3o. A outorga das condecora\u00e7\u00f5es da Ordem do M\u00e9rito Judici\u00e1rio Militar aconteceu nesta quarta-feira, 26, no Clube do Ex\u00e9rcito, e contou com a presen\u00e7a do diretor do [&hellip;]<\/p>\n","protected":false},"author":2,"featured_media":350900,"comment_status":"closed","ping_status":"closed","sticky":false,"template":"","format":"standard","meta":{"_acf_changed":false,"footnotes":""},"categories":[161],"tags":[],"class_list":["post-350899","post","type-post","status-publish","format-standard","has-post-thumbnail","hentry","category-quadradinho-em-foco"],"acf":[],"_links":{"self":[{"href":"https:\/\/www.notibras.com\/site\/wp-json\/wp\/v2\/posts\/350899","targetHints":{"allow":["GET"]}}],"collection":[{"href":"https:\/\/www.notibras.com\/site\/wp-json\/wp\/v2\/posts"}],"about":[{"href":"https:\/\/www.notibras.com\/site\/wp-json\/wp\/v2\/types\/post"}],"author":[{"embeddable":true,"href":"https:\/\/www.notibras.com\/site\/wp-json\/wp\/v2\/users\/2"}],"replies":[{"embeddable":true,"href":"https:\/\/www.notibras.com\/site\/wp-json\/wp\/v2\/comments?post=350899"}],"version-history":[{"count":1,"href":"https:\/\/www.notibras.com\/site\/wp-json\/wp\/v2\/posts\/350899\/revisions"}],"predecessor-version":[{"id":350901,"href":"https:\/\/www.notibras.com\/site\/wp-json\/wp\/v2\/posts\/350899\/revisions\/350901"}],"wp:featuredmedia":[{"embeddable":true,"href":"https:\/\/www.notibras.com\/site\/wp-json\/wp\/v2\/media\/350900"}],"wp:attachment":[{"href":"https:\/\/www.notibras.com\/site\/wp-json\/wp\/v2\/media?parent=350899"}],"wp:term":[{"taxonomy":"category","embeddable":true,"href":"https:\/\/www.notibras.com\/site\/wp-json\/wp\/v2\/categories?post=350899"},{"taxonomy":"post_tag","embeddable":true,"href":"https:\/\/www.notibras.com\/site\/wp-json\/wp\/v2\/tags?post=350899"}],"curies":[{"name":"wp","href":"https:\/\/api.w.org\/{rel}","templated":true}]}}