{"id":350934,"date":"2025-03-27T07:20:58","date_gmt":"2025-03-27T10:20:58","guid":{"rendered":"https:\/\/www.notibras.com\/site\/?p=350934"},"modified":"2025-03-27T07:20:58","modified_gmt":"2025-03-27T10:20:58","slug":"nordeste-caminha-a-passos-largos-para-ter-lavoura-mais-rica-com-transposicao","status":"publish","type":"post","link":"https:\/\/www.notibras.com\/site\/nordeste-caminha-a-passos-largos-para-ter-lavoura-mais-rica-com-transposicao\/","title":{"rendered":"Nordeste caminha a passos largos para ter lavoura mais rica com transposi\u00e7\u00e3o"},"content":{"rendered":"<p>A transposi\u00e7\u00e3o do rio S\u00e3o Francisco tem sido um marco para a agricultura no Nordeste, trazendo novas perspectivas para a produ\u00e7\u00e3o rural na regi\u00e3o historicamente afetada pela seca. Com a chegada das \u00e1guas, pequenos e grandes produtores j\u00e1 observam melhorias significativas na lavoura, impulsionando o desenvolvimento econ\u00f4mico e social.<\/p>\n<p>O projeto de transposi\u00e7\u00e3o do rio S\u00e3o Francisco, iniciado h\u00e1 mais de duas d\u00e9cadas, busca garantir seguran\u00e7a h\u00eddrica para milh\u00f5es de nordestinos, especialmente em estados como Cear\u00e1, Para\u00edba, Pernambuco e Rio Grande do Norte. A irriga\u00e7\u00e3o tem possibilitado a amplia\u00e7\u00e3o de cultivos como frutas, hortali\u00e7as e gr\u00e3os, tornando a produ\u00e7\u00e3o mais constante e menos dependente das chuvas irregulares.<\/p>\n<p><strong>Impactos econ\u00f4micos e sociais<\/strong><br \/>\nCom a maior oferta de \u00e1gua, a produtividade agr\u00edcola tem aumentado, favorecendo o crescimento da agroind\u00fastria e a gera\u00e7\u00e3o de empregos. Al\u00e9m disso, a estabilidade h\u00eddrica reduz a vulnerabilidade dos produtores rurais, que antes enfrentavam longos per\u00edodos de estiagem e perdas na produ\u00e7\u00e3o.<\/p>\n<p>Embora os benef\u00edcios sejam evidentes, especialistas apontam para a necessidade de um manejo sustent\u00e1vel da \u00e1gua, evitando desperd\u00edcios e garantindo que o recurso atenda tanto \u00e0 agricultura quanto ao abastecimento humano. Projetos de reuso da \u00e1gua e incentivo a pr\u00e1ticas sustent\u00e1veis t\u00eam sido debatidos para garantir que o impacto positivo da transposi\u00e7\u00e3o seja duradouro.<\/p>\n<p>Com a continuidade dos investimentos e a conscientiza\u00e7\u00e3o sobre o uso racional da \u00e1gua, o Nordeste caminha para consolidar uma lavoura mais rica e produtiva, impulsionando o desenvolvimento regional e garantindo mais seguran\u00e7a alimentar para a popula\u00e7\u00e3o.<\/p>\n","protected":false},"excerpt":{"rendered":"<p>A transposi\u00e7\u00e3o do rio S\u00e3o Francisco tem sido um marco para a agricultura no Nordeste, trazendo novas perspectivas para a produ\u00e7\u00e3o rural na regi\u00e3o historicamente afetada pela seca. Com a chegada das \u00e1guas, pequenos e grandes produtores j\u00e1 observam melhorias significativas na lavoura, impulsionando o desenvolvimento econ\u00f4mico e social. O projeto de transposi\u00e7\u00e3o do rio [&hellip;]<\/p>\n","protected":false},"author":2,"featured_media":350935,"comment_status":"closed","ping_status":"closed","sticky":false,"template":"","format":"standard","meta":{"_acf_changed":false,"footnotes":""},"categories":[165],"tags":[],"class_list":["post-350934","post","type-post","status-publish","format-standard","has-post-thumbnail","hentry","category-nordeste"],"acf":[],"_links":{"self":[{"href":"https:\/\/www.notibras.com\/site\/wp-json\/wp\/v2\/posts\/350934","targetHints":{"allow":["GET"]}}],"collection":[{"href":"https:\/\/www.notibras.com\/site\/wp-json\/wp\/v2\/posts"}],"about":[{"href":"https:\/\/www.notibras.com\/site\/wp-json\/wp\/v2\/types\/post"}],"author":[{"embeddable":true,"href":"https:\/\/www.notibras.com\/site\/wp-json\/wp\/v2\/users\/2"}],"replies":[{"embeddable":true,"href":"https:\/\/www.notibras.com\/site\/wp-json\/wp\/v2\/comments?post=350934"}],"version-history":[{"count":1,"href":"https:\/\/www.notibras.com\/site\/wp-json\/wp\/v2\/posts\/350934\/revisions"}],"predecessor-version":[{"id":350936,"href":"https:\/\/www.notibras.com\/site\/wp-json\/wp\/v2\/posts\/350934\/revisions\/350936"}],"wp:featuredmedia":[{"embeddable":true,"href":"https:\/\/www.notibras.com\/site\/wp-json\/wp\/v2\/media\/350935"}],"wp:attachment":[{"href":"https:\/\/www.notibras.com\/site\/wp-json\/wp\/v2\/media?parent=350934"}],"wp:term":[{"taxonomy":"category","embeddable":true,"href":"https:\/\/www.notibras.com\/site\/wp-json\/wp\/v2\/categories?post=350934"},{"taxonomy":"post_tag","embeddable":true,"href":"https:\/\/www.notibras.com\/site\/wp-json\/wp\/v2\/tags?post=350934"}],"curies":[{"name":"wp","href":"https:\/\/api.w.org\/{rel}","templated":true}]}}