{"id":350938,"date":"2025-03-27T06:32:13","date_gmt":"2025-03-27T09:32:13","guid":{"rendered":"https:\/\/www.notibras.com\/site\/?p=350938"},"modified":"2025-03-27T07:36:41","modified_gmt":"2025-03-27T10:36:41","slug":"criancas-ficam-deslumbradas-ao-conhecerem-a-barreira-do-inferno","status":"publish","type":"post","link":"https:\/\/www.notibras.com\/site\/criancas-ficam-deslumbradas-ao-conhecerem-a-barreira-do-inferno\/","title":{"rendered":"Crian\u00e7as ficam deslumbradas ao conhecerem a Barreira do Inferno"},"content":{"rendered":"<p>Foi numa manh\u00e3 de sol forte, esta semana. A turma da Escola Municipal do Saber se reuniu na porta do \u00f4nibus. A professora Marta conferia a lista enquanto as crian\u00e7as, inquietas, mal conseguiam conter a anima\u00e7\u00e3o. O destino? A Barreira do Inferno, no Rio Grande do Norte, um lugar misterioso e cheio de hist\u00f3rias sobre foguetes e miss\u00f5es espaciais.<\/p>\n<p>Jo\u00e3o, de oito anos, olhava pela janela enquanto o ve\u00edculo seguia pela Rota do Sol. \u201cSer\u00e1 que vamos ver um foguete de verdade?\u201d, perguntou ele, com os olhos brilhando. Maria, sempre sabida, respondeu: \u201cClaro! Dizem que aqui lan\u00e7am foguetes de m\u00e9dio porte. Quem sabe a gente v\u00ea um subindo pro espa\u00e7o!\u201d<\/p>\n<p>Ao chegarem, foram recebidos por um guia que come\u00e7ou a contar a hist\u00f3ria do Centro de Lan\u00e7amento. Explicou que a Barreira do Inferno era o primeiro centro de lan\u00e7amento de foguetes da Am\u00e9rica do Sul e que ali j\u00e1 haviam sido feitos testes importantes para pesquisas espaciais.<\/p>\n<p>As crian\u00e7as andavam boquiabertas pelo lugar. Viram pain\u00e9is com fotos de foguetes, uniformes de astronautas e at\u00e9 uma r\u00e9plica de um foguete de verdade. Jo\u00e3o tentava imaginar como seria subir dentro de um deles. \u201cDeve ser incr\u00edvel voar at\u00e9 as estrelas!\u201d, pensou.<\/p>\n<p>Mas o momento mais esperado aconteceu no final da visita. O grupo foi levado a um mirante, de onde se podia ver a plataforma de lan\u00e7amento. O guia explicou que, embora n\u00e3o houvesse um lan\u00e7amento programado para aquele dia, ali aconteciam testes para futuras miss\u00f5es. Jo\u00e3o fechou os olhos e tentou imaginar o barulho ensurdecedor e a fuma\u00e7a branca subindo para o c\u00e9u.<\/p>\n<p>Na volta para casa, o \u00f4nibus estava mais silencioso. N\u00e3o porque as crian\u00e7as demonstrassem cansa\u00e7o, mas porque cada uma sonhava, em sil\u00eancio, com um futuro onde talvez pudessem ser cientistas, astronautas ou, quem sabe, os respons\u00e1veis pelo pr\u00f3ximo grande lan\u00e7amento da Barreira do Inferno.<\/p>\n","protected":false},"excerpt":{"rendered":"<p>Foi numa manh\u00e3 de sol forte, esta semana. A turma da Escola Municipal do Saber se reuniu na porta do \u00f4nibus. A professora Marta conferia a lista enquanto as crian\u00e7as, inquietas, mal conseguiam conter a anima\u00e7\u00e3o. O destino? A Barreira do Inferno, no Rio Grande do Norte, um lugar misterioso e cheio de hist\u00f3rias sobre [&hellip;]<\/p>\n","protected":false},"author":2,"featured_media":350939,"comment_status":"closed","ping_status":"closed","sticky":false,"template":"","format":"standard","meta":{"_acf_changed":false,"footnotes":""},"categories":[165],"tags":[],"class_list":["post-350938","post","type-post","status-publish","format-standard","has-post-thumbnail","hentry","category-nordeste"],"acf":[],"_links":{"self":[{"href":"https:\/\/www.notibras.com\/site\/wp-json\/wp\/v2\/posts\/350938","targetHints":{"allow":["GET"]}}],"collection":[{"href":"https:\/\/www.notibras.com\/site\/wp-json\/wp\/v2\/posts"}],"about":[{"href":"https:\/\/www.notibras.com\/site\/wp-json\/wp\/v2\/types\/post"}],"author":[{"embeddable":true,"href":"https:\/\/www.notibras.com\/site\/wp-json\/wp\/v2\/users\/2"}],"replies":[{"embeddable":true,"href":"https:\/\/www.notibras.com\/site\/wp-json\/wp\/v2\/comments?post=350938"}],"version-history":[{"count":3,"href":"https:\/\/www.notibras.com\/site\/wp-json\/wp\/v2\/posts\/350938\/revisions"}],"predecessor-version":[{"id":350942,"href":"https:\/\/www.notibras.com\/site\/wp-json\/wp\/v2\/posts\/350938\/revisions\/350942"}],"wp:featuredmedia":[{"embeddable":true,"href":"https:\/\/www.notibras.com\/site\/wp-json\/wp\/v2\/media\/350939"}],"wp:attachment":[{"href":"https:\/\/www.notibras.com\/site\/wp-json\/wp\/v2\/media?parent=350938"}],"wp:term":[{"taxonomy":"category","embeddable":true,"href":"https:\/\/www.notibras.com\/site\/wp-json\/wp\/v2\/categories?post=350938"},{"taxonomy":"post_tag","embeddable":true,"href":"https:\/\/www.notibras.com\/site\/wp-json\/wp\/v2\/tags?post=350938"}],"curies":[{"name":"wp","href":"https:\/\/api.w.org\/{rel}","templated":true}]}}