{"id":350943,"date":"2025-03-27T07:49:55","date_gmt":"2025-03-27T10:49:55","guid":{"rendered":"https:\/\/www.notibras.com\/site\/?p=350943"},"modified":"2025-03-27T07:49:55","modified_gmt":"2025-03-27T10:49:55","slug":"noiva-aparece-em-cartorio-e-solta-cobras-e-lagartos-contra-ex-futuro-marido","status":"publish","type":"post","link":"https:\/\/www.notibras.com\/site\/noiva-aparece-em-cartorio-e-solta-cobras-e-lagartos-contra-ex-futuro-marido\/","title":{"rendered":"Noiva aparece em cart\u00f3rio e solta cobras e lagartos contra ex-futuro marido"},"content":{"rendered":"<p>A fofoca n\u00e3o \u00e9 algo que me fa\u00e7a perder o sono para tentar desvendar o seu desenlace. No entanto, parece que os imbr\u00f3glios que se d\u00e3o ao meu redor sempre me chegam de modo inesperado, como se fosse eu um \u00edm\u00e3 dessa coisa que, afinal, atrai ouvidos at\u00e9 mesmo do mais decoroso dos viventes. Se duvida, eis o que aconteceu na semana passada aqui no servi\u00e7o.<\/p>\n<p>Meu nome \u00e9 Frederico Marchi, mas, at\u00e9 onde sei, n\u00e3o tenho qualquer parentesco com o poeta e escritor Daniel Marchi. Confesso que at\u00e9 queria, pois poderia usar tal proximidade para me fazer notado pelas mo\u00e7oilas que desfilam tanta eleg\u00e2ncia pelas cal\u00e7adas estreitas da capital. Sou um tipo quase comum, caso n\u00e3o fosse pela calv\u00edcie avan\u00e7ada nos meus ainda 28 anos, como se fosse castigo de Deus. E justamente contra mim, devoto de S\u00e3o Francisco de Assis.<\/p>\n<p>Vaidades postas de lado, eis que sou auxiliar de cart\u00f3rio, emprego que consegui por indica\u00e7\u00e3o de tio Alberto, rec\u00e9m-falecido. Bom homem, que ajudou o quanto pode familiares e amigos. Foi pego de surpresa por uma dessas doen\u00e7as de velho e, diante do inevit\u00e1vel, sorriu: &#8220;Fred, meu querido sobrinho, a vida \u00e9 um sopro.&#8221;<\/p>\n<p>Apesar da saudade, n\u00e3o estou aqui para falar sobre o meu parente. Pois bem, na semana passada, sexta-feira para ser mais preciso, aconteceu um rebu aqui no trabalho. Tudo por causa do Souza. Ali\u00e1s, quando n\u00e3o \u00e9 o Souza, a culpa do rebuli\u00e7o \u00e9 toda do Pedro Henrique, que gasta mais tempo penteando a vasta cabeleira do que atendendo a clientela. Creio que ele faz isso apenas para me provocar, j\u00e1 que, n\u00e3o raro, lan\u00e7a-me aquele olhar obl\u00edquo e sorri cinicamente enquanto desliza o pente sobre as madeixas aloiradas. Que exibido!<\/p>\n<p>Pouco antes das cinco da tarde, o cart\u00f3rio estava abarrotado de gente, como se aquilo fosse o dilema entre a felicidade e o mart\u00edrio. Povo estressado, que deixa tudo para a \u00faltima hora. Seja como for, no momento em que estava atendendo um sujeito que me fazia perguntas atr\u00e1s de perguntas, eis que surgiu uma beldade de l\u00e1 seus trinta e poucos anos. Um pit\u00e9u, como tio Alberto costumava falar.<\/p>\n<p>A tal mulher, que j\u00e1 carregava um bonde de aten\u00e7\u00e3o, foi ainda mais expl\u00edcita quando gritou em dire\u00e7\u00e3o ao Souza, que estava paquerando uma linda garota de seus vinte anos.<\/p>\n<p>\u2014 Safado! Sou mesmo trouxa de vir aqui para te chamar para jantar, seu cretino!<\/p>\n<p>Instintivamente, todos ficamos boquiabertos aguardando pelos pr\u00f3ximos cap\u00edtulos, que, n\u00e3o tardaram, foram despejados em cascatas.<\/p>\n<p>\u2014 Souza, s\u00f3 vou te dizer uma coisa!<\/p>\n<p>\u2014 Solange, meu amor, posso explicar.<\/p>\n<p>\u2014 Pois v\u00e1 explicar para megera da sua m\u00e3e, seu cretino!<\/p>\n<p>Diante do au\u00ea, ningu\u00e9m teve coragem para enfrentar aquela on\u00e7a. Por sorte, ela se virou e saiu do recinto, momento em que pude ouvir alguns coment\u00e1rios.<\/p>\n<p>\u2014 Que monumento!<\/p>\n<p>\u2014 Que ancas!<\/p>\n<p>\u2014 Ah, era uma nora dessas que eu queria dar para minha m\u00e3e.<\/p>\n<p>Pra qu\u00ea? Souza pareceu n\u00e3o gostar e saiu em defesa pr\u00f3pria.<\/p>\n<p>\u2014 Ei, olha o respeito com a m\u00e3e dos meus filhos!<\/p>\n<p>\u2014 E desde quando voc\u00ea tem filhos, Souza? &#8211; Pedro Henrique questionou.<\/p>\n<p>\u2014 N\u00e3o tenho ainda, mas terei um dia.<\/p>\n<p>Situa\u00e7\u00e3o apaziguada, clientela atendida, as portas do cart\u00f3rio foram fechadas. Todavia, o assunto persistiu at\u00e9 que todos f\u00f4ssemos embora. E l\u00e1 est\u00e1vamos o Souza, o Pedro Henrique e eu no ponto de \u00f4nibus, quando ouvi o seguinte interl\u00fadio.<\/p>\n<p>\u2014 Voc\u00ea fica rindo a\u00ed, Pedro Henrique, mas um dia a casa vai cair pra voc\u00ea tamb\u00e9m.<\/p>\n<p>\u2014 Que nada, Souza, a Rafaela nunca apareceu no cart\u00f3rio nem pra me levar um pastel.<\/p>\n<p>&#8230;&#8230;&#8230;&#8230;&#8230;&#8230;&#8230;..<\/p>\n<p><strong>Eduardo Mart\u00ednez \u00e9 autor do livro 57 Contos e Cr\u00f4nicas por um Autor Muito Velho\u2019<\/strong><\/p>\n<p>Compre aqui\u00a0<span class=\"x19la9d6 x1fc57z9 x6ikm8r x10wlt62 x19co3pv x1g5zs5t xfibh0p xiy17q3 x1xsqp64 x1lkfr7t xexx8yu x4uap5 x18d9i69 xkhd6sd\"><span class=\"xrtxmta x1bhl96m\"><img decoding=\"async\" class=\"emoji\" role=\"img\" draggable=\"false\" src=\"https:\/\/s.w.org\/images\/core\/emoji\/15.0.3\/svg\/1f447-1f3ff.svg\" alt=\"&#x1f447;&#x1f3ff;\" \/><\/span><\/span><\/p>\n<p><a href=\"https:\/\/www.joanineditora.com.br\/57-contos-e-cronicas-por-um-autor-muito-velho\">https:\/\/www.joanineditora.com.br\/57-contos-e-cronicas-por-um-autor-muito-velho<\/a><\/p>\n","protected":false},"excerpt":{"rendered":"<p>A fofoca n\u00e3o \u00e9 algo que me fa\u00e7a perder o sono para tentar desvendar o seu desenlace. No entanto, parece que os imbr\u00f3glios que se d\u00e3o ao meu redor sempre me chegam de modo inesperado, como se fosse eu um \u00edm\u00e3 dessa coisa que, afinal, atrai ouvidos at\u00e9 mesmo do mais decoroso dos viventes. Se [&hellip;]<\/p>\n","protected":false},"author":2,"featured_media":350944,"comment_status":"closed","ping_status":"closed","sticky":false,"template":"","format":"standard","meta":{"_acf_changed":false,"footnotes":""},"categories":[161],"tags":[],"class_list":["post-350943","post","type-post","status-publish","format-standard","has-post-thumbnail","hentry","category-quadradinho-em-foco"],"acf":[],"_links":{"self":[{"href":"https:\/\/www.notibras.com\/site\/wp-json\/wp\/v2\/posts\/350943","targetHints":{"allow":["GET"]}}],"collection":[{"href":"https:\/\/www.notibras.com\/site\/wp-json\/wp\/v2\/posts"}],"about":[{"href":"https:\/\/www.notibras.com\/site\/wp-json\/wp\/v2\/types\/post"}],"author":[{"embeddable":true,"href":"https:\/\/www.notibras.com\/site\/wp-json\/wp\/v2\/users\/2"}],"replies":[{"embeddable":true,"href":"https:\/\/www.notibras.com\/site\/wp-json\/wp\/v2\/comments?post=350943"}],"version-history":[{"count":1,"href":"https:\/\/www.notibras.com\/site\/wp-json\/wp\/v2\/posts\/350943\/revisions"}],"predecessor-version":[{"id":350945,"href":"https:\/\/www.notibras.com\/site\/wp-json\/wp\/v2\/posts\/350943\/revisions\/350945"}],"wp:featuredmedia":[{"embeddable":true,"href":"https:\/\/www.notibras.com\/site\/wp-json\/wp\/v2\/media\/350944"}],"wp:attachment":[{"href":"https:\/\/www.notibras.com\/site\/wp-json\/wp\/v2\/media?parent=350943"}],"wp:term":[{"taxonomy":"category","embeddable":true,"href":"https:\/\/www.notibras.com\/site\/wp-json\/wp\/v2\/categories?post=350943"},{"taxonomy":"post_tag","embeddable":true,"href":"https:\/\/www.notibras.com\/site\/wp-json\/wp\/v2\/tags?post=350943"}],"curies":[{"name":"wp","href":"https:\/\/api.w.org\/{rel}","templated":true}]}}