{"id":350946,"date":"2025-03-27T00:54:03","date_gmt":"2025-03-27T03:54:03","guid":{"rendered":"https:\/\/www.notibras.com\/site\/?p=350946"},"modified":"2025-03-27T07:55:39","modified_gmt":"2025-03-27T10:55:39","slug":"chapada-recebe-agentes-colombianos-em-acao-de-promocao-turistica","status":"publish","type":"post","link":"https:\/\/www.notibras.com\/site\/chapada-recebe-agentes-colombianos-em-acao-de-promocao-turistica\/","title":{"rendered":"Chapada recebe agentes colombianos em a\u00e7\u00e3o de promo\u00e7\u00e3o tur\u00edstica"},"content":{"rendered":"<p>A Chapada dos Veadeiros acaba de se transformar em palco de um Famtur (viagem de familiariza\u00e7\u00e3o) voltado para agentes de viagem da Col\u00f4mbia. A iniciativa, organizada pela Associa\u00e7\u00e3o Veadeiros em parceria com a Inframerica, teve a participa\u00e7\u00e3o de sete profissionais do setor e um representante da operadora aeroportu\u00e1ria, al\u00e9m do apoio de mais de 20 associados e parceiros locais.<\/p>\n<p>O objetivo da a\u00e7\u00e3o, realizada no \u00faltimo fim de semana, foi fortalecer a presen\u00e7a da Chapada dos Veadeiros no mercado internacional, promovendo suas atra\u00e7\u00f5es naturais e experi\u00eancias imersivas. A programa\u00e7\u00e3o incluiu atividades voltadas ao ecoturismo, bem-estar e gastronomia regional, proporcionando aos visitantes uma viv\u00eancia aut\u00eantica do destino.<\/p>\n<p>A recep\u00e7\u00e3o ocorreu em Alto Para\u00edso de Goi\u00e1s, com um ritual de boas-vindas da Rota Viva Veadeiros, que incluiu o Banho de Cristais oferecido pela Florais do Cerrado. Em seguida, os agentes participaram de um almo\u00e7o no Coffee Shop S\u00e3o Bento antes de embarcar em atividades de aventura, como a Tirolesa Voo do Gavi\u00e3o, na Fazenda S\u00e3o Bento.<\/p>\n<p>No distrito de S\u00e3o Jorge, a programa\u00e7\u00e3o seguiu com uma viv\u00eancia de terapia hol\u00edstica no Espa\u00e7o Munay, conduzida pela Associa\u00e7\u00e3o dos Terapeutas Veadeiros. As atividades inclu\u00edram sound healing, m\u00fasica qu\u00e2ntica, tarot e t\u00e9cnicas de respira\u00e7\u00e3o e medita\u00e7\u00e3o. O primeiro dia foi encerrado com um encontro entre operadores de ecoturismo locais e internacionais na Casa de Cultura Cavaleiro de Jorge, com a presen\u00e7a de autoridades como o secret\u00e1rio de Turismo de Alto Para\u00edso de Goi\u00e1s, Agnaldo Ara\u00fajo, e o secret\u00e1rio de Cultura, Raphael Veiga. O jantar foi realizado na Risoteria Santo Cerrado, um dos restaurantes mais tradicionais da Vila de S\u00e3o Jorge.<\/p>\n<p>O segundo dia teve como destaque a visita ao Parque Nacional da Chapada dos Veadeiros, com trilha at\u00e9 os Saltos do Rio Preto, acompanhada por guias bil\u00edngues da Travessia Ecoturismo. O roteiro incluiu ainda um almo\u00e7o no Restaurante da Nenzinha e um passeio pelo Vale da Lua, um dos cart\u00f5es-postais da regi\u00e3o.<\/p>\n<p>A iniciativa refor\u00e7a a estrat\u00e9gia da Associa\u00e7\u00e3o Veadeiros de ampliar a visibilidade do destino no cen\u00e1rio internacional, estimulando parcerias com o mercado latino-americano e fortalecendo o turismo sustent\u00e1vel na regi\u00e3o.<\/p>\n","protected":false},"excerpt":{"rendered":"<p>A Chapada dos Veadeiros acaba de se transformar em palco de um Famtur (viagem de familiariza\u00e7\u00e3o) voltado para agentes de viagem da Col\u00f4mbia. A iniciativa, organizada pela Associa\u00e7\u00e3o Veadeiros em parceria com a Inframerica, teve a participa\u00e7\u00e3o de sete profissionais do setor e um representante da operadora aeroportu\u00e1ria, al\u00e9m do apoio de mais de 20 [&hellip;]<\/p>\n","protected":false},"author":2,"featured_media":350947,"comment_status":"closed","ping_status":"closed","sticky":false,"template":"","format":"standard","meta":{"_acf_changed":false,"footnotes":""},"categories":[161],"tags":[],"class_list":["post-350946","post","type-post","status-publish","format-standard","has-post-thumbnail","hentry","category-quadradinho-em-foco"],"acf":[],"_links":{"self":[{"href":"https:\/\/www.notibras.com\/site\/wp-json\/wp\/v2\/posts\/350946","targetHints":{"allow":["GET"]}}],"collection":[{"href":"https:\/\/www.notibras.com\/site\/wp-json\/wp\/v2\/posts"}],"about":[{"href":"https:\/\/www.notibras.com\/site\/wp-json\/wp\/v2\/types\/post"}],"author":[{"embeddable":true,"href":"https:\/\/www.notibras.com\/site\/wp-json\/wp\/v2\/users\/2"}],"replies":[{"embeddable":true,"href":"https:\/\/www.notibras.com\/site\/wp-json\/wp\/v2\/comments?post=350946"}],"version-history":[{"count":1,"href":"https:\/\/www.notibras.com\/site\/wp-json\/wp\/v2\/posts\/350946\/revisions"}],"predecessor-version":[{"id":350948,"href":"https:\/\/www.notibras.com\/site\/wp-json\/wp\/v2\/posts\/350946\/revisions\/350948"}],"wp:featuredmedia":[{"embeddable":true,"href":"https:\/\/www.notibras.com\/site\/wp-json\/wp\/v2\/media\/350947"}],"wp:attachment":[{"href":"https:\/\/www.notibras.com\/site\/wp-json\/wp\/v2\/media?parent=350946"}],"wp:term":[{"taxonomy":"category","embeddable":true,"href":"https:\/\/www.notibras.com\/site\/wp-json\/wp\/v2\/categories?post=350946"},{"taxonomy":"post_tag","embeddable":true,"href":"https:\/\/www.notibras.com\/site\/wp-json\/wp\/v2\/tags?post=350946"}],"curies":[{"name":"wp","href":"https:\/\/api.w.org\/{rel}","templated":true}]}}