{"id":350952,"date":"2025-03-27T05:06:01","date_gmt":"2025-03-27T08:06:01","guid":{"rendered":"https:\/\/www.notibras.com\/site\/?p=350952"},"modified":"2025-03-27T08:07:59","modified_gmt":"2025-03-27T11:07:59","slug":"zoo-e-jardim-botanico-suspendem-ingressos-aos-domingos-e-feriados","status":"publish","type":"post","link":"https:\/\/www.notibras.com\/site\/zoo-e-jardim-botanico-suspendem-ingressos-aos-domingos-e-feriados\/","title":{"rendered":"Zoo e Jardim Bot\u00e2nico suspendem ingressos aos domingos e feriados"},"content":{"rendered":"<p>O governador Ibaneis Rocha assinou nesta quarta-feira (26) o decreto que institui o programa Lazer para Todos, que autoriza a libera\u00e7\u00e3o da entrada gratuita aos domingos e feriados no Zool\u00f3gico e no Jardim Bot\u00e2nico. A medida ser\u00e1 publicada no Di\u00e1rio Oficial do Distrito Federal (DODF) nos pr\u00f3ximos dias e tem como objetivo promover a inclus\u00e3o social, a educa\u00e7\u00e3o ambiental e o lazer para todos os cidad\u00e3os da capital e visitantes. A popula\u00e7\u00e3o ainda poder\u00e1 usar o transporte p\u00fablico gratuitamente neste dia, conforme o estabelecido no programa Vai de Gra\u00e7a.<\/p>\n<p>A gratuidade de entrada nos estabelecimentos ser\u00e1 exclusivamente aos domingos e feriados, sendo estes nas seguintes datas:<\/p>\n<p><strong>\u00b7 1\u00ba de janeiro \u2013 Confraterniza\u00e7\u00e3o Universal (feriado nacional);<\/strong><br \/>\n<strong>\u00b7 Paix\u00e3o de Cristo \u2013 Data m\u00f3vel (feriado nacional);<\/strong><br \/>\n<strong>\u00b7 21 de abril \u2013 Anivers\u00e1rio de Bras\u00edlia (feriado distrital) e Tiradentes (feriado nacional);<\/strong><br \/>\n<strong>\u00b7 1\u00ba de maio \u2013 Dia do Trabalhador (feriado nacional);<\/strong><br \/>\n<strong>\u00b7 7 de setembro \u2013 Independ\u00eancia do Brasil (feriado nacional);<\/strong><br \/>\n<strong>\u00b7 12 de outubro \u2013 Nossa Senhora Aparecida (feriado nacional):<\/strong><br \/>\n<strong>\u00b7 2 de novembro \u2013 Finados (feriado nacional);<\/strong><br \/>\n<strong>\u00b7 15 de novembro \u2013 Proclama\u00e7\u00e3o da Rep\u00fablica (feriado nacional);<\/strong><br \/>\n<strong>\u00b7 20 de novembro \u2013 Dia Nacional de Zumbi e da Consci\u00eancia Negra (feriado nacional);<\/strong><br \/>\n<strong>\u00b7 30 de novembro \u2013 Dia do Evang\u00e9lico (feriado distrital);<\/strong><br \/>\n<strong>\u00b7 25 de dezembro \u2013 Natal (feriado nacional).<\/strong><\/p>\n<p>O GDF poder\u00e1 estender a gratuidade a outras datas. A execu\u00e7\u00e3o do programa Lazer para Todos ficar\u00e1 a cargo da Secretaria de Meio Ambiente (Sema-DF), do Jardim Bot\u00e2nico de Bras\u00edlia e do Zool\u00f3gico de Bras\u00edlia.<\/p>\n<p><strong>A\u00e7\u00e3o coordenada<\/strong><br \/>\nPara alinhar os detalhes do funcionamento da gratuidade, o governador reuniu em seu gabinete os diretores-presidentes do Zool\u00f3gico e do Jardim Bot\u00e2nico, a \u00e1rea de Consultoria Jur\u00eddica do GDF e secret\u00e1rios de pastas essenciais para o bom funcionamento e a divulga\u00e7\u00e3o da gratuidade, como as secretarias de Governo, de Comunica\u00e7\u00e3o, de Seguran\u00e7a P\u00fablica, de Economia, e de Transporte e Mobilidade, al\u00e9m dos comandantes da Pol\u00edcia Militar e do Corpo de Bombeiros Militar.<\/p>\n<p>Ibaneis deseja fazer um evento-teste antes da gratuidade passar a valer. Ele tamb\u00e9m determinou que sejam feitas as benfeitorias necess\u00e1rias nos dois lugares para que a popula\u00e7\u00e3o possa usufruir dos espa\u00e7os da melhor forma poss\u00edvel.<\/p>\n<p>\u201cEsse alinhamento \u00e9 para que a gratuidade funcione da melhor forma e com conforto para a popula\u00e7\u00e3o. N\u00f3s vamos refor\u00e7ar as equipes de servidores desses lugares e tamb\u00e9m o policiamento e a presen\u00e7a do Corpo de Bombeiros. Cuidaremos tamb\u00e9m da divulga\u00e7\u00e3o, tanto do Zool\u00f3gico e do Jardim Bot\u00e2nico, como da gratuidade em si. \u00c9 preciso mostrar como chegar nesses lugares e o que eles t\u00eam a oferecer\u201d, afirmou Ibaneis Rocha.<\/p>\n<p>Atualmente, a entrada para o Jardim Bot\u00e2nico de Bras\u00edlia (JBB) custa R$ 5 por pessoa. O local funciona de ter\u00e7a-feira a domingo, das 9h \u00e0s 17h. J\u00e1 no Zool\u00f3gico de Bras\u00edlia, o ingresso varia entre R$ 5 (meia-entrada) e R$ 10 (inteira). O local fica aberto de ter\u00e7a-feira a domingo e nos feriados, das 8h30 \u00e0s 17h.<\/p>\n<p>Segundo o diretor-presidente do Zoo, Wallison Couto de Oliveira, o local recebe em m\u00e9dia de 3 mil a 6 mil visitantes aos domingos. A expectativa \u00e9 que esse n\u00famero possa at\u00e9 dobrar com a gratuidade. \u201cEstamos trabalhando no Zool\u00f3gico para atender esse projeto, inclusive com reformas e outros lan\u00e7amentos que teremos\u201d, disse.<\/p>\n<p>J\u00e1 o diretor-presidente do Jardim Bot\u00e2nico, Allan Freire Barbosa da Silva, calcula que 1,5 mil pessoas visitem a estrutura aos domingos, que j\u00e1 vem passando por um teste de gratuidade neste m\u00eas de mar\u00e7o, quando o local comemora 40 anos. A tend\u00eancia, no entanto, \u00e9 que essa m\u00e9dia mais do que dobre. \u201cNa ter\u00e7a-feira de Carnaval, recebemos 4 mil pessoas, inclusive gente que nunca tinha ido l\u00e1. Temos tido uma boa experi\u00eancia neste m\u00eas de mar\u00e7o, com a entrada gratuita em comemora\u00e7\u00e3o aos 40 anos do Jardim Bot\u00e2nico\u201d, pontuou.<\/p>\n<p><strong>Hist\u00f3rico dos espa\u00e7os<\/strong><br \/>\nInaugurado em 1957, o Zool\u00f3gico de Bras\u00edlia \u00e9 a primeira institui\u00e7\u00e3o ambientalista do DF e tem como foco a educa\u00e7\u00e3o ambiental e a conserva\u00e7\u00e3o da fauna brasileira. Ele abriga cerca de 600 animais de 180 esp\u00e9cies, incluindo aves, r\u00e9pteis e mam\u00edferos, e destaca-se pelo trabalho de conserva\u00e7\u00e3o e pesquisa, al\u00e9m de ser um importante ponto de lazer, com atra\u00e7\u00f5es como o Museu de Ci\u00eancias Naturais, borbolet\u00e1rio, \u00e1reas para piquenique e playground.<\/p>\n<p>Criado em 1985, o Jardim Bot\u00e2nico de Bras\u00edlia (JBB), por sua vez, \u00e9 uma das principais \u00e1reas de conserva\u00e7\u00e3o do Cerrado e promove educa\u00e7\u00e3o ambiental, pesquisa cient\u00edfica e lazer por meio de trilhas, jardins tem\u00e1ticos e espa\u00e7os de visita\u00e7\u00e3o.<\/p>\n<p>Veja aqui o hor\u00e1rio de funcionamento do Zool\u00f3gico e aqui o hor\u00e1rio de funcionamento do Jardim Bot\u00e2nico.<\/p>\n","protected":false},"excerpt":{"rendered":"<p>O governador Ibaneis Rocha assinou nesta quarta-feira (26) o decreto que institui o programa Lazer para Todos, que autoriza a libera\u00e7\u00e3o da entrada gratuita aos domingos e feriados no Zool\u00f3gico e no Jardim Bot\u00e2nico. A medida ser\u00e1 publicada no Di\u00e1rio Oficial do Distrito Federal (DODF) nos pr\u00f3ximos dias e tem como objetivo promover a inclus\u00e3o [&hellip;]<\/p>\n","protected":false},"author":2,"featured_media":350953,"comment_status":"closed","ping_status":"closed","sticky":false,"template":"","format":"standard","meta":{"_acf_changed":false,"footnotes":""},"categories":[161],"tags":[],"class_list":["post-350952","post","type-post","status-publish","format-standard","has-post-thumbnail","hentry","category-quadradinho-em-foco"],"acf":[],"_links":{"self":[{"href":"https:\/\/www.notibras.com\/site\/wp-json\/wp\/v2\/posts\/350952","targetHints":{"allow":["GET"]}}],"collection":[{"href":"https:\/\/www.notibras.com\/site\/wp-json\/wp\/v2\/posts"}],"about":[{"href":"https:\/\/www.notibras.com\/site\/wp-json\/wp\/v2\/types\/post"}],"author":[{"embeddable":true,"href":"https:\/\/www.notibras.com\/site\/wp-json\/wp\/v2\/users\/2"}],"replies":[{"embeddable":true,"href":"https:\/\/www.notibras.com\/site\/wp-json\/wp\/v2\/comments?post=350952"}],"version-history":[{"count":1,"href":"https:\/\/www.notibras.com\/site\/wp-json\/wp\/v2\/posts\/350952\/revisions"}],"predecessor-version":[{"id":350954,"href":"https:\/\/www.notibras.com\/site\/wp-json\/wp\/v2\/posts\/350952\/revisions\/350954"}],"wp:featuredmedia":[{"embeddable":true,"href":"https:\/\/www.notibras.com\/site\/wp-json\/wp\/v2\/media\/350953"}],"wp:attachment":[{"href":"https:\/\/www.notibras.com\/site\/wp-json\/wp\/v2\/media?parent=350952"}],"wp:term":[{"taxonomy":"category","embeddable":true,"href":"https:\/\/www.notibras.com\/site\/wp-json\/wp\/v2\/categories?post=350952"},{"taxonomy":"post_tag","embeddable":true,"href":"https:\/\/www.notibras.com\/site\/wp-json\/wp\/v2\/tags?post=350952"}],"curies":[{"name":"wp","href":"https:\/\/api.w.org\/{rel}","templated":true}]}}