{"id":350980,"date":"2025-03-28T01:03:01","date_gmt":"2025-03-28T04:03:01","guid":{"rendered":"https:\/\/www.notibras.com\/site\/?p=350980"},"modified":"2025-03-27T23:04:24","modified_gmt":"2025-03-28T02:04:24","slug":"paiva-praia-do-apartheid-impede-pernambucano-de-poder-circular-livre","status":"publish","type":"post","link":"https:\/\/www.notibras.com\/site\/paiva-praia-do-apartheid-impede-pernambucano-de-poder-circular-livre\/","title":{"rendered":"Paiva, praia do apartheid, impede pernambucano de poder circular livre"},"content":{"rendered":"<p>O sol da manh\u00e3 doura as areias finas da Praia do Paiva, e o mar desenha ondas suaves que beijam a costa. A brisa salgada, misturada ao cheiro de mata atl\u00e2ntica preservada, fazia qualquer um se sentir em um verdadeiro para\u00edso. Mas nem todo mundo parecia bem-vindo ali.<\/p>\n<p>Ao caminhar pela orla, era imposs\u00edvel n\u00e3o notar o contraste. De um lado, os condom\u00ednios luxuosos se erguiam como fortalezas modernas, com seguran\u00e7as atentos e c\u00e2meras piscando discretamente. De outro, a praia p\u00fablica, teoricamente acess\u00edvel a todos, mas onde os olhares de desprezo funcionavam como um cord\u00e3o invis\u00edvel de isolamento.<\/p>\n<p>Os poucos nativos que se aventuravam a entrar nesse territ\u00f3rio pareciam estrangeiros em sua pr\u00f3pria terra. Eram pescadores, ambulantes, fam\u00edlias simples que, ao inv\u00e9s de serem acolhidas pelo mesmo cen\u00e1rio paradis\u00edaco, eram vistas como intrusas. Seus corpos marcados pelo sol e pela luta di\u00e1ria destoavam dos visitantes de pele clara, protegidos por \u00f3culos escuros e protetores solares caros.<\/p>\n<p>O inc\u00f4modo, l\u00e1, \u00e9 palp\u00e1vel. Sorrisos for\u00e7ados, afastamentos sutis, olhares que gritavam o que as bocas n\u00e3o precisavam dizer: &#8220;este espa\u00e7o n\u00e3o \u00e9 para voc\u00eas&#8221;. As barreiras n\u00e3o s\u00e3o apenas f\u00edsicas, como os port\u00f5es e muros dos resorts, mas tamb\u00e9m sociais, culturais e raciais. O apartheid \u00e0 brasileira, aquele que muitos fingem n\u00e3o ver, se manifesta ali, entre um gole de espumante e um mergulho na \u00e1gua cristalina.<\/p>\n<p>E assim, a Praia do Paiva segue seu curso, bela, rica e segregada. O mar, indiferente \u00e0s fronteiras invis\u00edveis, continua a tocar a areia, lembrando que, no fim das contas, a natureza n\u00e3o pertence a ningu\u00e9m&#8230; mas alguns insistem em tentar privatizar at\u00e9 mesmo o direito de existir.<\/p>\n","protected":false},"excerpt":{"rendered":"<p>O sol da manh\u00e3 doura as areias finas da Praia do Paiva, e o mar desenha ondas suaves que beijam a costa. A brisa salgada, misturada ao cheiro de mata atl\u00e2ntica preservada, fazia qualquer um se sentir em um verdadeiro para\u00edso. Mas nem todo mundo parecia bem-vindo ali. Ao caminhar pela orla, era imposs\u00edvel n\u00e3o [&hellip;]<\/p>\n","protected":false},"author":2,"featured_media":350981,"comment_status":"closed","ping_status":"closed","sticky":false,"template":"","format":"standard","meta":{"_acf_changed":false,"footnotes":""},"categories":[165],"tags":[],"class_list":["post-350980","post","type-post","status-publish","format-standard","has-post-thumbnail","hentry","category-nordeste"],"acf":[],"_links":{"self":[{"href":"https:\/\/www.notibras.com\/site\/wp-json\/wp\/v2\/posts\/350980","targetHints":{"allow":["GET"]}}],"collection":[{"href":"https:\/\/www.notibras.com\/site\/wp-json\/wp\/v2\/posts"}],"about":[{"href":"https:\/\/www.notibras.com\/site\/wp-json\/wp\/v2\/types\/post"}],"author":[{"embeddable":true,"href":"https:\/\/www.notibras.com\/site\/wp-json\/wp\/v2\/users\/2"}],"replies":[{"embeddable":true,"href":"https:\/\/www.notibras.com\/site\/wp-json\/wp\/v2\/comments?post=350980"}],"version-history":[{"count":1,"href":"https:\/\/www.notibras.com\/site\/wp-json\/wp\/v2\/posts\/350980\/revisions"}],"predecessor-version":[{"id":350982,"href":"https:\/\/www.notibras.com\/site\/wp-json\/wp\/v2\/posts\/350980\/revisions\/350982"}],"wp:featuredmedia":[{"embeddable":true,"href":"https:\/\/www.notibras.com\/site\/wp-json\/wp\/v2\/media\/350981"}],"wp:attachment":[{"href":"https:\/\/www.notibras.com\/site\/wp-json\/wp\/v2\/media?parent=350980"}],"wp:term":[{"taxonomy":"category","embeddable":true,"href":"https:\/\/www.notibras.com\/site\/wp-json\/wp\/v2\/categories?post=350980"},{"taxonomy":"post_tag","embeddable":true,"href":"https:\/\/www.notibras.com\/site\/wp-json\/wp\/v2\/tags?post=350980"}],"curies":[{"name":"wp","href":"https:\/\/api.w.org\/{rel}","templated":true}]}}