{"id":351030,"date":"2025-03-29T01:30:04","date_gmt":"2025-03-29T04:30:04","guid":{"rendered":"https:\/\/www.notibras.com\/site\/?p=351030"},"modified":"2025-03-28T22:38:56","modified_gmt":"2025-03-29T01:38:56","slug":"mudancas-climaticas-estao-acabando-com-as-barreiras-de-corais","status":"publish","type":"post","link":"https:\/\/www.notibras.com\/site\/mudancas-climaticas-estao-acabando-com-as-barreiras-de-corais\/","title":{"rendered":"Mudan\u00e7as clim\u00e1ticas est\u00e3o acabando com as barreiras de corais"},"content":{"rendered":"<p>A barreira de corais do litoral nordestino, uma das mais ricas em biodiversidade do mundo, est\u00e1 sofrendo impactos severos devido \u00e0s mudan\u00e7as clim\u00e1ticas. Especialistas alertam que o aumento da temperatura dos oceanos, a acidifica\u00e7\u00e3o da \u00e1gua e a polui\u00e7\u00e3o s\u00e3o fatores que colocam em risco esse ecossistema vital.<\/p>\n<p>De acordo com pesquisadores, o branqueamento dos corais \u2013 fen\u00f4meno causado pelo estresse t\u00e9rmico \u2013 tem se tornado mais frequente nos \u00faltimos anos, reduzindo a capacidade dos recifes de sustentarem a vida marinha. \u201cSe essa tend\u00eancia continuar, podemos perder uma grande parte dos corais nas pr\u00f3ximas d\u00e9cadas\u201d, afirma a bi\u00f3loga marinha Ana Souza.<\/p>\n<p>Al\u00e9m do impacto na biodiversidade, a degrada\u00e7\u00e3o dos recifes tamb\u00e9m amea\u00e7a comunidades que dependem do turismo e da pesca. Pescadores locais relatam uma redu\u00e7\u00e3o na quantidade de peixes, enquanto empres\u00e1rios do setor tur\u00edstico observam a diminui\u00e7\u00e3o no n\u00famero de visitantes interessados no mergulho ecol\u00f3gico.<\/p>\n<p>Ambientalistas destacam a necessidade urgente de medidas para reduzir as emiss\u00f5es de gases do efeito estufa, al\u00e9m de projetos de preserva\u00e7\u00e3o dos recifes. Entre as iniciativas recomendadas est\u00e3o a cria\u00e7\u00e3o de \u00e1reas marinhas protegidas, o incentivo ao turismo sustent\u00e1vel e a redu\u00e7\u00e3o do uso de pl\u00e1sticos descart\u00e1veis.<\/p>\n<p>A preserva\u00e7\u00e3o dos corais n\u00e3o \u00e9 apenas uma quest\u00e3o ambiental, mas tamb\u00e9m econ\u00f4mica e social. Proteger esse ecossistema \u00e9 essencial para garantir a sobreviv\u00eancia das esp\u00e9cies marinhas e das comunidades que dependem dos recursos do mar<\/p>\n","protected":false},"excerpt":{"rendered":"<p>A barreira de corais do litoral nordestino, uma das mais ricas em biodiversidade do mundo, est\u00e1 sofrendo impactos severos devido \u00e0s mudan\u00e7as clim\u00e1ticas. Especialistas alertam que o aumento da temperatura dos oceanos, a acidifica\u00e7\u00e3o da \u00e1gua e a polui\u00e7\u00e3o s\u00e3o fatores que colocam em risco esse ecossistema vital. De acordo com pesquisadores, o branqueamento dos [&hellip;]<\/p>\n","protected":false},"author":2,"featured_media":351031,"comment_status":"closed","ping_status":"closed","sticky":false,"template":"","format":"standard","meta":{"_acf_changed":false,"footnotes":""},"categories":[165],"tags":[],"class_list":["post-351030","post","type-post","status-publish","format-standard","has-post-thumbnail","hentry","category-nordeste"],"acf":[],"_links":{"self":[{"href":"https:\/\/www.notibras.com\/site\/wp-json\/wp\/v2\/posts\/351030","targetHints":{"allow":["GET"]}}],"collection":[{"href":"https:\/\/www.notibras.com\/site\/wp-json\/wp\/v2\/posts"}],"about":[{"href":"https:\/\/www.notibras.com\/site\/wp-json\/wp\/v2\/types\/post"}],"author":[{"embeddable":true,"href":"https:\/\/www.notibras.com\/site\/wp-json\/wp\/v2\/users\/2"}],"replies":[{"embeddable":true,"href":"https:\/\/www.notibras.com\/site\/wp-json\/wp\/v2\/comments?post=351030"}],"version-history":[{"count":1,"href":"https:\/\/www.notibras.com\/site\/wp-json\/wp\/v2\/posts\/351030\/revisions"}],"predecessor-version":[{"id":351032,"href":"https:\/\/www.notibras.com\/site\/wp-json\/wp\/v2\/posts\/351030\/revisions\/351032"}],"wp:featuredmedia":[{"embeddable":true,"href":"https:\/\/www.notibras.com\/site\/wp-json\/wp\/v2\/media\/351031"}],"wp:attachment":[{"href":"https:\/\/www.notibras.com\/site\/wp-json\/wp\/v2\/media?parent=351030"}],"wp:term":[{"taxonomy":"category","embeddable":true,"href":"https:\/\/www.notibras.com\/site\/wp-json\/wp\/v2\/categories?post=351030"},{"taxonomy":"post_tag","embeddable":true,"href":"https:\/\/www.notibras.com\/site\/wp-json\/wp\/v2\/tags?post=351030"}],"curies":[{"name":"wp","href":"https:\/\/api.w.org\/{rel}","templated":true}]}}