{"id":351056,"date":"2025-03-29T11:59:28","date_gmt":"2025-03-29T14:59:28","guid":{"rendered":"https:\/\/www.notibras.com\/site\/?p=351056"},"modified":"2025-03-29T12:01:09","modified_gmt":"2025-03-29T15:01:09","slug":"a-natureza-e-o-cerrado-so-sobreviverao-se-todos-enxergarem-o-obvio","status":"publish","type":"post","link":"https:\/\/www.notibras.com\/site\/a-natureza-e-o-cerrado-so-sobreviverao-se-todos-enxergarem-o-obvio\/","title":{"rendered":"A natureza (e o Cerrado) s\u00f3 sobreviver\u00e3o se todos enxergarem o \u00f3bvio"},"content":{"rendered":"<p>Tenho consci\u00eancia de que n\u00e3o fui a melhor das m\u00e3es, mas me esfor\u00e7o para que meus netos tenham boas recorda\u00e7\u00f5es da av\u00f3. S\u00e3o cinco, entre os quais est\u00e1 a pequena Alice, de oito anos.<\/p>\n<p>\u2014 Vov\u00f3, preciso da sua ajuda.<\/p>\n<p>\u2014 O que foi, Alice?<\/p>\n<p>\u2014 A professora passou um trabalho, mas eu n\u00e3o sei desenhar.<\/p>\n<p>Ao ouvir o desespero na voz da minha neta, senti que aquilo fosse por conta da carga gen\u00e9tica que passei para meu filho, que, por conseguinte, repassou para a filha. Mesmo assim, era meu dever como av\u00f3 socorrer a crian\u00e7a, apesar de eu, nos meus long\u00ednquos tempos de escola, jamais ter sido conhecida como a nova Tarsila do Amaral.<\/p>\n<p>Antes de ir ao apartamento da Alice, passei numa papelaria para comprar uma cartolina. Pensei em comprar logo cinco. N\u00e3o era poss\u00edvel que minha neta e eu f\u00f4ssemos falhar mais do que quatro vezes. Na d\u00favida, comprei dez. V\u00e1 que&#8230;<\/p>\n<p>Assim que cheguei, a menina me deu aquele abra\u00e7o t\u00e3o apertado, que n\u00e3o consegui evitar de verter algumas l\u00e1grimas.<\/p>\n<p>\u2014 Vov\u00f3, por que t\u00e1 chorando?<\/p>\n<p>\u2014 Nada, Alice, n\u00e3o \u00e9 nada.<\/p>\n<p>\u2014 Eu apertei voc\u00ea com muita for\u00e7a?<\/p>\n<p>\u2014 N\u00e3o, Alice.<\/p>\n<p>\u2014 E por que voc\u00ea t\u00e1 chorando?<\/p>\n<p>\u2014 Deve ser por conta da alergia.<\/p>\n<p>\u2014 Alergia?<\/p>\n<p>\u2014 \u00c9.<\/p>\n<p>\u2014 Alergia de qu\u00ea?<\/p>\n<p>\u2014 Ah, coisa de velha, Alice.<\/p>\n<p>Minha neta ficou me encarando por um instante, at\u00e9 que viu aquele monte de cartolinas na sacola. Ela abriu aqueles enormes olhos castanhos e sorriu.<\/p>\n<p>\u2014 Vov\u00f3, voc\u00ea comprou todas as cartolinas do mundo?<\/p>\n<p>Bem, n\u00e3o comprei exatamente todas as cartolinas do mundo, mas creio que o suficiente para que minha neta n\u00e3o passasse vergonha ao entregar o trabalho para a professora. Seja como for, tratamos de come\u00e7ar a tarefa, mesmo porque Alice precisaria entreg\u00e1-la no dia seguinte.<\/p>\n<p>Enquanto aquela garotinha mostrava todos seus dotes art\u00edsticos sobre a cartolina, eu me questionava sobre o tema: desmatamento. Alice, no alto da sabedoria dos seus oito anos, prop\u00f4s retratar a devasta\u00e7\u00e3o do Cerrado, cuja vegeta\u00e7\u00e3o h\u00e1 tempos \u00e9 substitu\u00edda por planta\u00e7\u00e3o de soja e pasto para o gado. Infelizmente, essa \u00e9 uma realidade que devasta o meio ambiente, e que nos atinge a todos.<\/p>\n<p>Findo o trabalho, constatei que a minha neta, mesmo que n\u00e3o venha a se tornar a nova Tarsila, passou longe dos meus tra\u00e7os disformes. Ela me agradeceu por t\u00ea-la ajudado, mas o m\u00e1ximo que fiz foi opinar em rela\u00e7\u00e3o \u00e0s cores. Em seguida, foi guardar as outras nove cartolinas, que nem foram utilizadas.<\/p>\n<p>Na manh\u00e3 seguinte, l\u00e1 estava para levar Alice para a escola. A menina carregava a cartolina aberta, o que me causou certa afli\u00e7\u00e3o.<\/p>\n<p>\u2014 Alice, n\u00e3o \u00e9 melhor enrolar a cartolina?<\/p>\n<p>\u2014 N\u00e3o, vov\u00f3.<\/p>\n<p>\u2014 Mas aberta desse jeito pode rasgar.<\/p>\n<p>\u2014 N\u00e3o, vov\u00f3. Melhor ficar aberta.<\/p>\n<p>\u2014 Mas por qu\u00ea?<\/p>\n<p>\u2014 Porque as pessoas precisam saber o que est\u00e1 acontecendo com a natureza.<\/p>\n<p>&#8230;&#8230;&#8230;&#8230;&#8230;&#8230;&#8230;&#8230;&#8230;<\/p>\n<p><strong>Eduardo Mart\u00ednez \u00e9 autor do livro 57 Contos e Cr\u00f4nicas por um Autor Muito Velho\u2019<\/strong><\/p>\n<p>Compre aqui\u00a0<span class=\"x19la9d6 x1fc57z9 x6ikm8r x10wlt62 x19co3pv x1g5zs5t xfibh0p xiy17q3 x1xsqp64 x1lkfr7t xexx8yu x4uap5 x18d9i69 xkhd6sd\"><span class=\"xrtxmta x1bhl96m\"><img decoding=\"async\" class=\"emoji\" role=\"img\" draggable=\"false\" src=\"https:\/\/s.w.org\/images\/core\/emoji\/15.0.3\/svg\/1f447-1f3ff.svg\" alt=\"&#x1f447;&#x1f3ff;\" \/><\/span><\/span><\/p>\n<p><a href=\"https:\/\/www.joanineditora.com.br\/57-contos-e-cronicas-por-um-autor-muito-velho\">https:\/\/www.joanineditora.com.br\/57-contos-e-cronicas-por-um-autor-muito-velho<\/a><\/p>\n","protected":false},"excerpt":{"rendered":"<p>Tenho consci\u00eancia de que n\u00e3o fui a melhor das m\u00e3es, mas me esfor\u00e7o para que meus netos tenham boas recorda\u00e7\u00f5es da av\u00f3. S\u00e3o cinco, entre os quais est\u00e1 a pequena Alice, de oito anos. \u2014 Vov\u00f3, preciso da sua ajuda. \u2014 O que foi, Alice? \u2014 A professora passou um trabalho, mas eu n\u00e3o sei [&hellip;]<\/p>\n","protected":false},"author":2,"featured_media":351057,"comment_status":"closed","ping_status":"closed","sticky":false,"template":"","format":"standard","meta":{"_acf_changed":false,"footnotes":""},"categories":[161],"tags":[],"class_list":["post-351056","post","type-post","status-publish","format-standard","has-post-thumbnail","hentry","category-quadradinho-em-foco"],"acf":[],"_links":{"self":[{"href":"https:\/\/www.notibras.com\/site\/wp-json\/wp\/v2\/posts\/351056","targetHints":{"allow":["GET"]}}],"collection":[{"href":"https:\/\/www.notibras.com\/site\/wp-json\/wp\/v2\/posts"}],"about":[{"href":"https:\/\/www.notibras.com\/site\/wp-json\/wp\/v2\/types\/post"}],"author":[{"embeddable":true,"href":"https:\/\/www.notibras.com\/site\/wp-json\/wp\/v2\/users\/2"}],"replies":[{"embeddable":true,"href":"https:\/\/www.notibras.com\/site\/wp-json\/wp\/v2\/comments?post=351056"}],"version-history":[{"count":2,"href":"https:\/\/www.notibras.com\/site\/wp-json\/wp\/v2\/posts\/351056\/revisions"}],"predecessor-version":[{"id":351059,"href":"https:\/\/www.notibras.com\/site\/wp-json\/wp\/v2\/posts\/351056\/revisions\/351059"}],"wp:featuredmedia":[{"embeddable":true,"href":"https:\/\/www.notibras.com\/site\/wp-json\/wp\/v2\/media\/351057"}],"wp:attachment":[{"href":"https:\/\/www.notibras.com\/site\/wp-json\/wp\/v2\/media?parent=351056"}],"wp:term":[{"taxonomy":"category","embeddable":true,"href":"https:\/\/www.notibras.com\/site\/wp-json\/wp\/v2\/categories?post=351056"},{"taxonomy":"post_tag","embeddable":true,"href":"https:\/\/www.notibras.com\/site\/wp-json\/wp\/v2\/tags?post=351056"}],"curies":[{"name":"wp","href":"https:\/\/api.w.org\/{rel}","templated":true}]}}