{"id":351079,"date":"2025-03-30T05:40:08","date_gmt":"2025-03-30T08:40:08","guid":{"rendered":"https:\/\/www.notibras.com\/site\/?p=351079"},"modified":"2025-03-30T06:06:34","modified_gmt":"2025-03-30T09:06:34","slug":"vizinho-sequestra-e-mata-menina-de-13-anos-e-e-morto-pela-pm-no-sertao","status":"publish","type":"post","link":"https:\/\/www.notibras.com\/site\/vizinho-sequestra-e-mata-menina-de-13-anos-e-e-morto-pela-pm-no-sertao\/","title":{"rendered":"Vizinho sequestra e mata menina de 13 anos, e \u00e9 morto pela PM no sert\u00e3o"},"content":{"rendered":"<p>O suspeito de sequestrar e assassinar Ingrid Vit\u00f3ria, de 13 anos, foi identificado como Jocelmo Caldas da Silva, um vizinho do pai da jovem. Ele foi morto em uma troca de tiros com a pol\u00edcia no s\u00e1bado (29), na zona rural de Santa Maria da Boa Vista, no interior de Pernambuco.<\/p>\n<p>O corpo da adolescente foi encontrado pr\u00f3ximo \u00e0 pista do distrito de Cara\u00edbas, ap\u00f3s cinco dias de buscas. Ingrid, sua m\u00e3e e seu irm\u00e3o ca\u00e7ula retornavam de Cura\u00e7\u00e1 (BA) para casa quando aceitaram uma carona com Jocelmo, algo que j\u00e1 era um h\u00e1bito da fam\u00edlia.<\/p>\n<p>De acordo com relatos, durante o trajeto, o suspeito agrediu e amarrou a m\u00e3e da jovem e levou Ingrid no porta-malas do carro.<\/p>\n<p>A fam\u00edlia da adolescente havia se mudado recentemente da Bahia para o munic\u00edpio de Floresta (PE). Ainda n\u00e3o h\u00e1 informa\u00e7\u00e3o oficial sobre a causa da morte da v\u00edtima. O corpo foi encaminhado ao Instituto de Medicina Legal (IML) de Petrolina para an\u00e1lise pericial.<\/p>\n<p>Durante as buscas, na sexta-feira (28), um helic\u00f3ptero da Secretaria de Defesa Social (SDS) caiu na regi\u00e3o de Cara\u00edbas. Felizmente, ningu\u00e9m se feriu. A causa do acidente est\u00e1 sendo investigada pelo SERIPA II, da For\u00e7a A\u00e9rea Brasileira.<\/p>\n","protected":false},"excerpt":{"rendered":"<p>O suspeito de sequestrar e assassinar Ingrid Vit\u00f3ria, de 13 anos, foi identificado como Jocelmo Caldas da Silva, um vizinho do pai da jovem. Ele foi morto em uma troca de tiros com a pol\u00edcia no s\u00e1bado (29), na zona rural de Santa Maria da Boa Vista, no interior de Pernambuco. O corpo da adolescente [&hellip;]<\/p>\n","protected":false},"author":2,"featured_media":351080,"comment_status":"closed","ping_status":"closed","sticky":false,"template":"","format":"standard","meta":{"_acf_changed":false,"footnotes":""},"categories":[165],"tags":[95],"class_list":["post-351079","post","type-post","status-publish","format-standard","has-post-thumbnail","hentry","category-nordeste","tag-capa"],"acf":[],"_links":{"self":[{"href":"https:\/\/www.notibras.com\/site\/wp-json\/wp\/v2\/posts\/351079","targetHints":{"allow":["GET"]}}],"collection":[{"href":"https:\/\/www.notibras.com\/site\/wp-json\/wp\/v2\/posts"}],"about":[{"href":"https:\/\/www.notibras.com\/site\/wp-json\/wp\/v2\/types\/post"}],"author":[{"embeddable":true,"href":"https:\/\/www.notibras.com\/site\/wp-json\/wp\/v2\/users\/2"}],"replies":[{"embeddable":true,"href":"https:\/\/www.notibras.com\/site\/wp-json\/wp\/v2\/comments?post=351079"}],"version-history":[{"count":4,"href":"https:\/\/www.notibras.com\/site\/wp-json\/wp\/v2\/posts\/351079\/revisions"}],"predecessor-version":[{"id":351087,"href":"https:\/\/www.notibras.com\/site\/wp-json\/wp\/v2\/posts\/351079\/revisions\/351087"}],"wp:featuredmedia":[{"embeddable":true,"href":"https:\/\/www.notibras.com\/site\/wp-json\/wp\/v2\/media\/351080"}],"wp:attachment":[{"href":"https:\/\/www.notibras.com\/site\/wp-json\/wp\/v2\/media?parent=351079"}],"wp:term":[{"taxonomy":"category","embeddable":true,"href":"https:\/\/www.notibras.com\/site\/wp-json\/wp\/v2\/categories?post=351079"},{"taxonomy":"post_tag","embeddable":true,"href":"https:\/\/www.notibras.com\/site\/wp-json\/wp\/v2\/tags?post=351079"}],"curies":[{"name":"wp","href":"https:\/\/api.w.org\/{rel}","templated":true}]}}