{"id":351129,"date":"2025-03-30T09:08:50","date_gmt":"2025-03-30T12:08:50","guid":{"rendered":"https:\/\/www.notibras.com\/site\/?p=351129"},"modified":"2025-03-31T07:44:49","modified_gmt":"2025-03-31T10:44:49","slug":"drama-da-prova-ciume-da-amiga-show-e-por-fim-faculdade-das-continhas","status":"publish","type":"post","link":"https:\/\/www.notibras.com\/site\/drama-da-prova-ciume-da-amiga-show-e-por-fim-faculdade-das-continhas\/","title":{"rendered":"Drama da prova, ci\u00fame da amiga, show e por fim&#8230; faculdade das continhas"},"content":{"rendered":"<p>Os que me conhecem hoje nem imaginam os perrengues que passei. Pobreza em qualquer fase da via \u00e9 algo que aflige os acometidos, mas, na adolesc\u00eancia, parece que \u00e9 uma topada do dedo mindinho em qualquer quina trai\u00e7oeira. Enquanto a dor lancinante se apodera at\u00e9 da alma, as l\u00e1grimas escorrem pelo rosto cheio de espinhas, e os inevit\u00e1veis palavr\u00f5es s\u00e3o expelidos pelos l\u00e1bios desajuizados.<\/p>\n<p>\u2014 Calma, minha filha, que a vida \u00e9 mesmo assim.<\/p>\n<p>Essa era a minha m\u00e3e me pedindo calma. Calma? Como \u00e9 que algu\u00e9m pode pedir calma quando voc\u00ea est\u00e1 prestes a tomar bomba na escola, e o cora\u00e7\u00e3o n\u00e3o para de palpitar pelo garoto mais gato da rua, justamente o namorado da sua melhor amiga? \u00c9 verdade que, apesar de atolada em problemas, havia um mais urgente: a minha banda favorita iria se apresentar naquela semana. Afinal, com que roupa eu iria ao show dos Secos &amp; Molhados?<\/p>\n<p>Enquanto tentava decifrar os enigmas da matem\u00e1tica, meu c\u00e9rebro tamb\u00e9m matutava sobre como parecer descolada diante dos meus \u00eddolos. O ideal seria uma regata branca, cal\u00e7a jeans e um All Star. Gente, quanta grana que n\u00e3o tinha naquele tempo!<\/p>\n<p>Se descobri que a raiz quadrada de 169 era 13, meu pensamento iluminou para novas ideias. Pois \u00e9, n\u00e3o tinha regata, ent\u00e3o, cortei uma camiseta branca e costurei. L\u00e1 estava a minha regata, que me pareceu quase original diante da minha miopia. Cal\u00e7a jeans, nem pensar. Era uma fortuna, e nem a completa insensatez adolescente teria a cara de pau de pedir uma para minha m\u00e3e, que ralava demais para colocar o b\u00e1sico na mesa l\u00e1 de casa.<\/p>\n<p>Por sorte de desesperada, a Joana, justamente a minha melhor amiga, que andava a tiracolo com o Henrique, o tal bonit\u00e3o da rua, me emprestou uma cal\u00e7a de brim azul. Maravilha! S\u00f3 faltava o All Star, que sabia que n\u00e3o iria rolar. J\u00e1 conformada com meu Conga, eis que vi na lixeira um par de Bamba, que era a vers\u00e3o tupiniquim do famoso t\u00eanis estadunidense.<\/p>\n<p>O show aconteceu no domingo, finalzinho de tarde, e l\u00e1 est\u00e1vamos Joana, Henrique e eu misturados \u00e0 multid\u00e3o. Inebriados pelas can\u00e7\u00f5es, por toda aquela atmosfera transgressora, dan\u00e7amos, pulamos, cantamos, gritamos. Inesquec\u00edvel, ainda mais porque foi quando rolou meu primeiro beijo na boca.<\/p>\n<p>Mas n\u00e3o pense voc\u00ea que foi com Henrique, que n\u00e3o desgrudava da minha amiga. Foi com um colega da escola, o Marcos, que nem era t\u00e3o lindo assim. Todavia, o menino era dono de l\u00e1bios carnudos, verdadeiro convite praticamente irrecus\u00e1vel. E como o danado sabia beijar! Nossa, foi por pouco que n\u00e3o ultrapassamos o limite.<\/p>\n<p>No dia seguinte, morta de cansa\u00e7o, mas satisfeita pelo ocorrido na v\u00e9spera, eu sentada na carteira mais ao fundo diante de uma quantidade infind\u00e1vel de n\u00fameros. A cabe\u00e7a, quase toda voltada para o trio mais maneiro de 1973, por milagre, conseguiu funcionar para resolver por completo a prova. De t\u00e3o inacredit\u00e1vel era a situa\u00e7\u00e3o, que Jorge, o professor, me parabenizou pelo dez.<\/p>\n<p>\u2014 Jaqueline, n\u00e3o \u00e9 que voc\u00ea conseguiu passar?<\/p>\n<p>\u2014 Que maravilha, professor!<\/p>\n<p>\u2014 Agora voc\u00ea j\u00e1 vai poder receber o presente do Papai Noel.<\/p>\n<p>H\u00e1 muito n\u00e3o acreditava em Papai Noel, mas foi bom ouvir aquilo do meu mestre. Soube recentemente que ele foi fazer companhia a Pit\u00e1goras, Gauss e outros tantos g\u00eanios das exatas. At\u00e9 hoje n\u00e3o tenho d\u00favida de que foi o professor Jorge que me levou a decidir fazer Faculdade de Matem\u00e1tica.<\/p>\n<p>&#8230;&#8230;&#8230;&#8230;&#8230;&#8230;&#8230;&#8230;..<\/p>\n<p><strong>Eduardo Mart\u00ednez \u00e9 autor do livro 57 Contos e Cr\u00f4nicas por um Autor Muito Velho\u2019<\/strong><\/p>\n<p>Compre aqui\u00a0<span class=\"x19la9d6 x1fc57z9 x6ikm8r x10wlt62 x19co3pv x1g5zs5t xfibh0p xiy17q3 x1xsqp64 x1lkfr7t xexx8yu x4uap5 x18d9i69 xkhd6sd\"><span class=\"xrtxmta x1bhl96m\"><img decoding=\"async\" class=\"emoji\" role=\"img\" draggable=\"false\" src=\"https:\/\/s.w.org\/images\/core\/emoji\/15.0.3\/svg\/1f447-1f3ff.svg\" alt=\"&#x1f447;&#x1f3ff;\" \/><\/span><\/span><\/p>\n<p><a href=\"https:\/\/www.joanineditora.com.br\/57-contos-e-cronicas-por-um-autor-muito-velho\">https:\/\/www.joanineditora.com.br\/57-contos-e-cronicas-por-um-autor-muito-velho<\/a><\/p>\n","protected":false},"excerpt":{"rendered":"<p>Os que me conhecem hoje nem imaginam os perrengues que passei. Pobreza em qualquer fase da via \u00e9 algo que aflige os acometidos, mas, na adolesc\u00eancia, parece que \u00e9 uma topada do dedo mindinho em qualquer quina trai\u00e7oeira. Enquanto a dor lancinante se apodera at\u00e9 da alma, as l\u00e1grimas escorrem pelo rosto cheio de espinhas, [&hellip;]<\/p>\n","protected":false},"author":2,"featured_media":351130,"comment_status":"closed","ping_status":"closed","sticky":false,"template":"","format":"standard","meta":{"_acf_changed":false,"footnotes":""},"categories":[161],"tags":[],"class_list":["post-351129","post","type-post","status-publish","format-standard","has-post-thumbnail","hentry","category-quadradinho-em-foco"],"acf":[],"_links":{"self":[{"href":"https:\/\/www.notibras.com\/site\/wp-json\/wp\/v2\/posts\/351129","targetHints":{"allow":["GET"]}}],"collection":[{"href":"https:\/\/www.notibras.com\/site\/wp-json\/wp\/v2\/posts"}],"about":[{"href":"https:\/\/www.notibras.com\/site\/wp-json\/wp\/v2\/types\/post"}],"author":[{"embeddable":true,"href":"https:\/\/www.notibras.com\/site\/wp-json\/wp\/v2\/users\/2"}],"replies":[{"embeddable":true,"href":"https:\/\/www.notibras.com\/site\/wp-json\/wp\/v2\/comments?post=351129"}],"version-history":[{"count":4,"href":"https:\/\/www.notibras.com\/site\/wp-json\/wp\/v2\/posts\/351129\/revisions"}],"predecessor-version":[{"id":351146,"href":"https:\/\/www.notibras.com\/site\/wp-json\/wp\/v2\/posts\/351129\/revisions\/351146"}],"wp:featuredmedia":[{"embeddable":true,"href":"https:\/\/www.notibras.com\/site\/wp-json\/wp\/v2\/media\/351130"}],"wp:attachment":[{"href":"https:\/\/www.notibras.com\/site\/wp-json\/wp\/v2\/media?parent=351129"}],"wp:term":[{"taxonomy":"category","embeddable":true,"href":"https:\/\/www.notibras.com\/site\/wp-json\/wp\/v2\/categories?post=351129"},{"taxonomy":"post_tag","embeddable":true,"href":"https:\/\/www.notibras.com\/site\/wp-json\/wp\/v2\/tags?post=351129"}],"curies":[{"name":"wp","href":"https:\/\/api.w.org\/{rel}","templated":true}]}}