{"id":351143,"date":"2025-03-30T09:35:56","date_gmt":"2025-03-30T12:35:56","guid":{"rendered":"https:\/\/www.notibras.com\/site\/?p=351143"},"modified":"2025-03-30T09:35:56","modified_gmt":"2025-03-30T12:35:56","slug":"virose-ataca-e-deixa-rede-publica-congestionada","status":"publish","type":"post","link":"https:\/\/www.notibras.com\/site\/virose-ataca-e-deixa-rede-publica-congestionada\/","title":{"rendered":"Virose ataca e deixa rede p\u00fablica congestionada"},"content":{"rendered":"<p>Nos \u00faltimos dias, a rotina dos recifenses tem sido marcada por tosses, espirros e longas filas nos postos de sa\u00fade. Uma virose, que especialistas suspeitam estar associada \u00e0s mudan\u00e7as bruscas de temperatura e \u00e0 circula\u00e7\u00e3o de novos v\u00edrus respirat\u00f3rios, tem lotado os ambulat\u00f3rios da rede p\u00fablica.<\/p>\n<p>Na Unidade de Pronto Atendimento (UPA) da Imbiribeira, Dona L\u00facia, de 58 anos, aguardava h\u00e1 quase quatro horas por atendimento. \u201cComecei com dor no corpo, febre e aquela moleza. Quando vi, meu neto tamb\u00e9m estava doente. Viemos juntos, mas t\u00e1 dif\u00edcil conseguir m\u00e9dico\u201d, desabafa.<\/p>\n<p>Os sintomas mais comuns incluem febre alta, dor de garganta, coriza e cansa\u00e7o extremo. A Secretaria de Sa\u00fade do Recife informou que est\u00e1 monitorando a situa\u00e7\u00e3o e refor\u00e7ando a distribui\u00e7\u00e3o de medicamentos, mas os profissionais de sa\u00fade alertam que os hospitais seguem sobrecarregados.<\/p>\n<p>Enquanto isso, as recomenda\u00e7\u00f5es seguem as mesmas: repouso, hidrata\u00e7\u00e3o e evitar locais fechados. No transporte p\u00fablico e nas escolas, o cen\u00e1rio se repete: crian\u00e7as e adultos tossindo sem parar, em uma esp\u00e9cie de sinfonia involunt\u00e1ria da virose que tomou conta da cidade.<\/p>\n<p>E, como j\u00e1 se tornou tradi\u00e7\u00e3o em tempos de surtos sazonais, a sabedoria popular entra em cena. No mercado de S\u00e3o Jos\u00e9, Dona Neide, vendedora de ervas medicinais, garante que um bom ch\u00e1 de gengibre com lim\u00e3o \u201ccura qualquer coisa\u201d. E, diante da espera nos ambulat\u00f3rios, muitos recifenses n\u00e3o hesitam em apostar na alternativa natural.<\/p>\n<p>Resta saber at\u00e9 quando essa onda de virose continuar\u00e1 assolando o Recife e quando os postos de sa\u00fade finalmente conseguir\u00e3o desafogar o atendimento. Enquanto isso, a cidade segue entre len\u00e7os, x\u00edcaras de ch\u00e1 e muita paci\u00eancia.<\/p>\n","protected":false},"excerpt":{"rendered":"<p>Nos \u00faltimos dias, a rotina dos recifenses tem sido marcada por tosses, espirros e longas filas nos postos de sa\u00fade. Uma virose, que especialistas suspeitam estar associada \u00e0s mudan\u00e7as bruscas de temperatura e \u00e0 circula\u00e7\u00e3o de novos v\u00edrus respirat\u00f3rios, tem lotado os ambulat\u00f3rios da rede p\u00fablica. Na Unidade de Pronto Atendimento (UPA) da Imbiribeira, Dona [&hellip;]<\/p>\n","protected":false},"author":2,"featured_media":310691,"comment_status":"closed","ping_status":"closed","sticky":false,"template":"","format":"standard","meta":{"_acf_changed":false,"footnotes":""},"categories":[165],"tags":[],"class_list":["post-351143","post","type-post","status-publish","format-standard","has-post-thumbnail","hentry","category-nordeste"],"acf":[],"_links":{"self":[{"href":"https:\/\/www.notibras.com\/site\/wp-json\/wp\/v2\/posts\/351143","targetHints":{"allow":["GET"]}}],"collection":[{"href":"https:\/\/www.notibras.com\/site\/wp-json\/wp\/v2\/posts"}],"about":[{"href":"https:\/\/www.notibras.com\/site\/wp-json\/wp\/v2\/types\/post"}],"author":[{"embeddable":true,"href":"https:\/\/www.notibras.com\/site\/wp-json\/wp\/v2\/users\/2"}],"replies":[{"embeddable":true,"href":"https:\/\/www.notibras.com\/site\/wp-json\/wp\/v2\/comments?post=351143"}],"version-history":[{"count":1,"href":"https:\/\/www.notibras.com\/site\/wp-json\/wp\/v2\/posts\/351143\/revisions"}],"predecessor-version":[{"id":351144,"href":"https:\/\/www.notibras.com\/site\/wp-json\/wp\/v2\/posts\/351143\/revisions\/351144"}],"wp:featuredmedia":[{"embeddable":true,"href":"https:\/\/www.notibras.com\/site\/wp-json\/wp\/v2\/media\/310691"}],"wp:attachment":[{"href":"https:\/\/www.notibras.com\/site\/wp-json\/wp\/v2\/media?parent=351143"}],"wp:term":[{"taxonomy":"category","embeddable":true,"href":"https:\/\/www.notibras.com\/site\/wp-json\/wp\/v2\/categories?post=351143"},{"taxonomy":"post_tag","embeddable":true,"href":"https:\/\/www.notibras.com\/site\/wp-json\/wp\/v2\/tags?post=351143"}],"curies":[{"name":"wp","href":"https:\/\/api.w.org\/{rel}","templated":true}]}}