{"id":351198,"date":"2025-04-01T01:02:34","date_gmt":"2025-04-01T04:02:34","guid":{"rendered":"https:\/\/www.notibras.com\/site\/?p=351198"},"modified":"2025-03-31T22:03:32","modified_gmt":"2025-04-01T01:03:32","slug":"de-urupema-para-brasilia-geraldo-agora-projeta-morar-na-linha-do-equador","status":"publish","type":"post","link":"https:\/\/www.notibras.com\/site\/de-urupema-para-brasilia-geraldo-agora-projeta-morar-na-linha-do-equador\/","title":{"rendered":"De Urupema para Bras\u00edlia, Geraldo agora projeta morar na Linha do Equador"},"content":{"rendered":"<p>Geraldo, como todos os outros viventes, tinha afei\u00e7\u00e3o por certas coisas, avers\u00e3o por outras. No entanto, o sujeito n\u00e3o suportava frio. Isso mesmo! O frio era algo que o deixava de humor pra l\u00e1 de azedo, como se tivesse passado a madrugada dentro de um liquidificador e, assim que os primeiros raios solares desabrochassem, precisasse ir trabalhar.<\/p>\n<p>Problema maior era que o azarado havia nascido em Urupema, cidade catarinense afamada por ser a mais g\u00e9lida do pa\u00eds. E, para piorar a situa\u00e7\u00e3o, a fam\u00edlia era desprovida de recursos suficientes para bancar um aquecedor. No m\u00e1ximo, dava para colocar algumas lascas de madeira na bacia de ferro. Quando o inverno apertava, a parentada se espremia em volta da bacia antes que algu\u00e9m congelasse.<\/p>\n<p>Adolescente, jurou que um dia sairia daquele congelador e moraria nos tr\u00f3picos. Nunca mais sentiria frio na vida. A promessa n\u00e3o se cumpriu, apesar da mudan\u00e7a para um local de clima mais quente, mesmo que seco que nem o Saara.<\/p>\n<p>Agora homem, Geraldo passou em um concurso p\u00fablico e veio morar em Bras\u00edlia. O sal\u00e1rio era suficiente para pensar at\u00e9 em casamento, a despeito do elevado custo de vida na capital. N\u00e3o chegou a casar, pois a mulher por quem se apaixonou estava de olho em outro. Seja como for, Geraldo acabou se engra\u00e7ando para cima da Maria da Gra\u00e7a, a Gracinha, colega de trabalho.<\/p>\n<p>De namoro firme, o gajo se sentiu preparado para enfrentar os invernos em Bras\u00edlia, que, afinal, n\u00e3o s\u00e3o t\u00e3o inocentes como algum desavisado possa imaginar. \u00c9 verdade que nada parecido com os de Urupema, mas longe do que Geraldo supunha. Tanto \u00e9 que, durante um churrasco na casa de um amigo, eis que aconteceu o seguinte interl\u00fadio.<\/p>\n<p>\u2014 E a\u00ed, Geraldo, gostando de Bras\u00edlia?<\/p>\n<p>\u2014 Odiando!<\/p>\n<p>\u2014 Ah, aposto que est\u00e1 sentindo falta do frio da sua cidade.<\/p>\n<p>\u2014 Quem gosta de frio \u00e9 picol\u00e9 e pinguim, Pedro.<\/p>\n<p>\u2014 Hum! Mas aqui \u00e9 mais quente do que a sua terra, n\u00e9?<\/p>\n<p>\u2014 Isso n\u00e3o posso negar, mas o meu sonho \u00e9 outro.<\/p>\n<p>\u2014 E qual seria, Geraldo?<\/p>\n<p>\u2014 Quero construir uma casa na Linha do Equador. Metade numa banda, metade na outra e o quarto no meio.<\/p>\n<p>&#8230;&#8230;&#8230;&#8230;&#8230;&#8230;<\/p>\n<p><strong>Eduardo Mart\u00ednez \u00e9 autor do livro 57 Contos e Cr\u00f4nicas por um Autor Muito Velho\u2019<\/strong><\/p>\n<p>Compre aqui\u00a0<span class=\"x19la9d6 x1fc57z9 x6ikm8r x10wlt62 x19co3pv x1g5zs5t xfibh0p xiy17q3 x1xsqp64 x1lkfr7t xexx8yu x4uap5 x18d9i69 xkhd6sd\"><span class=\"xrtxmta x1bhl96m\"><img decoding=\"async\" class=\"emoji\" role=\"img\" draggable=\"false\" src=\"https:\/\/s.w.org\/images\/core\/emoji\/15.0.3\/svg\/1f447-1f3ff.svg\" alt=\"&#x1f447;&#x1f3ff;\" \/><\/span><\/span><\/p>\n<p><a href=\"https:\/\/www.joanineditora.com.br\/57-contos-e-cronicas-por-um-autor-muito-velho\">https:\/\/www.joanineditora.com.br\/57-contos-e-cronicas-por-um-autor-muito-velho<\/a><\/p>\n","protected":false},"excerpt":{"rendered":"<p>Geraldo, como todos os outros viventes, tinha afei\u00e7\u00e3o por certas coisas, avers\u00e3o por outras. No entanto, o sujeito n\u00e3o suportava frio. Isso mesmo! O frio era algo que o deixava de humor pra l\u00e1 de azedo, como se tivesse passado a madrugada dentro de um liquidificador e, assim que os primeiros raios solares desabrochassem, precisasse [&hellip;]<\/p>\n","protected":false},"author":2,"featured_media":351199,"comment_status":"closed","ping_status":"closed","sticky":false,"template":"","format":"standard","meta":{"_acf_changed":false,"footnotes":""},"categories":[161],"tags":[],"class_list":["post-351198","post","type-post","status-publish","format-standard","has-post-thumbnail","hentry","category-quadradinho-em-foco"],"acf":[],"_links":{"self":[{"href":"https:\/\/www.notibras.com\/site\/wp-json\/wp\/v2\/posts\/351198","targetHints":{"allow":["GET"]}}],"collection":[{"href":"https:\/\/www.notibras.com\/site\/wp-json\/wp\/v2\/posts"}],"about":[{"href":"https:\/\/www.notibras.com\/site\/wp-json\/wp\/v2\/types\/post"}],"author":[{"embeddable":true,"href":"https:\/\/www.notibras.com\/site\/wp-json\/wp\/v2\/users\/2"}],"replies":[{"embeddable":true,"href":"https:\/\/www.notibras.com\/site\/wp-json\/wp\/v2\/comments?post=351198"}],"version-history":[{"count":1,"href":"https:\/\/www.notibras.com\/site\/wp-json\/wp\/v2\/posts\/351198\/revisions"}],"predecessor-version":[{"id":351200,"href":"https:\/\/www.notibras.com\/site\/wp-json\/wp\/v2\/posts\/351198\/revisions\/351200"}],"wp:featuredmedia":[{"embeddable":true,"href":"https:\/\/www.notibras.com\/site\/wp-json\/wp\/v2\/media\/351199"}],"wp:attachment":[{"href":"https:\/\/www.notibras.com\/site\/wp-json\/wp\/v2\/media?parent=351198"}],"wp:term":[{"taxonomy":"category","embeddable":true,"href":"https:\/\/www.notibras.com\/site\/wp-json\/wp\/v2\/categories?post=351198"},{"taxonomy":"post_tag","embeddable":true,"href":"https:\/\/www.notibras.com\/site\/wp-json\/wp\/v2\/tags?post=351198"}],"curies":[{"name":"wp","href":"https:\/\/api.w.org\/{rel}","templated":true}]}}