{"id":351210,"date":"2025-04-01T00:00:34","date_gmt":"2025-04-01T03:00:34","guid":{"rendered":"https:\/\/www.notibras.com\/site\/?p=351210"},"modified":"2025-04-01T07:11:34","modified_gmt":"2025-04-01T10:11:34","slug":"abril-comeca-com-593-vagas-de-emprego-nas-agencias-do-trabalhador","status":"publish","type":"post","link":"https:\/\/www.notibras.com\/site\/abril-comeca-com-593-vagas-de-emprego-nas-agencias-do-trabalhador\/","title":{"rendered":"Abril come\u00e7a com 593 vagas de emprego nas ag\u00eancias do trabalhador"},"content":{"rendered":"<p>As ag\u00eancias do trabalhador do Distrito Federal est\u00e3o com 593 oportunidades de emprego dispon\u00edveis nesta ter\u00e7a-feira (1\u00ba). Do total, 12 vagas s\u00e3o exclusivas para pessoas com defici\u00eancia (PcD): dez para auxiliar de lavanderia em Santa Maria, uma para auxiliar de limpeza e uma para auxiliar de linha de produ\u00e7\u00e3o em Taguatinga. Os sal\u00e1rios variam de R$ 1.518 a R$ 1.641,20; n\u00e3o \u00e9 necess\u00e1rio ter experi\u00eancia, mas h\u00e1 cobran\u00e7a de escolaridade.<\/p>\n<p>Para participar dos processos seletivos, basta cadastrar o curr\u00edculo no aplicativo da Carteira de Trabalho Digital (CTPS) ou ir a uma das 14 ag\u00eancias do trabalhador, das 8h \u00e0s 17h, durante a semana<\/p>\n<p>Para o p\u00fablico geral, os maiores sal\u00e1rios s\u00e3o encontrados em dois postos para gerente de vendas e em um para supervisor de vendas, com remunera\u00e7\u00e3o de R$ 5 mil e R$ 4,5 mil, respectivamente. Ambas as fun\u00e7\u00f5es n\u00e3o t\u00eam local fixo de atua\u00e7\u00e3o. Tamb\u00e9m destacam-se os sal\u00e1rios ofertados em cinco vagas para consultor de vendas, tr\u00eas para nutricionista e um para t\u00e9cnico mec\u00e2nico de ar-condicionado, que vai de R$ 3 mil a R$ 4 mil.<\/p>\n<p>Para participar dos processos seletivos, basta cadastrar o curr\u00edculo no aplicativo da Carteira de Trabalho Digital (CTPS) ou ir a uma das 14 ag\u00eancias do trabalhador, das 8h \u00e0s 17h, durante a semana. Mesmo que nenhuma das oportunidades do dia seja atraente ao candidato, o cadastro vale para oportunidades futuras, j\u00e1 que o sistema cruza dados dos concorrentes com o perfil que as empresas procuram.<\/p>\n<p>Empregadores e empreendedores que desejem ofertar vagas ou utilizar o espa\u00e7o das ag\u00eancias do trabalhador para as entrevistas podem se cadastrar pessoalmente nas unidades ou pelo e-mail gcv@sedet.df.gov.br. Pode ser utilizado, ainda, o Canal do Empregador, no site da Secretaria de Desenvolvimento Econ\u00f4mico, Trabalho e Renda (Sedet).<\/p>\n","protected":false},"excerpt":{"rendered":"<p>As ag\u00eancias do trabalhador do Distrito Federal est\u00e3o com 593 oportunidades de emprego dispon\u00edveis nesta ter\u00e7a-feira (1\u00ba). Do total, 12 vagas s\u00e3o exclusivas para pessoas com defici\u00eancia (PcD): dez para auxiliar de lavanderia em Santa Maria, uma para auxiliar de limpeza e uma para auxiliar de linha de produ\u00e7\u00e3o em Taguatinga. Os sal\u00e1rios variam de [&hellip;]<\/p>\n","protected":false},"author":2,"featured_media":328959,"comment_status":"closed","ping_status":"closed","sticky":false,"template":"","format":"standard","meta":{"_acf_changed":false,"footnotes":""},"categories":[161],"tags":[],"class_list":["post-351210","post","type-post","status-publish","format-standard","has-post-thumbnail","hentry","category-quadradinho-em-foco"],"acf":[],"_links":{"self":[{"href":"https:\/\/www.notibras.com\/site\/wp-json\/wp\/v2\/posts\/351210","targetHints":{"allow":["GET"]}}],"collection":[{"href":"https:\/\/www.notibras.com\/site\/wp-json\/wp\/v2\/posts"}],"about":[{"href":"https:\/\/www.notibras.com\/site\/wp-json\/wp\/v2\/types\/post"}],"author":[{"embeddable":true,"href":"https:\/\/www.notibras.com\/site\/wp-json\/wp\/v2\/users\/2"}],"replies":[{"embeddable":true,"href":"https:\/\/www.notibras.com\/site\/wp-json\/wp\/v2\/comments?post=351210"}],"version-history":[{"count":1,"href":"https:\/\/www.notibras.com\/site\/wp-json\/wp\/v2\/posts\/351210\/revisions"}],"predecessor-version":[{"id":351212,"href":"https:\/\/www.notibras.com\/site\/wp-json\/wp\/v2\/posts\/351210\/revisions\/351212"}],"wp:featuredmedia":[{"embeddable":true,"href":"https:\/\/www.notibras.com\/site\/wp-json\/wp\/v2\/media\/328959"}],"wp:attachment":[{"href":"https:\/\/www.notibras.com\/site\/wp-json\/wp\/v2\/media?parent=351210"}],"wp:term":[{"taxonomy":"category","embeddable":true,"href":"https:\/\/www.notibras.com\/site\/wp-json\/wp\/v2\/categories?post=351210"},{"taxonomy":"post_tag","embeddable":true,"href":"https:\/\/www.notibras.com\/site\/wp-json\/wp\/v2\/tags?post=351210"}],"curies":[{"name":"wp","href":"https:\/\/api.w.org\/{rel}","templated":true}]}}