{"id":351213,"date":"2025-04-01T00:00:46","date_gmt":"2025-04-01T03:00:46","guid":{"rendered":"https:\/\/www.notibras.com\/site\/?p=351213"},"modified":"2025-04-01T07:17:18","modified_gmt":"2025-04-01T10:17:18","slug":"mutirao-de-limpeza-recolhe-quase-2-toneladas-de-entulho-em-tres-regioes","status":"publish","type":"post","link":"https:\/\/www.notibras.com\/site\/mutirao-de-limpeza-recolhe-quase-2-toneladas-de-entulho-em-tres-regioes\/","title":{"rendered":"Mutir\u00e3o de limpeza recolhe quase 2 toneladas de entulho em tr\u00eas regi\u00f5es"},"content":{"rendered":"<p>O mutir\u00e3o do Servi\u00e7o de Limpeza Urbana (SLU) em parceria com as administra\u00e7\u00f5es regionais chegou, na \u00faltima semana, ao Varj\u00e3o, N\u00facleo Bandeirante e Sol Nascente\/P\u00f4r do Sol, intensificando as a\u00e7\u00f5es de remo\u00e7\u00e3o de entulhos e res\u00edduos descartados irregularmente. A iniciativa faz parte de um esfor\u00e7o cont\u00ednuo para garantir a limpeza urbana e combater focos do mosquito da dengue. Ao todo, foram recolhidas 1.867,5 toneladas de lixo.<\/p>\n<p>O mutir\u00e3o do SLU, em parceria com as administra\u00e7\u00f5es regionais, passou por tr\u00eas regi\u00f5es administrativas na \u00faltima semana: Varj\u00e3o, N\u00facleo Bandeirante e Sol Nascente\/P\u00f4r do Sol | Fotos: Divulga\u00e7\u00e3o\/GDF Presente<\/p>\n<p>No N\u00facleo Bandeirante, onde a a\u00e7\u00e3o ocorreu de quinta-feira (27) a s\u00e1bado (29), foram recolhidas 322,5 toneladas de entulho. A equipe, composta por 33 trabalhadores, teve apoio de 13 caminh\u00f5es. \u201cO mutir\u00e3o de limpeza do SLU \u00e9 uma a\u00e7\u00e3o muito importante que traz resultados significativos para a cidade. Estamos muito felizes com o trabalho executado pela autarquia e esperamos contar com eles mais vezes aqui\u201d, destacou o administrador regional, Jos\u00e9 de Assis Silva.<\/p>\n<p>No Sol Nascente\/P\u00f4r do Sol, o mutir\u00e3o tamb\u00e9m foi executado de quinta a s\u00e1bado. O trabalho contou com 21 caminh\u00f5es e 42 pessoas, que recolheram 1.494 toneladas de res\u00edduos ao longo dos tr\u00eas dias.<\/p>\n<p>J\u00e1 no Varj\u00e3o, foram dois dias de trabalho, quinta e sexta-feira, que resultaram no recolhimento de 51 toneladas de res\u00edduos. Oito caminh\u00f5es e 23 trabalhadores estiveram nas ruas. \u201cO principal objetivo do mutir\u00e3o do SLU com as RAs \u00e9 eliminar potenciais criadouros do mosquito da dengue, combatendo o descarte irregular de res\u00edduos. \u00c9 preciso ressaltar que a popula\u00e7\u00e3o \u00e9 a nossa principal aliada, por isso pedimos que ajudem a manter a limpeza, pois o investimento \u00e9 alto para combater esses pontos de descarte irregular\u201d, refor\u00e7ou o administrador regional da cidade, Daniel Crepaldi.<\/p>\n<p>Desde janeiro, j\u00e1 foram feitas oito edi\u00e7\u00f5es do mutir\u00e3o, abrangendo 19 regi\u00f5es administrativas e resultando na coleta de aproximadamente 15,6 mil toneladas de entulhos. Al\u00e9m da limpeza, equipes de mobiliza\u00e7\u00e3o ambiental orientam os moradores sobre o descarte correto de res\u00edduos, os hor\u00e1rios da coleta na regi\u00e3o e o uso dos papa-lixos e papa-entulhos.<\/p>\n<p>\u201cO SLU presta o servi\u00e7o de recolhimento de entulhos todos os dias, mas reservamos tr\u00eas dias por semana para intensificar com os mutir\u00f5es em tr\u00eas regi\u00f5es simultaneamente. Estamos fazendo nossa parte e contamos com o apoio de todos nesse desafio de manter a cidade limpa. Utilizem os papa-entulhos e baixem o aplicativo SLU Coleta DF para obter orienta\u00e7\u00f5es importantes sobre descarte correto\u201d, ressaltou o diretor-presidente do SLU, Luiz Felipe Carvalho.<\/p>\n<p>Os papa-entulhos s\u00e3o os espa\u00e7os adequados para descarte de itens volumosos, como restos de obra, m\u00f3veis velhos e restos de poda. H\u00e1 23 desses equipamentos espalhados pelo Distrito Federal, al\u00e9m de 625 papa-lixos \u2014 para res\u00edduos menores \u2014 e papeleiras, que s\u00e3o as lixeiras convencionais. O descarte irregular \u00e9 crime ambiental que pode render multa de R$ 2,7 mil a R$ 27 mil.<\/p>\n<p>&nbsp;<\/p>\n","protected":false},"excerpt":{"rendered":"<p>O mutir\u00e3o do Servi\u00e7o de Limpeza Urbana (SLU) em parceria com as administra\u00e7\u00f5es regionais chegou, na \u00faltima semana, ao Varj\u00e3o, N\u00facleo Bandeirante e Sol Nascente\/P\u00f4r do Sol, intensificando as a\u00e7\u00f5es de remo\u00e7\u00e3o de entulhos e res\u00edduos descartados irregularmente. A iniciativa faz parte de um esfor\u00e7o cont\u00ednuo para garantir a limpeza urbana e combater focos do [&hellip;]<\/p>\n","protected":false},"author":2,"featured_media":351214,"comment_status":"closed","ping_status":"closed","sticky":false,"template":"","format":"standard","meta":{"_acf_changed":false,"footnotes":""},"categories":[161],"tags":[],"class_list":["post-351213","post","type-post","status-publish","format-standard","has-post-thumbnail","hentry","category-quadradinho-em-foco"],"acf":[],"_links":{"self":[{"href":"https:\/\/www.notibras.com\/site\/wp-json\/wp\/v2\/posts\/351213","targetHints":{"allow":["GET"]}}],"collection":[{"href":"https:\/\/www.notibras.com\/site\/wp-json\/wp\/v2\/posts"}],"about":[{"href":"https:\/\/www.notibras.com\/site\/wp-json\/wp\/v2\/types\/post"}],"author":[{"embeddable":true,"href":"https:\/\/www.notibras.com\/site\/wp-json\/wp\/v2\/users\/2"}],"replies":[{"embeddable":true,"href":"https:\/\/www.notibras.com\/site\/wp-json\/wp\/v2\/comments?post=351213"}],"version-history":[{"count":1,"href":"https:\/\/www.notibras.com\/site\/wp-json\/wp\/v2\/posts\/351213\/revisions"}],"predecessor-version":[{"id":351215,"href":"https:\/\/www.notibras.com\/site\/wp-json\/wp\/v2\/posts\/351213\/revisions\/351215"}],"wp:featuredmedia":[{"embeddable":true,"href":"https:\/\/www.notibras.com\/site\/wp-json\/wp\/v2\/media\/351214"}],"wp:attachment":[{"href":"https:\/\/www.notibras.com\/site\/wp-json\/wp\/v2\/media?parent=351213"}],"wp:term":[{"taxonomy":"category","embeddable":true,"href":"https:\/\/www.notibras.com\/site\/wp-json\/wp\/v2\/categories?post=351213"},{"taxonomy":"post_tag","embeddable":true,"href":"https:\/\/www.notibras.com\/site\/wp-json\/wp\/v2\/tags?post=351213"}],"curies":[{"name":"wp","href":"https:\/\/api.w.org\/{rel}","templated":true}]}}